{"id":83921,"date":"2024-08-31T08:42:48","date_gmt":"2024-08-31T13:42:48","guid":{"rendered":"https:\/\/losperiodistas.com.mx\/portal\/?p=83921"},"modified":"2024-08-31T08:42:51","modified_gmt":"2024-08-31T13:42:51","slug":"hambre-depresion-y-violencia-sexual-sin-precedentes-en-sudan-darfur-se-convierte-en-el-infierno-de-las-mujeres-enclave-ods","status":"publish","type":"post","link":"https:\/\/losperiodistas.com.mx\/portal\/hambre-depresion-y-violencia-sexual-sin-precedentes-en-sudan-darfur-se-convierte-en-el-infierno-de-las-mujeres-enclave-ods\/","title":{"rendered":"Hambre, depresi\u00f3n y violencia sexual \u00absin precedentes\u00bb en Sud\u00e1n: Darfur se convierte en el infierno de las mujeres | Enclave ODS"},"content":{"rendered":"\n<h2 class=\"wp-block-heading\">La crisis humanitaria que vive el pa\u00eds africano muestra la \u00abcara oculta\u00bb de la hambruna, que se traduce en violaciones y matrimonio infantil.<\/h2>\n\n\n\n<figure class=\"wp-block-image size-large\"><img fetchpriority=\"high\" decoding=\"async\" width=\"1024\" height=\"576\" src=\"https:\/\/losperiodistas.com.mx\/portal\/wp-content\/uploads\/2024\/08\/881672373_248763995_1706x960-1024x576.jpeg\" alt=\"\" class=\"wp-image-83922\" srcset=\"https:\/\/losperiodistas.com.mx\/portal\/wp-content\/uploads\/2024\/08\/881672373_248763995_1706x960-1024x576.jpeg 1024w, https:\/\/losperiodistas.com.mx\/portal\/wp-content\/uploads\/2024\/08\/881672373_248763995_1706x960-300x169.jpeg 300w, https:\/\/losperiodistas.com.mx\/portal\/wp-content\/uploads\/2024\/08\/881672373_248763995_1706x960-768x432.jpeg 768w, https:\/\/losperiodistas.com.mx\/portal\/wp-content\/uploads\/2024\/08\/881672373_248763995_1706x960-1536x864.jpeg 1536w, https:\/\/losperiodistas.com.mx\/portal\/wp-content\/uploads\/2024\/08\/881672373_248763995_1706x960.jpeg 1706w\" sizes=\"(max-width: 1024px) 100vw, 1024px\" \/><figcaption>Centro de Tr\u00e1nsito de Renk en la frontera entre los dos Sud\u00e1n.\u00a0World Vision<\/figcaption><\/figure>\n\n\n\n<p class=\"has-vivid-red-color has-text-color has-medium-font-size\"><strong>Raquel Nogueira \/ Enclave ODS<\/strong><\/p>\n\n\n\n<p id=\"paragraph_1\">El colapso de una presa el pasado 25 de agosto fue la guinda perfecta para coronar la compleja situaci\u00f3n en la que vive Sud\u00e1n y, sobre todo, sus habitantes.&nbsp;<strong>Hace ya 502 d\u00edas en los que la guerra campa a sus anchas<\/strong>&nbsp;por uno de los pa\u00edses m\u00e1s castigados del continente africano. Y lo hace mientras \u00ab<strong>la&nbsp;<a href=\"https:\/\/www.elespanol.com\/enclave-ods\/historias\/20221230\/grandes-crisis-humanitarias-persistiran\/729427187_0.html\">respuesta humanitaria falla<\/a>&nbsp;estrepitosamente al tiempo que aumentan las necesidades m\u00e9dicas\u00bb<\/strong>, dicen desde M\u00e9dicos Sin Fronteras (MSF).&nbsp;<\/p>\n\n\n\n<p id=\"paragraph_2\">El conflicto de Sud\u00e1n se trata, como explica a ENCLAVE ODS | EL ESPA\u00d1OL&nbsp;<strong>Elo\u00edsa Molina, directora de Comunicaci\u00f3n de World Vision<\/strong>, de una verdadera cat\u00e1strofe que, adem\u00e1s, sufre de una&nbsp;<strong>\u00abinfrafinanciaci\u00f3n absoluta\u00bb.<\/strong>&nbsp;Especialmente, matiza, si se compara con otras emergencias en las que s\u00ed se han puesto sobre la mesa recursos.&nbsp;<\/p>\n\n\n\n<p id=\"paragraph_3\">De ah\u00ed que el pa\u00eds centroafricano haya llegado a un punto de la guerra en el que, lamenta Molina,\u00a0<strong>\u00abes m\u00e1s probable que mueras de hambre que por la violencia\u00bb<\/strong>. Y eso que esta es devastadora. E insiste en que, ante nuestros propios ojos impasibles, se est\u00e1 produciendo \u00abuna crisis sin precedentes a nivel mundial\u00bb.<\/p>\n\n\n\n<p id=\"paragraph_3\"><a href=\"https:\/\/www.elespanol.com\/enclave-ods\/historias\/20240726\/eterno-drama-sudan-conflicto-no-cesa-ninos-mueren-hambre\/871663165_0.html\">[El eterno drama de Sud\u00e1n: el conflicto no cesa mientras los ni\u00f1os mueren de hambre]<\/a><\/p>\n\n\n\n<p id=\"paragraph_4\">Y como sucede en todas las emergencias,<strong>&nbsp;la infancia est\u00e1 siendo la m\u00e1s afectada<\/strong>. En 2022, seg\u00fan el Banco Mundial, en Sud\u00e1n viv\u00edan casi 47 millones de personas. Las cifras de UNICEF sit\u00faan su poblaci\u00f3n en poco m\u00e1s de 41 millones.<\/p>\n\n\n\n<p id=\"paragraph_5\">Se trata del tercer pa\u00eds africano m\u00e1s grande, en el que alrededor de 21 millones de personas \u2014<strong>m\u00e1s de la mitad de los habitantes<\/strong>\u2014<strong>&nbsp;son menores<\/strong>. 6,5 millones, adem\u00e1s, son ni\u00f1os de menos de 5 a\u00f1os.&nbsp;No es de extra\u00f1ar, por tanto, que los m\u00e1s peque\u00f1os sean los m\u00e1s afectados por esta crisis.<\/p>\n\n\n\n<h3 class=\"wp-block-heading\">Sud\u00e1n, en un vistazo<\/h3>\n\n\n\n<p>Seg\u00fan los datos m\u00e1s actualizados de la Oficina de Naciones Unidas para la Coordinaci\u00f3n de Asuntos Humanitarios (OCHA), que datan de principios de agosto, en Sud\u00e1n:<\/p>\n\n\n\n<p><strong>25,6 millones de personas pasan hambre.<\/strong>&nbsp;M\u00e1s de la mitad de la poblaci\u00f3n del pa\u00eds no puede cubrir sus necesidades b\u00e1sicas nutricionales. Esta cifra incluye a las 755.000 personas que ya sufren hambruna severa.&nbsp;<\/p>\n\n\n\n<p><strong>24,8 millones&nbsp;<\/strong>de personas necesitan asistencia en Sud\u00e1n. Solo 7,9 millones<\/p>\n\n\n\n<p><strong>10,7 millones de desplazados internos<\/strong>. Es decir, m\u00e1s de 500 d\u00edas de guerra ha provocado que m\u00e1s de 2,1 millones de familias hayan huido de sus hogares.<\/p>\n\n\n\n<p><strong>7,9 millones de desplazados desde abril.<\/strong>&nbsp;En concreto, desde el 15 de abril este n\u00famero de personas han tenido que abandonar sus casas.&nbsp;<\/p>\n\n\n\n<p><strong>2,1 millones de personas han salido del pa\u00eds<\/strong>&nbsp;desde el 15 abril.<\/p>\n\n\n\n<h3 class=\"wp-block-heading\">Hambruna sin precedentes<\/h3>\n\n\n\n<p id=\"paragraph_6\">Esta crisis humanitaria, cuenta&nbsp;John Makoni, director de World Vision en Sud\u00e1n,&nbsp;<strong>\u00abes ya la peor hambruna de la historia en el pa\u00eds africano<\/strong>\u00ab. UNICEF espera que la desnutrici\u00f3n aguda golpee a la infancia en los pr\u00f3ximos meses y llegue a afectar a m\u00e1s de 700.000 menores.&nbsp;&nbsp;<\/p>\n\n\n\n<p id=\"paragraph_7\">\u00abHoy<strong>\u00a0los ni\u00f1os mueren de desnutrici\u00f3n en todo Sud\u00e1n<\/strong>\u00ab, lamenta\u00a0Tuna Turkmen, coordinadora de emergencias de MSF en Darfur. La regi\u00f3n en la que ella se encuentra est\u00e1 siendo una de las zonas del conflicto m\u00e1s devastadas. Y es que, cuenta, \u00abla ayuda que necesitan con m\u00e1s urgencia apenas llega y, cuando lo hace, a menudo est\u00e1 bloqueada\u00bb.<\/p>\n\n\n\n<p id=\"paragraph_7\"><\/p>\n\n\n\n<figure class=\"wp-block-image size-large\"><img decoding=\"async\" width=\"1024\" height=\"576\" src=\"https:\/\/losperiodistas.com.mx\/portal\/wp-content\/uploads\/2024\/08\/881422251_248733035_1706x960-1024x576.webp\" alt=\"\" class=\"wp-image-83923\" srcset=\"https:\/\/losperiodistas.com.mx\/portal\/wp-content\/uploads\/2024\/08\/881422251_248733035_1706x960-1024x576.webp 1024w, https:\/\/losperiodistas.com.mx\/portal\/wp-content\/uploads\/2024\/08\/881422251_248733035_1706x960-300x169.webp 300w, https:\/\/losperiodistas.com.mx\/portal\/wp-content\/uploads\/2024\/08\/881422251_248733035_1706x960-768x432.webp 768w, https:\/\/losperiodistas.com.mx\/portal\/wp-content\/uploads\/2024\/08\/881422251_248733035_1706x960-1536x864.webp 1536w, https:\/\/losperiodistas.com.mx\/portal\/wp-content\/uploads\/2024\/08\/881422251_248733035_1706x960.webp 1706w\" sizes=\"(max-width: 1024px) 100vw, 1024px\" \/><figcaption>Una mujer sudanesa que vive en el campo de refugiados de M\u00e9dicos Sin Fronteras.\u00a0Faiz Abubakr\u00a0MSF<\/figcaption><\/figure>\n\n\n\n<p><\/p>\n\n\n\n<p id=\"paragraph_8\">Darfur parte, adem\u00e1s, de una situaci\u00f3n precaria, como todo el pa\u00eds. Entre 1984 y 1985, en esta regi\u00f3n m\u00e1s de 150.00 personas murieron de inanici\u00f3n. En el informe<strong><em>&nbsp;<a href=\"https:\/\/www.elespanol.com\/mundo\/africa\/20230707\/conflicto-sudan-enquista-ejercito-far-mantienen-posiciones-jartum-meses-despues\/777172665_0.html\">Sin precedentes: la crisis para los ni\u00f1os y las familias en Sud\u00e1n<\/a><\/em><\/strong>, publicado esta misma semana, World Vision alerta de que hoy la realidad de la zona es a\u00fan peor. Y es que estiman que m\u00e1s de 755.000 personas ya est\u00e1n en peligro por la hambruna.&nbsp;<\/p>\n\n\n\n<h3 class=\"wp-block-heading\">El infierno de las sudanesas<\/h3>\n\n\n\n<p id=\"paragraph_9\">La crisis humanitaria en Sud\u00e1n, cuenta Molina, muestra<strong>\u00a0la \u00abcara oculta del hambre\u00bb<\/strong>, que no solo se traduce en no poder llevarse nada que comer a la boca. Hace referencia, as\u00ed, a la violencia sexual, que se ha convertido en una consecuencia de los niveles de hambruna del pa\u00eds.\u00a0<\/p>\n\n\n\n<p id=\"paragraph_9\"><a href=\"https:\/\/www.elespanol.com\/mundo\/africa\/20230707\/conflicto-sudan-enquista-ejercito-far-mantienen-posiciones-jartum-meses-despues\/777172665_0.html\">[El conflicto en Sud\u00e1n se enquista: el Ej\u00e9rcito y las FAR mantienen posiciones en Jartum 3 meses despu\u00e9s]<\/a><\/p>\n\n\n\n<p id=\"paragraph_10\">El Fondo de Poblaci\u00f3n de Naciones Unidas (UNFPA) estima que<strong>&nbsp;6,7 millones de personas corren actualmente el riesgo de sufrir violencia de g\u00e9nero en Sud\u00e1n<\/strong>. Las mujeres y ni\u00f1as desplazadas son las m\u00e1s vulnerables. El \u00faltimo informe de World Vision asegura que han atendido a supervivientes que no superan los 9 a\u00f1os.<\/p>\n\n\n\n<p id=\"paragraph_11\">Molina lamenta que, una vez m\u00e1s, en este conflicto se est\u00e9 \u00abusando la\u00a0<strong>violencia sexual como arma de guerra<\/strong>\u00bb y que, adem\u00e1s, se haga casi con el benepl\u00e1cito de una comunidad internacional que mira hacia otro lado. \u00abCalculamos que<strong>\u00a0m\u00e1s del 65% de las sudanesas pueden haber vivido alg\u00fan tipo de violencia sexual en este conflicto<\/strong>\u00ab, asegura Molina. Aunque matiza que hay zonas, como Darfur, que est\u00e1n fuera de su alcance y no saben hasta qu\u00e9 punto habr\u00e1 llegado el horror all\u00ed.\u00a0<\/p>\n\n\n\n<figure class=\"wp-block-image size-large\"><img decoding=\"async\" width=\"1024\" height=\"576\" src=\"https:\/\/losperiodistas.com.mx\/portal\/wp-content\/uploads\/2024\/08\/881672412_248763907_1706x960-1024x576.webp\" alt=\"\" class=\"wp-image-83924\" srcset=\"https:\/\/losperiodistas.com.mx\/portal\/wp-content\/uploads\/2024\/08\/881672412_248763907_1706x960-1024x576.webp 1024w, https:\/\/losperiodistas.com.mx\/portal\/wp-content\/uploads\/2024\/08\/881672412_248763907_1706x960-300x169.webp 300w, https:\/\/losperiodistas.com.mx\/portal\/wp-content\/uploads\/2024\/08\/881672412_248763907_1706x960-768x432.webp 768w, https:\/\/losperiodistas.com.mx\/portal\/wp-content\/uploads\/2024\/08\/881672412_248763907_1706x960-1536x864.webp 1536w, https:\/\/losperiodistas.com.mx\/portal\/wp-content\/uploads\/2024\/08\/881672412_248763907_1706x960.webp 1706w\" sizes=\"(max-width: 1024px) 100vw, 1024px\" \/><figcaption>Un grupo de mujeres y ni\u00f1os en el Centro de Tr\u00e1nsito de Renk en la frontera con Sud\u00e1n del Sur.\u00a0Cedida\u00a0World Vision<\/figcaption><\/figure>\n\n\n\n<p><\/p>\n\n\n\n<p id=\"paragraph_12\"><strong>Jamila<\/strong>&nbsp;es una de las j\u00f3venes sudanesas que ha sobrevivido \u2014en m\u00faltiples ocasiones\u2014 a la violencia sexual. Todo empez\u00f3 cuando tuvo que huir de su hogar, tras ser asaltada en su propia casa.&nbsp;<strong>Fue expulsada a<\/strong><strong>&nbsp;Darfur del Este y por el camino, relata, un grupo de ocho hombres armados la viol\u00f3<\/strong>. Hasta llegar a su destino, cuenta, volvieron a violarla hasta tres veces varios \u00abladrones\u00bb.&nbsp;<\/p>\n\n\n\n<p id=\"paragraph_13\">A su llegada a Darfur del Este recibi\u00f3 asistencia inmediata de los servicios de emergencia de World Vision, lo que le salv\u00f3 la vida. Tambi\u00e9n obtuvo ayuda psicol\u00f3gica. Por desgracia, la situaci\u00f3n de Jamila no es una excepci\u00f3n. Se repite una y otra vez en Sud\u00e1n desde que estall\u00f3 la guerra hace m\u00e1s de 500 d\u00edas.&nbsp;<a href=\"https:\/\/www.elespanol.com\/enclave-ods\/referentes\/20220805\/yvette-mushigo-jurista-mujeres-moviliza-comunidades-congo\/692681049_0.html\">[Yvette Mushigo (jurista): \u00abLas mujeres son una fuerza de paz que moviliza a sus comunidades en Congo\u00bb]<\/a><\/p>\n\n\n\n<p id=\"paragraph_14\">Es precisamente en la regi\u00f3n sudanesa donde la Oficina del Alto Comisionado de las Naciones Unidas para los Derechos Humanos denuncia&nbsp;<strong>secuestros, detenciones y \u00abcondiciones degradantes de esclavitud\u00bb de mujeres y ni\u00f1as.<\/strong>&nbsp;Y es que sus cuerpos se han convertido en todo un campo de batalla donde se libra una guerra paralela que mina la capacidad de toda la sociedad sudanesa para construir la paz.&nbsp;<\/p>\n\n\n\n<p id=\"paragraph_15\">Las cifras, cuenta Molina, no son m\u00e1s que\u00a0<strong>estimaciones<\/strong>, pues \u00abmuchos casos no se denuncian por miedo al estigma social\u00bb<strong>. El uso de violencia sexual en Sud\u00e1n es sistem\u00e1tico y \u00abqueda impune\u00bb,<\/strong>\u00a0cuentan desde World Vision. Y solo se ve exacerbado por una situaci\u00f3n previa en la que la violencia machista estaba enraizada en la sociedad.<\/p>\n\n\n\n<figure class=\"wp-block-image size-large\"><img loading=\"lazy\" decoding=\"async\" width=\"1024\" height=\"576\" src=\"https:\/\/losperiodistas.com.mx\/portal\/wp-content\/uploads\/2024\/08\/881672414_248763967_1706x960-1024x576.webp\" alt=\"\" class=\"wp-image-83925\" srcset=\"https:\/\/losperiodistas.com.mx\/portal\/wp-content\/uploads\/2024\/08\/881672414_248763967_1706x960-1024x576.webp 1024w, https:\/\/losperiodistas.com.mx\/portal\/wp-content\/uploads\/2024\/08\/881672414_248763967_1706x960-300x169.webp 300w, https:\/\/losperiodistas.com.mx\/portal\/wp-content\/uploads\/2024\/08\/881672414_248763967_1706x960-768x432.webp 768w, https:\/\/losperiodistas.com.mx\/portal\/wp-content\/uploads\/2024\/08\/881672414_248763967_1706x960-1536x864.webp 1536w, https:\/\/losperiodistas.com.mx\/portal\/wp-content\/uploads\/2024\/08\/881672414_248763967_1706x960.webp 1706w\" sizes=\"(max-width: 1024px) 100vw, 1024px\" \/><figcaption>Ni\u00f1os en uno de los campos de desplazados de Sud\u00e1n.\u00a0Cedida\u00a0World Vision<\/figcaption><\/figure>\n\n\n\n<p id=\"paragraph_15\"><\/p>\n\n\n\n<p><\/p>\n\n\n\n<p id=\"paragraph_16\">En el caso espec\u00edfico de Sud\u00e1n, adem\u00e1s, insiste Molina, cuando se habla de violencia sexual se incluyen tanto las violaciones como\u00a0<strong>los matrimonios infantiles<\/strong>. Y es que, sus compa\u00f1eros sobre el terreno han detectado una preocupante tendencia: \u00abEl hambre lleva a que los padres casen o vendan a sus hijos e hijas, o que las ni\u00f1as y ni\u00f1os se prostituyan para dar de comer a sus hermanitos\u00bb.\u00a0<\/p>\n\n\n\n<h3 class=\"wp-block-heading\">Crisis de salud\u2026 tambi\u00e9n mental<\/h3>\n\n\n\n<p id=\"paragraph_17\">La hambruna y la violencia sexual tienen una consecuencia directa:<strong>\u00a0los trastornos de salud mental<\/strong>. World Vision estima que alrededor de\u00a0<strong>6,1 millones de personas podr\u00edan desarrollarlos\u00a0por culpa del conflicto<\/strong>. Adem\u00e1s,<strong>\u00a0se calcula que 15,7 millones de ni\u00f1os y sus familias podr\u00edan estar expuestos a enfermedades mentales<\/strong>\u00a0debido a las interconexiones entre las crisis del conflicto y el hambre.<\/p>\n\n\n\n<p id=\"paragraph_17\"><a href=\"https:\/\/www.elespanol.com\/mundo\/africa\/20240527\/sudan-guerra-olvidada-ciudad-sin-ayuda-solo-cirujano-atiende-personas\/858414305_0.html\">[Sud\u00e1n, la guerra olvidada: la ciudad sin ayuda donde un solo cirujano atiende a 250.000 personas]<\/a><\/p>\n\n\n\n<p id=\"paragraph_18\">A esto se le suma la crisis sanitaria en un pa\u00eds en el que<strong>\u00a0el conflicto ha dejado fuera de servicio a casi el 80% de los centros de salud<\/strong>, seg\u00fan la Organizaci\u00f3n Mundial de la Salud. Se ha paralizado, as\u00ed, un sistema sanitario ya de por s\u00ed en dificultades.<\/p>\n\n\n\n<p>Fuente: <a href=\"https:\/\/www.elespanol.com\/enclave-ods\/20240829\/hambre-depresion-violencia-sexual-sin-precedentes-sudan-darfur-convierte-infierno-mujeres\/881412128_0.html\">https:\/\/www.elespanol.com\/enclave-ods\/20240829\/hambre-depresion-violencia-sexual-sin-precedentes-sudan-darfur-convierte-infierno-mujeres\/881412128_0.html<\/a><\/p>\n","protected":false},"excerpt":{"rendered":"<p>La crisis humanitaria que vive el pa\u00eds africano muestra la \u00abcara oculta\u00bb de la hambruna, que se traduce en violaciones [&hellip;]<\/p>\n","protected":false},"author":1,"featured_media":83922,"comment_status":"open","ping_status":"open","sticky":false,"template":"","format":"standard","meta":{"site-sidebar-layout":"default","site-content-layout":"","ast-site-content-layout":"default","site-content-style":"default","site-sidebar-style":"default","ast-global-header-display":"","ast-banner-title-visibility":"","ast-main-header-display":"","ast-hfb-above-header-display":"","ast-hfb-below-header-display":"","ast-hfb-mobile-header-display":"","site-post-title":"","ast-breadcrumbs-content":"","ast-featured-img":"","footer-sml-layout":"","theme-transparent-header-meta":"","adv-header-id-meta":"","stick-header-meta":"","header-above-stick-meta":"","header-main-stick-meta":"","header-below-stick-meta":"","astra-migrate-meta-layouts":"default","ast-page-background-enabled":"default","ast-page-background-meta":{"desktop":{"background-color":"var(--ast-global-color-4)","background-image":"","background-repeat":"repeat","background-position":"center center","background-size":"auto","background-attachment":"scroll","background-type":"","background-media":"","overlay-type":"","overlay-color":"","overlay-opacity":"","overlay-gradient":""},"tablet":{"background-color":"","background-image":"","background-repeat":"repeat","background-position":"center center","background-size":"auto","background-attachment":"scroll","background-type":"","background-media":"","overlay-type":"","overlay-color":"","overlay-opacity":"","overlay-gradient":""},"mobile":{"background-color":"","background-image":"","background-repeat":"repeat","background-position":"center center","background-size":"auto","background-attachment":"scroll","background-type":"","background-media":"","overlay-type":"","overlay-color":"","overlay-opacity":"","overlay-gradient":""}},"ast-content-background-meta":{"desktop":{"background-color":"var(--ast-global-color-5)","background-image":"","background-repeat":"repeat","background-position":"center center","background-size":"auto","background-attachment":"scroll","background-type":"","background-media":"","overlay-type":"","overlay-color":"","overlay-opacity":"","overlay-gradient":""},"tablet":{"background-color":"var(--ast-global-color-5)","background-image":"","background-repeat":"repeat","background-position":"center center","background-size":"auto","background-attachment":"scroll","background-type":"","background-media":"","overlay-type":"","overlay-color":"","overlay-opacity":"","overlay-gradient":""},"mobile":{"background-color":"var(--ast-global-color-5)","background-image":"","background-repeat":"repeat","background-position":"center center","background-size":"auto","background-attachment":"scroll","background-type":"","background-media":"","overlay-type":"","overlay-color":"","overlay-opacity":"","overlay-gradient":""}},"footnotes":""},"categories":[8],"tags":[29473,29471,29472,15010,22634],"class_list":["post-83921","post","type-post","status-publish","format-standard","has-post-thumbnail","hentry","category-noticias","tag-crisis-humanitaria-sudan","tag-darfurworld-vision","tag-sudan-hambruna","tag-sudanb","tag-violencia-sexual"],"_links":{"self":[{"href":"https:\/\/losperiodistas.com.mx\/portal\/wp-json\/wp\/v2\/posts\/83921","targetHints":{"allow":["GET"]}}],"collection":[{"href":"https:\/\/losperiodistas.com.mx\/portal\/wp-json\/wp\/v2\/posts"}],"about":[{"href":"https:\/\/losperiodistas.com.mx\/portal\/wp-json\/wp\/v2\/types\/post"}],"author":[{"embeddable":true,"href":"https:\/\/losperiodistas.com.mx\/portal\/wp-json\/wp\/v2\/users\/1"}],"replies":[{"embeddable":true,"href":"https:\/\/losperiodistas.com.mx\/portal\/wp-json\/wp\/v2\/comments?post=83921"}],"version-history":[{"count":1,"href":"https:\/\/losperiodistas.com.mx\/portal\/wp-json\/wp\/v2\/posts\/83921\/revisions"}],"predecessor-version":[{"id":83926,"href":"https:\/\/losperiodistas.com.mx\/portal\/wp-json\/wp\/v2\/posts\/83921\/revisions\/83926"}],"wp:featuredmedia":[{"embeddable":true,"href":"https:\/\/losperiodistas.com.mx\/portal\/wp-json\/wp\/v2\/media\/83922"}],"wp:attachment":[{"href":"https:\/\/losperiodistas.com.mx\/portal\/wp-json\/wp\/v2\/media?parent=83921"}],"wp:term":[{"taxonomy":"category","embeddable":true,"href":"https:\/\/losperiodistas.com.mx\/portal\/wp-json\/wp\/v2\/categories?post=83921"},{"taxonomy":"post_tag","embeddable":true,"href":"https:\/\/losperiodistas.com.mx\/portal\/wp-json\/wp\/v2\/tags?post=83921"}],"curies":[{"name":"wp","href":"https:\/\/api.w.org\/{rel}","templated":true}]}}