{"id":83901,"date":"2024-08-30T19:38:24","date_gmt":"2024-08-31T00:38:24","guid":{"rendered":"http:\/\/losperiodistas.com.mx\/portal\/?p=83901"},"modified":"2024-08-30T19:38:27","modified_gmt":"2024-08-31T00:38:27","slug":"mexico-suma-3-bronces-en-segunda-jornada-de-paralimpicos-2024","status":"publish","type":"post","link":"https:\/\/losperiodistas.com.mx\/portal\/mexico-suma-3-bronces-en-segunda-jornada-de-paralimpicos-2024\/","title":{"rendered":"M\u00e9xico suma tres bronces en segunda jornada de los Juegos Paral\u00edmpicos de Par\u00eds 2024"},"content":{"rendered":"\n<p>Rosa Mar\u00eda Guerrero, \u00c1ngel Camacho y Diego Garc\u00eda repitieron podio tras sus debuts en Tokyo 2020<\/p>\n\n\n\n<figure class=\"wp-block-image size-large\"><img fetchpriority=\"high\" decoding=\"async\" width=\"1024\" height=\"685\" src=\"https:\/\/losperiodistas.com.mx\/portal\/wp-content\/uploads\/2024\/08\/Captura-de-pantalla-2024-08-30-182109-1024x685.png\" alt=\"Jornada de MX en Paral\u00edmpicos\" class=\"wp-image-83902\" srcset=\"https:\/\/losperiodistas.com.mx\/portal\/wp-content\/uploads\/2024\/08\/Captura-de-pantalla-2024-08-30-182109-1024x685.png 1024w, https:\/\/losperiodistas.com.mx\/portal\/wp-content\/uploads\/2024\/08\/Captura-de-pantalla-2024-08-30-182109-300x201.png 300w, https:\/\/losperiodistas.com.mx\/portal\/wp-content\/uploads\/2024\/08\/Captura-de-pantalla-2024-08-30-182109-768x514.png 768w, https:\/\/losperiodistas.com.mx\/portal\/wp-content\/uploads\/2024\/08\/Captura-de-pantalla-2024-08-30-182109.png 1093w\" sizes=\"(max-width: 1024px) 100vw, 1024px\" \/><figcaption>M\u00e9xico vivi\u00f3 este viernes una gran gran jornada Juegos Paral\u00edmpicos Par\u00eds 2024 al conseguir tres medallas de bronce. CONADE<\/figcaption><\/figure>\n\n\n\n<p class=\"has-vivid-red-color has-text-color\">Redacci\u00f3n \/ Gob MX<\/p>\n\n\n\n<p>La delegaci\u00f3n mexicana luci\u00f3 este viernes con la cosecha de tres medallas de bronce en las disciplinas de para atletismo, para nataci\u00f3n y para taekwondo en el segundo d\u00eda de competencias de los Juegos Paral\u00edmpicos Par\u00eds 2024.<\/p>\n\n\n\n<p>Rosa Mar\u00eda Guerrero, campeona mundial en 2023, fue la encargada de abrir la suma de preseas al conquistar el tercer lugar en la prueba de lanzamiento de disco F55 femenil con una marca de 25.81 metros, que represent\u00f3 su mejor marca de la temporada.<\/p>\n\n\n\n<figure class=\"wp-block-image size-large\"><img decoding=\"async\" width=\"1024\" height=\"684\" src=\"https:\/\/losperiodistas.com.mx\/portal\/wp-content\/uploads\/2024\/08\/Captura-de-pantalla-2024-08-30-183042-1024x684.png\" alt=\"\" class=\"wp-image-83903\" srcset=\"https:\/\/losperiodistas.com.mx\/portal\/wp-content\/uploads\/2024\/08\/Captura-de-pantalla-2024-08-30-183042-1024x684.png 1024w, https:\/\/losperiodistas.com.mx\/portal\/wp-content\/uploads\/2024\/08\/Captura-de-pantalla-2024-08-30-183042-300x200.png 300w, https:\/\/losperiodistas.com.mx\/portal\/wp-content\/uploads\/2024\/08\/Captura-de-pantalla-2024-08-30-183042-768x513.png 768w, https:\/\/losperiodistas.com.mx\/portal\/wp-content\/uploads\/2024\/08\/Captura-de-pantalla-2024-08-30-183042.png 1089w\" sizes=\"(max-width: 1024px) 100vw, 1024px\" \/><\/figure>\n\n\n\n<p>Guerrero repiti\u00f3 el color del metal conseguido en su debut en Tokyo 2020; sin embargo, en la capital francesa logr\u00f3 mejorar su marca tras los 24.11 metros conseguidos en la justa nipona.<\/p>\n\n\n\n<p>La rama varonil mexicana se estren\u00f3 en el podio parisino por la v\u00eda del para nadador \u00c1ngel Camacho Ram\u00edrez, quien logr\u00f3 la medalla de bronce en la prueba 100 metros libre S4 al registrar un tiempo de 1:22.32 minutos, lo que signific\u00f3 imponer r\u00e9cord continental.<\/p>\n\n\n\n<figure class=\"wp-block-image size-large\"><img decoding=\"async\" width=\"1024\" height=\"674\" src=\"https:\/\/losperiodistas.com.mx\/portal\/wp-content\/uploads\/2024\/08\/Captura-de-pantalla-2024-08-30-183453-1024x674.png\" alt=\"\" class=\"wp-image-83904\" srcset=\"https:\/\/losperiodistas.com.mx\/portal\/wp-content\/uploads\/2024\/08\/Captura-de-pantalla-2024-08-30-183453-1024x674.png 1024w, https:\/\/losperiodistas.com.mx\/portal\/wp-content\/uploads\/2024\/08\/Captura-de-pantalla-2024-08-30-183453-300x198.png 300w, https:\/\/losperiodistas.com.mx\/portal\/wp-content\/uploads\/2024\/08\/Captura-de-pantalla-2024-08-30-183453-768x506.png 768w, https:\/\/losperiodistas.com.mx\/portal\/wp-content\/uploads\/2024\/08\/Captura-de-pantalla-2024-08-30-183453.png 1128w\" sizes=\"(max-width: 1024px) 100vw, 1024px\" \/><\/figure>\n\n\n\n<p>Camacho finaliz\u00f3 la competencia solo por detr\u00e1s del israel\u00ed Ami Dadaon (1:20.25) y del japon\u00e9s Takayuki Suzuki (1:21.71), lugar que le represent\u00f3 repetir el bronce logrado en Tokyo 2020, su primera experiencia en la justa veraniega.<\/p>\n\n\n\n<p>Para cerrar la jornada, el para taekwondo mexicano volvi\u00f3 a lucir en los Juegos Paral\u00edmpicos con la autor\u00eda de Juan Diego Garc\u00eda, quien le dio a M\u00e9xico su tercera medalla del d\u00eda al derrotar al nip\u00f3n Shunsuke Kudo por 5-3 en la categor\u00eda K44 -70 kilogramos.<\/p>\n\n\n\n<figure class=\"wp-block-image size-large\"><img loading=\"lazy\" decoding=\"async\" width=\"1024\" height=\"688\" src=\"https:\/\/losperiodistas.com.mx\/portal\/wp-content\/uploads\/2024\/08\/Captura-de-pantalla-2024-08-30-183530-1024x688.png\" alt=\"\" class=\"wp-image-83905\" srcset=\"https:\/\/losperiodistas.com.mx\/portal\/wp-content\/uploads\/2024\/08\/Captura-de-pantalla-2024-08-30-183530-1024x688.png 1024w, https:\/\/losperiodistas.com.mx\/portal\/wp-content\/uploads\/2024\/08\/Captura-de-pantalla-2024-08-30-183530-300x202.png 300w, https:\/\/losperiodistas.com.mx\/portal\/wp-content\/uploads\/2024\/08\/Captura-de-pantalla-2024-08-30-183530-768x516.png 768w, https:\/\/losperiodistas.com.mx\/portal\/wp-content\/uploads\/2024\/08\/Captura-de-pantalla-2024-08-30-183530.png 1054w\" sizes=\"(max-width: 1024px) 100vw, 1024px\" \/><\/figure>\n\n\n\n<p>El para atleta de 21 a\u00f1os, campe\u00f3n parapanamericano en Lima 2019, volvi\u00f3 a subir al podio en la magna justa deportiva tras conquistar la medalla de oro en Tokyo 2020.<\/p>\n\n\n\n<p>Fuente: <a href=\"https:\/\/www.gob.mx\/conade\/es\/articulos\/mexico-suma-tres-bronces-en-segunda-jornada-de-los-juegos-paralimpicos-paris-2024-376342\" target=\"_blank\" rel=\"noreferrer noopener\">Gobierno de M\u00e9xico<\/a><\/p>\n","protected":false},"excerpt":{"rendered":"<p>Rosa Mar\u00eda Guerrero, \u00c1ngel Camacho y Diego Garc\u00eda repitieron podio tras sus debuts en Tokyo 2020<\/p>\n","protected":false},"author":1,"featured_media":83902,"comment_status":"open","ping_status":"open","sticky":false,"template":"","format":"standard","meta":{"site-sidebar-layout":"default","site-content-layout":"","ast-site-content-layout":"default","site-content-style":"default","site-sidebar-style":"default","ast-global-header-display":"","ast-banner-title-visibility":"","ast-main-header-display":"","ast-hfb-above-header-display":"","ast-hfb-below-header-display":"","ast-hfb-mobile-header-display":"","site-post-title":"","ast-breadcrumbs-content":"","ast-featured-img":"","footer-sml-layout":"","theme-transparent-header-meta":"","adv-header-id-meta":"","stick-header-meta":"","header-above-stick-meta":"","header-main-stick-meta":"","header-below-stick-meta":"","astra-migrate-meta-layouts":"default","ast-page-background-enabled":"default","ast-page-background-meta":{"desktop":{"background-color":"var(--ast-global-color-4)","background-image":"","background-repeat":"repeat","background-position":"center center","background-size":"auto","background-attachment":"scroll","background-type":"","background-media":"","overlay-type":"","overlay-color":"","overlay-opacity":"","overlay-gradient":""},"tablet":{"background-color":"","background-image":"","background-repeat":"repeat","background-position":"center center","background-size":"auto","background-attachment":"scroll","background-type":"","background-media":"","overlay-type":"","overlay-color":"","overlay-opacity":"","overlay-gradient":""},"mobile":{"background-color":"","background-image":"","background-repeat":"repeat","background-position":"center center","background-size":"auto","background-attachment":"scroll","background-type":"","background-media":"","overlay-type":"","overlay-color":"","overlay-opacity":"","overlay-gradient":""}},"ast-content-background-meta":{"desktop":{"background-color":"var(--ast-global-color-5)","background-image":"","background-repeat":"repeat","background-position":"center center","background-size":"auto","background-attachment":"scroll","background-type":"","background-media":"","overlay-type":"","overlay-color":"","overlay-opacity":"","overlay-gradient":""},"tablet":{"background-color":"var(--ast-global-color-5)","background-image":"","background-repeat":"repeat","background-position":"center center","background-size":"auto","background-attachment":"scroll","background-type":"","background-media":"","overlay-type":"","overlay-color":"","overlay-opacity":"","overlay-gradient":""},"mobile":{"background-color":"var(--ast-global-color-5)","background-image":"","background-repeat":"repeat","background-position":"center center","background-size":"auto","background-attachment":"scroll","background-type":"","background-media":"","overlay-type":"","overlay-color":"","overlay-opacity":"","overlay-gradient":""}},"footnotes":""},"categories":[8],"tags":[29019,29464,29429,16493,29430],"class_list":["post-83901","post","type-post","status-publish","format-standard","has-post-thumbnail","hentry","category-noticias","tag-juegos-paralimpicos","tag-lanzamiento-de-disco","tag-natacion","tag-paris-2024","tag-taekwondo"],"_links":{"self":[{"href":"https:\/\/losperiodistas.com.mx\/portal\/wp-json\/wp\/v2\/posts\/83901","targetHints":{"allow":["GET"]}}],"collection":[{"href":"https:\/\/losperiodistas.com.mx\/portal\/wp-json\/wp\/v2\/posts"}],"about":[{"href":"https:\/\/losperiodistas.com.mx\/portal\/wp-json\/wp\/v2\/types\/post"}],"author":[{"embeddable":true,"href":"https:\/\/losperiodistas.com.mx\/portal\/wp-json\/wp\/v2\/users\/1"}],"replies":[{"embeddable":true,"href":"https:\/\/losperiodistas.com.mx\/portal\/wp-json\/wp\/v2\/comments?post=83901"}],"version-history":[{"count":1,"href":"https:\/\/losperiodistas.com.mx\/portal\/wp-json\/wp\/v2\/posts\/83901\/revisions"}],"predecessor-version":[{"id":83906,"href":"https:\/\/losperiodistas.com.mx\/portal\/wp-json\/wp\/v2\/posts\/83901\/revisions\/83906"}],"wp:featuredmedia":[{"embeddable":true,"href":"https:\/\/losperiodistas.com.mx\/portal\/wp-json\/wp\/v2\/media\/83902"}],"wp:attachment":[{"href":"https:\/\/losperiodistas.com.mx\/portal\/wp-json\/wp\/v2\/media?parent=83901"}],"wp:term":[{"taxonomy":"category","embeddable":true,"href":"https:\/\/losperiodistas.com.mx\/portal\/wp-json\/wp\/v2\/categories?post=83901"},{"taxonomy":"post_tag","embeddable":true,"href":"https:\/\/losperiodistas.com.mx\/portal\/wp-json\/wp\/v2\/tags?post=83901"}],"curies":[{"name":"wp","href":"https:\/\/api.w.org\/{rel}","templated":true}]}}