{"id":83896,"date":"2024-08-30T18:45:55","date_gmt":"2024-08-30T23:45:55","guid":{"rendered":"http:\/\/losperiodistas.com.mx\/portal\/?p=83896"},"modified":"2024-08-30T19:20:24","modified_gmt":"2024-08-31T00:20:24","slug":"ruben-rocha-se-reune-con-amlo-declara-que-sinaloa-esta-tranquilo","status":"publish","type":"post","link":"https:\/\/losperiodistas.com.mx\/portal\/ruben-rocha-se-reune-con-amlo-declara-que-sinaloa-esta-tranquilo\/","title":{"rendered":"\u201cEst\u00e1 tranquilo Sinaloa\u201d; Rub\u00e9n Rocha llega a reuni\u00f3n con AMLO y aclara por qu\u00e9 hubo violencia en Culiac\u00e1n | Infobae"},"content":{"rendered":"\n<p>El mandatario estatal asegur\u00f3 que acudir\u00e1 a declarar ante la Fiscal\u00eda del Estado solo hasta que lo llamen<\/p>\n\n\n\n<figure class=\"wp-block-image size-large\"><img fetchpriority=\"high\" decoding=\"async\" width=\"1024\" height=\"576\" src=\"https:\/\/losperiodistas.com.mx\/portal\/wp-content\/uploads\/2024\/08\/Captura-de-pantalla-2024-08-30-173954-1024x576.png\" alt=\"Rub\u00e9n Rocha\" class=\"wp-image-83897\" srcset=\"https:\/\/losperiodistas.com.mx\/portal\/wp-content\/uploads\/2024\/08\/Captura-de-pantalla-2024-08-30-173954-1024x576.png 1024w, https:\/\/losperiodistas.com.mx\/portal\/wp-content\/uploads\/2024\/08\/Captura-de-pantalla-2024-08-30-173954-300x169.png 300w, https:\/\/losperiodistas.com.mx\/portal\/wp-content\/uploads\/2024\/08\/Captura-de-pantalla-2024-08-30-173954-768x432.png 768w, https:\/\/losperiodistas.com.mx\/portal\/wp-content\/uploads\/2024\/08\/Captura-de-pantalla-2024-08-30-173954.png 1196w\" sizes=\"(max-width: 1024px) 100vw, 1024px\" \/><figcaption>El gobernador detall\u00f3 qu\u00e9 fue lo que deton\u00f3 la violencia en Culiac\u00e1n | Cr\u00e9dito: Presidencia<\/figcaption><\/figure>\n\n\n\n<p class=\"has-vivid-red-color has-text-color\">Mayte Baena \/ Infobae<\/p>\n\n\n\n<p>La ma\u00f1ana de este viernes 30 de agosto, el gobernador del Estado de Sinaloa, <strong>Rub\u00e9n Rocha Moya <\/strong>fue captado ingresando a <strong>Palacio Nacional <\/strong>para una reuni\u00f3n con el presidente <strong>Andr\u00e9s Manuel L\u00f3pez Obrador <\/strong>(<strong>AMLO<\/strong>) por lo que fue cuestionado por los <strong>hechos violentos registrados en Culiac\u00e1n<\/strong> en el marco en que se report\u00f3 la presunta detenci\u00f3n de <a href=\"https:\/\/www.infobae.com\/mexico\/2024\/08\/30\/autoridades-de-sinaloa-piden-calma-a-la-poblacion-en-culiacan-tras-presunto-arresto-de-ivan-archivaldo-guzman\/\" target=\"_blank\" rel=\"noreferrer noopener\"><strong>Iv\u00e1n Archivaldo Guzm\u00e1n Salazar<\/strong><\/a>, l\u00edder de la c\u00e9lula criminal Los Chapitos.<\/p>\n\n\n\n<p>El gobernador, cabe destacar, no se detuvo a responder a la prensa que aguardaba en las inmediaciones de la sede presidencial, sino que en su lugar los comunicadores, a gritos, le pidieron dar a conocer su postura luego de que en diversos puntos de la capital sinaloense se reportaran veh\u00edculos incendiados y <strong>despliegue de elementos del ej\u00e9rcito.<\/strong><\/p>\n\n\n\n<p>Conviene recordar que, durante la tarde del jueves 29 de agosto, en redes sociales se report\u00f3 que Culiac\u00e1n se encontraba en un estado de precauci\u00f3n debido a la circulaci\u00f3n de rumores sobre la captura de<strong> Iv\u00e1n Archivaldo Guzm\u00e1n<\/strong>, hijo del conocido narcotraficante <strong>Joaqu\u00edn Guzm\u00e1n Loera<\/strong>, alias \u2018El Chapo\u2019, dando como resultado que la Secretar\u00eda de Seguridad P\u00fablica del estado lanzara un llamado a la ciudadan\u00eda para mantener la calma y evitar difundir informaci\u00f3n falsa.<\/p>\n\n\n\n<figure class=\"wp-block-image size-large\"><img decoding=\"async\" width=\"1024\" height=\"556\" src=\"https:\/\/losperiodistas.com.mx\/portal\/wp-content\/uploads\/2024\/08\/Captura-de-pantalla-2024-08-30-174123-1024x556.png\" alt=\"\" class=\"wp-image-83898\" srcset=\"https:\/\/losperiodistas.com.mx\/portal\/wp-content\/uploads\/2024\/08\/Captura-de-pantalla-2024-08-30-174123-1024x556.png 1024w, https:\/\/losperiodistas.com.mx\/portal\/wp-content\/uploads\/2024\/08\/Captura-de-pantalla-2024-08-30-174123-300x163.png 300w, https:\/\/losperiodistas.com.mx\/portal\/wp-content\/uploads\/2024\/08\/Captura-de-pantalla-2024-08-30-174123-768x417.png 768w, https:\/\/losperiodistas.com.mx\/portal\/wp-content\/uploads\/2024\/08\/Captura-de-pantalla-2024-08-30-174123.png 1351w\" sizes=\"(max-width: 1024px) 100vw, 1024px\" \/><figcaption>[Captura de pantalla]<\/figcaption><\/figure>\n\n\n\n<h2 class=\"wp-block-heading\">Sinaloa en calma<\/h2>\n\n\n\n<p>Una vez que la Secretar\u00eda de Seguridad P\u00fablica de Sinaloa emitiera un comunicado a trav\u00e9s sus redes sociales en respuesta a la creciente especulaci\u00f3n y ansiedad entre los habitantes de la ciudad, la Secretar\u00eda de la Defensa Nacional (<strong>Sedena<\/strong>) confirm\u00f3 a <em>Infobae M\u00e9xico<\/em> que el hijo del exl\u00edder el <strong>C\u00e1rtel de Sinaloa <\/strong>no hab\u00eda sido aprehendido y que en su lugar se hab\u00eda registrado un enfrentamiento entre civiles armados y tropas del Ej\u00e9rcito Mexicano, mismas que se dieron en el poblado de <strong>Paredones<\/strong>, ubicado en la sindicatura de Jes\u00fas Mar\u00eda, lugar donde <strong>Ovidio Guzm\u00e1n L\u00f3pez<\/strong>, alias \u2018El Rat\u00f3n\u2019, fue capturado en enero de 2023, adem\u00e1s de la regi\u00f3n de <strong>Lim\u00f3n de los Ramos<\/strong>.<\/p>\n\n\n\n<p>Tras ello, este viernes Rocha Mocha remarc\u00f3 que el estado estaba en calma y que en efecto, se hab\u00eda tratado de un enfrentamiento como el antes descrito.<\/p>\n\n\n\n<blockquote class=\"wp-block-quote is-style-default is-layout-flow wp-block-quote-is-layout-flow\"><p>\u201cSe encontraron una patrulla del Ej\u00e9rcito con una camioneta de gente armada, eso fue, pero ya no hay nada. Est\u00e1 tranquilo Sinaloa\u201d, asegur\u00f3.<\/p><\/blockquote>\n\n\n\n<p>Antes de cruzar la puerta principal de Palacio Nacional y ser recibido por los elementos del ej\u00e9rcito que la resguardan, fue cuestionado respecto a si \u00e9l, en su rol de mandatario estatal, hab\u00eda declarado ante la <strong>Fiscal\u00eda General de Justicia del Estado<\/strong>, por lo que confirm\u00f3 que no hab\u00eda sido as\u00ed, pero estaba pendiente por si su presencia era solicitada.<\/p>\n\n\n\n<p>\u2014\u201c\u00bfS\u00ed va a declarar?\u201d, le preguntaron.<\/p>\n\n\n\n<p>\u2014Cuando me llamen, cuando me llamen2, se apresur\u00f3 a contestar.<\/p>\n\n\n\n<blockquote class=\"twitter-tweet\"><p lang=\"es\" dir=\"ltr\">Desde Palacio Nacional, el gobernador de Sinaloa, Rub\u00e9n Rocha, describi\u00f3 la situaci\u00f3n en la entidad tras los hechos violentos de ayer en Culiac\u00e1n.<br><br>\u201cEst\u00e1 tranquilo Sinaloa. Se encontraron una patrulla del Ej\u00e9rcito con una camioneta de gente armada, eso fue, pero ya no hay nada&quot; <a href=\"https:\/\/t.co\/lWOat1mC3b\">pic.twitter.com\/lWOat1mC3b<\/a><\/p>&mdash; Joaqu\u00edn L\u00f3pez-D\u00f3riga (@lopezdoriga) <a href=\"https:\/\/twitter.com\/lopezdoriga\/status\/1829571093012632010?ref_src=twsrc%5Etfw\">August 30, 2024<\/a><\/blockquote> <script async src=\"https:\/\/platform.twitter.com\/widgets.js\" charset=\"utf-8\"><\/script> \n\n\n\n<p>Al momento, se desconoce cu\u00e1l es el motivo de su reuni\u00f3n con el presidente de M\u00e9xico, por lo que se espera que a su salida del recinto adelante parte de los t\u00f3picos que ambos morenistas abordaron.<\/p>\n\n\n\n<h2 class=\"wp-block-heading\">Llegada a la CDMX fue para ver a Sheinbaum<\/h2>\n\n\n\n<p>El gobernador del estado de Sinaloa se sabe, viaj\u00f3 a la Ciudad de M\u00e9xico con el fin de participar en el encuentro que diversos gobernadores tendr\u00e1n con <a rel=\"noreferrer noopener\" href=\"https:\/\/www.infobae.com\/mexico\/2024\/08\/29\/claudia-sheinbaum-se-reune-con-secretario-de-hacienda-para-revisar-presupuesto-de-2025\/\" target=\"_blank\"><strong>Claudia Sheinbaum Pardo<\/strong><\/a>, presidenta de M\u00e9xico y quien asumir\u00e1 el poder el pr\u00f3ximo 1 de octubre.<\/p>\n\n\n\n<p>Llama la atenci\u00f3n que dicho encuentro se lleve a cabo en el Palacio Nacional y no en la casa de transici\u00f3n de la exjefa de Gobierno de la Ciudad de M\u00e9xico, inmueble ubicado en la alcald\u00eda Iztapalapa, por lo cual se espera que el presidente L\u00f3pez Obrador cruce di\u00e1logo con Ruben Rocha para con ello, conocer de viva voz lo que sucedi\u00f3 en la capital sinaloense el d\u00eda de ayer, sucesos que llevaron a descartar que se tratara de un nuevo <em><strong>Culiacanazo.<\/strong><\/em><\/p>\n\n\n\n<p>Fuente: <a href=\"https:\/\/www.infobae.com\/mexico\/2024\/08\/30\/esta-tranquilo-sinaloa-ruben-rocha-llega-a-reunion-con-amlo-y-aclara-por-que-hubo-violencia-en-culiacan\/\" target=\"_blank\" rel=\"noreferrer noopener\">Infobae<\/a><\/p>\n","protected":false},"excerpt":{"rendered":"<p>El mandatario estatal asegur\u00f3 que acudir\u00e1 a declarar ante la Fiscal\u00eda del Estado solo hasta que lo llamen <\/p>\n","protected":false},"author":1,"featured_media":83897,"comment_status":"open","ping_status":"open","sticky":false,"template":"","format":"standard","meta":{"site-sidebar-layout":"default","site-content-layout":"","ast-site-content-layout":"default","site-content-style":"default","site-sidebar-style":"default","ast-global-header-display":"","ast-banner-title-visibility":"","ast-main-header-display":"","ast-hfb-above-header-display":"","ast-hfb-below-header-display":"","ast-hfb-mobile-header-display":"","site-post-title":"","ast-breadcrumbs-content":"","ast-featured-img":"","footer-sml-layout":"","theme-transparent-header-meta":"","adv-header-id-meta":"","stick-header-meta":"","header-above-stick-meta":"","header-main-stick-meta":"","header-below-stick-meta":"","astra-migrate-meta-layouts":"default","ast-page-background-enabled":"default","ast-page-background-meta":{"desktop":{"background-color":"var(--ast-global-color-4)","background-image":"","background-repeat":"repeat","background-position":"center center","background-size":"auto","background-attachment":"scroll","background-type":"","background-media":"","overlay-type":"","overlay-color":"","overlay-opacity":"","overlay-gradient":""},"tablet":{"background-color":"","background-image":"","background-repeat":"repeat","background-position":"center center","background-size":"auto","background-attachment":"scroll","background-type":"","background-media":"","overlay-type":"","overlay-color":"","overlay-opacity":"","overlay-gradient":""},"mobile":{"background-color":"","background-image":"","background-repeat":"repeat","background-position":"center center","background-size":"auto","background-attachment":"scroll","background-type":"","background-media":"","overlay-type":"","overlay-color":"","overlay-opacity":"","overlay-gradient":""}},"ast-content-background-meta":{"desktop":{"background-color":"var(--ast-global-color-5)","background-image":"","background-repeat":"repeat","background-position":"center center","background-size":"auto","background-attachment":"scroll","background-type":"","background-media":"","overlay-type":"","overlay-color":"","overlay-opacity":"","overlay-gradient":""},"tablet":{"background-color":"var(--ast-global-color-5)","background-image":"","background-repeat":"repeat","background-position":"center center","background-size":"auto","background-attachment":"scroll","background-type":"","background-media":"","overlay-type":"","overlay-color":"","overlay-opacity":"","overlay-gradient":""},"mobile":{"background-color":"var(--ast-global-color-5)","background-image":"","background-repeat":"repeat","background-position":"center center","background-size":"auto","background-attachment":"scroll","background-type":"","background-media":"","overlay-type":"","overlay-color":"","overlay-opacity":"","overlay-gradient":""}},"footnotes":""},"categories":[8],"tags":[5296,6222,29275,9932],"class_list":["post-83896","post","type-post","status-publish","format-standard","has-post-thumbnail","hentry","category-noticias","tag-culiacan","tag-los-chapitos","tag-ruben-rocha","tag-sinaloa"],"_links":{"self":[{"href":"https:\/\/losperiodistas.com.mx\/portal\/wp-json\/wp\/v2\/posts\/83896","targetHints":{"allow":["GET"]}}],"collection":[{"href":"https:\/\/losperiodistas.com.mx\/portal\/wp-json\/wp\/v2\/posts"}],"about":[{"href":"https:\/\/losperiodistas.com.mx\/portal\/wp-json\/wp\/v2\/types\/post"}],"author":[{"embeddable":true,"href":"https:\/\/losperiodistas.com.mx\/portal\/wp-json\/wp\/v2\/users\/1"}],"replies":[{"embeddable":true,"href":"https:\/\/losperiodistas.com.mx\/portal\/wp-json\/wp\/v2\/comments?post=83896"}],"version-history":[{"count":2,"href":"https:\/\/losperiodistas.com.mx\/portal\/wp-json\/wp\/v2\/posts\/83896\/revisions"}],"predecessor-version":[{"id":83900,"href":"https:\/\/losperiodistas.com.mx\/portal\/wp-json\/wp\/v2\/posts\/83896\/revisions\/83900"}],"wp:featuredmedia":[{"embeddable":true,"href":"https:\/\/losperiodistas.com.mx\/portal\/wp-json\/wp\/v2\/media\/83897"}],"wp:attachment":[{"href":"https:\/\/losperiodistas.com.mx\/portal\/wp-json\/wp\/v2\/media?parent=83896"}],"wp:term":[{"taxonomy":"category","embeddable":true,"href":"https:\/\/losperiodistas.com.mx\/portal\/wp-json\/wp\/v2\/categories?post=83896"},{"taxonomy":"post_tag","embeddable":true,"href":"https:\/\/losperiodistas.com.mx\/portal\/wp-json\/wp\/v2\/tags?post=83896"}],"curies":[{"name":"wp","href":"https:\/\/api.w.org\/{rel}","templated":true}]}}