{"id":83893,"date":"2024-08-30T17:44:52","date_gmt":"2024-08-30T22:44:52","guid":{"rendered":"http:\/\/losperiodistas.com.mx\/portal\/?p=83893"},"modified":"2024-08-30T19:50:31","modified_gmt":"2024-08-31T00:50:31","slug":"realizan-marcha-pacifica-por-victimas-de-desaparicion-forzada-en-puebla-milenio","status":"publish","type":"post","link":"https:\/\/losperiodistas.com.mx\/portal\/realizan-marcha-pacifica-por-victimas-de-desaparicion-forzada-en-puebla-milenio\/","title":{"rendered":"Realizan marcha pac\u00edfica por v\u00edctimas de desaparici\u00f3n forzada en Puebla | Milenio"},"content":{"rendered":"\n<p>El colectivo Voz de los Desaparecidos, celebr\u00f3 una misa cat\u00f3lica a las afueras de la Fiscal\u00eda General del Estado, desde donde parti\u00f3 el contingente rumbo al z\u00f3calo de la ciudad.<\/p>\n\n\n\n<figure class=\"wp-block-image size-large\"><img fetchpriority=\"high\" decoding=\"async\" width=\"1024\" height=\"631\" src=\"https:\/\/losperiodistas.com.mx\/portal\/wp-content\/uploads\/2024\/08\/Captura-de-pantalla-2024-08-30-163823-1024x631.png\" alt=\"desaparici\u00f3n forzada en Puebla\" class=\"wp-image-83894\" srcset=\"https:\/\/losperiodistas.com.mx\/portal\/wp-content\/uploads\/2024\/08\/Captura-de-pantalla-2024-08-30-163823-1024x631.png 1024w, https:\/\/losperiodistas.com.mx\/portal\/wp-content\/uploads\/2024\/08\/Captura-de-pantalla-2024-08-30-163823-300x185.png 300w, https:\/\/losperiodistas.com.mx\/portal\/wp-content\/uploads\/2024\/08\/Captura-de-pantalla-2024-08-30-163823-768x473.png 768w, https:\/\/losperiodistas.com.mx\/portal\/wp-content\/uploads\/2024\/08\/Captura-de-pantalla-2024-08-30-163823.png 1030w\" sizes=\"(max-width: 1024px) 100vw, 1024px\" \/><figcaption>Realizan marcha por v\u00edctimas de desaparici\u00f3n forzada en Puebla | EsImagen<\/figcaption><\/figure>\n\n\n\n<p class=\"has-vivid-red-color has-text-color\">Nancy Camacho \/ Milenio<\/p>\n\n\n\n<p>En el marco del D\u00eda Internacional de V\u00edctimas de Desaparici\u00f3n Forzada, el colectivo Voz de los Desaparecidos realiz\u00f3 una marcha para exigir que las autoridades cumplan con sus obligaciones y le den celeridad a los casos.<\/p>\n\n\n\n<p>Previo al inicio de la marcha realizada la ma\u00f1ana de este 30 de agosto, el colectivo celebr\u00f3 una misa cat\u00f3lica a las afueras de la Fiscal\u00eda General del Estado (FGE) de Puebla, desde donde parti\u00f3 el contingente rumbo al z\u00f3calo de la ciudad.<\/p>\n\n\n\n<p>Despu\u00e9s de la misa, la marcha avanz\u00f3 sobre el Bulevar 5 de Mayo entre consignas como \u00abVivos se los llevaron, vivos los queremos\u00bb, \u00abNo es un hecho aislado, las desapariciones son cr\u00edmenes de Estado\u00bb y \u00abHasta encontrarles\u00bb.<\/p>\n\n\n\n<p>En su mensaje, el colectivo se\u00f1al\u00f3 que salen a las calles en contra de la desaparici\u00f3n de las personas, por la omisi\u00f3n, la inacci\u00f3n, la impunidad.<\/p>\n\n\n\n<p><em>\u00abSalimos a protestar porque en casa no nos ven y calladitos no nos escuchan, el dolor y la ausencia no se ven. Salimos a exigir b\u00fasqueda, verdad, memoria y justicia, salimos a exigir la presentaci\u00f3n con vida de nuestros desaparecidos\u00bb<\/em>, expreso Karla Escobedo, integrante del colectivo.<\/p>\n\n\n\n<blockquote class=\"twitter-tweet\"><p lang=\"es\" dir=\"ltr\">&#x1f4cc; Ante la indolencia del estado y la falta de resultados por parte de la <a href=\"https:\/\/twitter.com\/hashtag\/FGE?src=hash&amp;ref_src=twsrc%5Etfw\">#FGE<\/a>, familias que sufren la p\u00e9rdida de un familiar crearon la Red de B\u00fasqueda de Personas Desaparecidas a fin de dar acompa\u00f1amiento a los casos.<br><br>&#x1f4f9; <a href=\"https:\/\/twitter.com\/nancymarlenne?ref_src=twsrc%5Etfw\">@nancymarlenne<\/a> <br>&#x1f4f2; <a href=\"https:\/\/t.co\/ppPLOUsRa0\">https:\/\/t.co\/ppPLOUsRa0<\/a> <a href=\"https:\/\/t.co\/s1rUg4S0YC\">pic.twitter.com\/s1rUg4S0YC<\/a><\/p>&mdash; Milenio Puebla (@Milenio_Puebla) <a href=\"https:\/\/twitter.com\/Milenio_Puebla\/status\/1829565701977231761?ref_src=twsrc%5Etfw\">August 30, 2024<\/a><\/blockquote> <script async src=\"https:\/\/platform.twitter.com\/widgets.js\" charset=\"utf-8\"><\/script>\n\n\n\n<p>Por su parte, la fundadora del colectivo, Mar\u00eda Luisa N\u00fa\u00f1ez Barajas, hizo un llamado a qu\u00e9 con el nuevo gobierno que encabezar\u00e1 Alejandro Armenta Mier para que sumen esfuerzos ante la grave crisis de desapariciones.<\/p>\n\n\n\n<p>Por ello, reiter\u00f3 su apoyo para encontrar justicia ante los cientos de casos de personas sin localizar en Puebla.<\/p>\n\n\n\n<p><em>\u00abLe expresamos el nuevo gobierno: juntos para una Puebla segura, juntos por la justicia y la paz para todos, juntos por nuestros desaparecidos. Le decimos al nuevo gobierno, no est\u00e1 solo, cuentas con nosotros y contamos contigo\u00bb<\/em>, declar\u00f3 la activista.<\/p>\n\n\n\n<p>Fuente: <a href=\"https:\/\/www.milenio.com\/politica\/comunidad\/realizan-marcha-victimas-desaparicion-forzada-puebla\" target=\"_blank\" rel=\"noreferrer noopener\">Milenio<\/a><\/p>\n","protected":false},"excerpt":{"rendered":"<p>El colectivo Voz de los Desaparecidos, celebr\u00f3 una misa cat\u00f3lica a las afueras de la Fiscal\u00eda General del Estado, desde donde parti\u00f3 el contingente rumbo al z\u00f3calo de la ciudad.<\/p>\n","protected":false},"author":1,"featured_media":83894,"comment_status":"open","ping_status":"open","sticky":false,"template":"","format":"standard","meta":{"site-sidebar-layout":"default","site-content-layout":"","ast-site-content-layout":"default","site-content-style":"default","site-sidebar-style":"default","ast-global-header-display":"","ast-banner-title-visibility":"","ast-main-header-display":"","ast-hfb-above-header-display":"","ast-hfb-below-header-display":"","ast-hfb-mobile-header-display":"","site-post-title":"","ast-breadcrumbs-content":"","ast-featured-img":"","footer-sml-layout":"","theme-transparent-header-meta":"","adv-header-id-meta":"","stick-header-meta":"","header-above-stick-meta":"","header-main-stick-meta":"","header-below-stick-meta":"","astra-migrate-meta-layouts":"default","ast-page-background-enabled":"default","ast-page-background-meta":{"desktop":{"background-color":"var(--ast-global-color-4)","background-image":"","background-repeat":"repeat","background-position":"center center","background-size":"auto","background-attachment":"scroll","background-type":"","background-media":"","overlay-type":"","overlay-color":"","overlay-opacity":"","overlay-gradient":""},"tablet":{"background-color":"","background-image":"","background-repeat":"repeat","background-position":"center center","background-size":"auto","background-attachment":"scroll","background-type":"","background-media":"","overlay-type":"","overlay-color":"","overlay-opacity":"","overlay-gradient":""},"mobile":{"background-color":"","background-image":"","background-repeat":"repeat","background-position":"center center","background-size":"auto","background-attachment":"scroll","background-type":"","background-media":"","overlay-type":"","overlay-color":"","overlay-opacity":"","overlay-gradient":""}},"ast-content-background-meta":{"desktop":{"background-color":"var(--ast-global-color-5)","background-image":"","background-repeat":"repeat","background-position":"center center","background-size":"auto","background-attachment":"scroll","background-type":"","background-media":"","overlay-type":"","overlay-color":"","overlay-opacity":"","overlay-gradient":""},"tablet":{"background-color":"var(--ast-global-color-5)","background-image":"","background-repeat":"repeat","background-position":"center center","background-size":"auto","background-attachment":"scroll","background-type":"","background-media":"","overlay-type":"","overlay-color":"","overlay-opacity":"","overlay-gradient":""},"mobile":{"background-color":"var(--ast-global-color-5)","background-image":"","background-repeat":"repeat","background-position":"center center","background-size":"auto","background-attachment":"scroll","background-type":"","background-media":"","overlay-type":"","overlay-color":"","overlay-opacity":"","overlay-gradient":""}},"footnotes":""},"categories":[8],"tags":[12263,29465,29463],"class_list":["post-83893","post","type-post","status-publish","format-standard","has-post-thumbnail","hentry","category-noticias","tag-desaparicion-forzada","tag-marcha-pacifica","tag-victimas-de-desaparicion"],"_links":{"self":[{"href":"https:\/\/losperiodistas.com.mx\/portal\/wp-json\/wp\/v2\/posts\/83893","targetHints":{"allow":["GET"]}}],"collection":[{"href":"https:\/\/losperiodistas.com.mx\/portal\/wp-json\/wp\/v2\/posts"}],"about":[{"href":"https:\/\/losperiodistas.com.mx\/portal\/wp-json\/wp\/v2\/types\/post"}],"author":[{"embeddable":true,"href":"https:\/\/losperiodistas.com.mx\/portal\/wp-json\/wp\/v2\/users\/1"}],"replies":[{"embeddable":true,"href":"https:\/\/losperiodistas.com.mx\/portal\/wp-json\/wp\/v2\/comments?post=83893"}],"version-history":[{"count":1,"href":"https:\/\/losperiodistas.com.mx\/portal\/wp-json\/wp\/v2\/posts\/83893\/revisions"}],"predecessor-version":[{"id":83895,"href":"https:\/\/losperiodistas.com.mx\/portal\/wp-json\/wp\/v2\/posts\/83893\/revisions\/83895"}],"wp:featuredmedia":[{"embeddable":true,"href":"https:\/\/losperiodistas.com.mx\/portal\/wp-json\/wp\/v2\/media\/83894"}],"wp:attachment":[{"href":"https:\/\/losperiodistas.com.mx\/portal\/wp-json\/wp\/v2\/media?parent=83893"}],"wp:term":[{"taxonomy":"category","embeddable":true,"href":"https:\/\/losperiodistas.com.mx\/portal\/wp-json\/wp\/v2\/categories?post=83893"},{"taxonomy":"post_tag","embeddable":true,"href":"https:\/\/losperiodistas.com.mx\/portal\/wp-json\/wp\/v2\/tags?post=83893"}],"curies":[{"name":"wp","href":"https:\/\/api.w.org\/{rel}","templated":true}]}}