{"id":83890,"date":"2024-08-30T12:53:32","date_gmt":"2024-08-30T17:53:32","guid":{"rendered":"https:\/\/losperiodistas.com.mx\/portal\/?p=83890"},"modified":"2024-08-30T12:53:34","modified_gmt":"2024-08-30T17:53:34","slug":"los-casos-de-dengue-suben-un-239-en-mexico-y-las-muertes-se-multiplican-por-nueve-efe","status":"publish","type":"post","link":"https:\/\/losperiodistas.com.mx\/portal\/los-casos-de-dengue-suben-un-239-en-mexico-y-las-muertes-se-multiplican-por-nueve-efe\/","title":{"rendered":"Los casos de dengue suben un 239 % en M\u00e9xico y las muertes se multiplican por nueve | EFE"},"content":{"rendered":"\n<figure class=\"wp-block-image size-large\"><img fetchpriority=\"high\" decoding=\"async\" width=\"1024\" height=\"683\" src=\"https:\/\/losperiodistas.com.mx\/portal\/wp-content\/uploads\/2024\/08\/Dengue1-1024x683.jpeg\" alt=\"\" class=\"wp-image-83891\" srcset=\"https:\/\/losperiodistas.com.mx\/portal\/wp-content\/uploads\/2024\/08\/Dengue1-1024x683.jpeg 1024w, https:\/\/losperiodistas.com.mx\/portal\/wp-content\/uploads\/2024\/08\/Dengue1-300x200.jpeg 300w, https:\/\/losperiodistas.com.mx\/portal\/wp-content\/uploads\/2024\/08\/Dengue1-768x512.jpeg 768w, https:\/\/losperiodistas.com.mx\/portal\/wp-content\/uploads\/2024\/08\/Dengue1-1536x1024.jpeg 1536w, https:\/\/losperiodistas.com.mx\/portal\/wp-content\/uploads\/2024\/08\/Dengue1-2048x1365.jpeg 2048w\" sizes=\"(max-width: 1024px) 100vw, 1024px\" \/><figcaption>Un trabajador de la Secretaria de Salud (SSa) durante una jornada de prevenci\u00f3n de propagaci\u00f3n del dengue este mi\u00e9rcoles, en Acapulco (M\u00e9xico). EFE\/ David Guzm\u00e1n<\/figcaption><\/figure>\n\n\n\n<p class=\"has-vivid-red-color has-text-color has-medium-font-size\"><strong>Sergio Robles \/ EFE<\/strong><\/p>\n\n\n\n<p>Acapulco (M\u00e9xico) (EFE).- Los casos de dengue en M\u00e9xico se han disparado un 239 % en lo que va del a\u00f1o, mientras que las muertes se han multiplicado por nueve, un fen\u00f3meno que se ha agudizado por el verano y las lluvias, y que se resiente en particular en Guerrero, estado del sur del pa\u00eds.<\/p>\n\n\n\n<p>En el reporte de \u2018Panorama epidemiol\u00f3gico de dengue\u2019, la Secretar\u00eda de Salud (SSa) del Gobierno de M\u00e9xico se registran 37.340 casos confirmados hasta el 19 de agosto, m\u00e1s del triple de los 11.023 documentados en el mismo periodo de 2023.<\/p>\n\n\n\n<p>Asimismo, informa de 118 muertes, por encima de las 13 de igual lapso del a\u00f1o pasado.<\/p>\n\n\n\n<h2 class=\"wp-block-heading\" id=\"h-acapulco-siente-el-ascenso-del-dengue-en-mexico\">Acapulco siente el ascenso del dengue en M\u00e9xico<\/h2>\n\n\n\n<p>El estado m\u00e1s afectado es Guerrero, en el sur de M\u00e9xico, que acumula cerca de uno de cada ocho casos confirmados, 4.563, adem\u00e1s de 21 fallecidos, de acuerdo con el informe.<\/p>\n\n\n\n<p>En el puerto de Acapulco, en dicha entidad,&nbsp;<a href=\"https:\/\/efe.com\/mundo\/2024-06-21\/los-casos-de-dengue-suben-un-385-en-mexico-y-la-alerta-crece-ante-la-temporada-de-huracanes\/\">la situaci\u00f3n se agrav\u00f3<\/a>&nbsp;tras los estragos del hurac\u00e1n Otis, que el 25 de octubre pasado rompi\u00f3 el r\u00e9cord de instensificaci\u00f3n de un cicl\u00f3n en el Pac\u00edfico mexicano.<\/p>\n\n\n\n<figure class=\"wp-block-image\"><img decoding=\"async\" src=\"https:\/\/i0.wp.com\/efe.com\/wp-content\/uploads\/2024\/08\/Dengue2.jpg?resize=980%2C654&amp;ssl=1\" alt=\"Fotograf\u00eda a\u00e9rea que muestra la zona alta donde trabajadores de la Secretaria de Salud (SSa) realizan una jornada de prevenci\u00f3n de propagaci\u00f3n del dengue este mi\u00e9rcoles, en Acapulco (M\u00e9xico). EFE\/ David Guzm\u00e1n\" class=\"wp-image-1307890\"\/><figcaption>Fotograf\u00eda a\u00e9rea que muestra la zona alta donde trabajadores de la Secretaria de Salud (SSa) realizan una jornada de prevenci\u00f3n de propagaci\u00f3n del dengue este mi\u00e9rcoles, en Acapulco (M\u00e9xico). EFE\/ David Guzm\u00e1n<\/figcaption><\/figure>\n\n\n\n<p>El jefe de la jurisdicci\u00f3n de la Secretar\u00eda de Salud de Guerrero en Acapulco, Mart\u00edn Mu\u00f1oz Ch\u00e1vez, mencion\u00f3 que lo m\u00e1s cr\u00edtico fue de enero a marzo, cuando hubo un pico alto en casos confirmados, pero ante las acciones de Gobierno est\u00e1 controlada la situaci\u00f3n.<\/p>\n\n\n\n<p>El funcionario manifest\u00f3 que est\u00e1n \u201cen Acapulco circulando los cuatro serotipos (del virus), pero el serotipo 3 es \u00faltimamente el que es el m\u00e1s agresivo\u201d y no circulaba con tanta abundancia en la zona desde antes de la d\u00e9cada de 1990.<\/p>\n\n\n\n<p>\u201cEn los 90 no hab\u00eda nacido la generaci\u00f3n de 5 a 19 a\u00f1os, y ahorita esa generaci\u00f3n es la que nos est\u00e1 presentando las complicaciones, que no debiera ser, puesto que nadie se debe de morir por dengue y se ha visto que se han muerto por dengue porque llegan ya complicados a los hospitales, ya casi a punto de fallecer\u201d, se\u00f1al\u00f3.<\/p>\n\n\n\n<figure class=\"wp-block-embed is-type-wp-embed is-provider-efe-noticias wp-block-embed-efe-noticias\"><div class=\"wp-block-embed__wrapper\">\n<blockquote class=\"wp-embedded-content\" data-secret=\"Q1vWGqu9oM\"><a href=\"https:\/\/efe.com\/mundo\/2024-06-07\/el-dengue-cubrira-la-practica-totalidad-de-brasil-y-mexico-para-2039\/\">El dengue cubrir\u00e1 la pr\u00e1ctica totalidad de Brasil y M\u00e9xico para 2039, seg\u00fan un estudio<\/a><\/blockquote><iframe class=\"wp-embedded-content\" sandbox=\"allow-scripts\" security=\"restricted\" style=\"position: absolute; visibility: hidden;\" title=\"\u00abEl dengue cubrir\u00e1 la pr\u00e1ctica totalidad de Brasil y M\u00e9xico para 2039, seg\u00fan un estudio\u00bb \u2014 EFE Noticias\" src=\"https:\/\/efe.com\/mundo\/2024-06-07\/el-dengue-cubrira-la-practica-totalidad-de-brasil-y-mexico-para-2039\/embed\/#?secret=d7pDtVxpnl#?secret=Q1vWGqu9oM\" data-secret=\"Q1vWGqu9oM\" width=\"500\" height=\"282\" frameborder=\"0\" marginwidth=\"0\" marginheight=\"0\" scrolling=\"no\"><\/iframe>\n<\/div><\/figure>\n\n\n\n<h2 class=\"wp-block-heading\" id=\"h-autoridades-en-alerta\">Autoridades en alerta<\/h2>\n\n\n\n<p>Las autoridades han mostrado mayor preocupaci\u00f3n en las escuelas tras el regreso a clases el lunes pasado, pues los estudiantes son los m\u00e1s vulnerables.<\/p>\n\n\n\n<p>Tambi\u00e9n se acercan septiembre y octubre, cuando m\u00e1s d\u00edas de lluvias suelen ocurrir.<\/p>\n\n\n\n<p>Funcionarios del \u00e1rea de Promoci\u00f3n de la Salud de la Secretar\u00eda en Guerrero, adem\u00e1s de planteles educativos, acuden a los barrios con el mayor n\u00famero de incidentes para frenar el esparcimiento de mosquitos que transmiten el virus, pero el coordinador Luis Antonio V\u00e1zquez advirti\u00f3 de riesgos.<\/p>\n\n\n\n<figure class=\"wp-block-image\"><img decoding=\"async\" src=\"https:\/\/i0.wp.com\/efe.com\/wp-content\/uploads\/2024\/08\/Dengue3.jpg?resize=980%2C650&amp;ssl=1\" alt=\"Trabajadores de la Secretaria de Salud (SSa) se preparan para una jornada de prevenci\u00f3n de propagaci\u00f3n del dengue este mi\u00e9rcoles, en Acapulco (M\u00e9xico). EFE\/ David Guzm\u00e1n\" class=\"wp-image-1307894\"\/><figcaption>Trabajadores de la Secretaria de Salud (SSa) se preparan para una jornada de prevenci\u00f3n de propagaci\u00f3n del dengue este mi\u00e9rcoles, en Acapulco (M\u00e9xico). EFE\/ David Guzm\u00e1n<\/figcaption><\/figure>\n\n\n\n<p>\u201cPor tema de seguridad no nos permiten entrar, as\u00ed es, y son varias (zonas), a veces nada m\u00e1s nos avisan que no entremos y hasta ah\u00ed nos quedamos, ya no entramos. Pero hasta donde podemos estar (lo hacemos) porque s\u00ed estamos trabajando, en los entornos, ponemos tambi\u00e9n \u2018stands\u2019 (puestos) informativos\u201d, describi\u00f3.<\/p>\n\n\n\n<p>Otro de los problemas es la poca participaci\u00f3n de la sociedad, como lo asegura el coordinador del \u00c1rea de Vectores, Ra\u00fal Estrada Aguilar, cuyo trabajo es controlar la cadena de transmisi\u00f3n del virus, pero solo el 60 % de los hogares que visitan permiten ingresar y capacitarlos.<\/p>\n\n\n\n<p>\u201cLa renuencia es muy constante de las mismas familias, a veces est\u00e1n enfermos y no dejan que se hagan las fumigaciones adentro de los hogares que ya est\u00e1n reportados en el sistema de salud\u201d, mencion\u00f3.<\/p>\n\n\n\n<figure class=\"wp-block-embed is-type-video is-provider-youtube wp-block-embed-youtube wp-embed-aspect-16-9 wp-has-aspect-ratio\"><div class=\"wp-block-embed__wrapper\">\n<iframe title=\"Los casos de dengue en M\u00e9xico se disparan y multiplican por nueve las muertes\" width=\"500\" height=\"281\" src=\"https:\/\/www.youtube.com\/embed\/EBoWT3u_CP0?feature=oembed\" frameborder=\"0\" allow=\"accelerometer; autoplay; clipboard-write; encrypted-media; gyroscope; picture-in-picture; web-share\" referrerpolicy=\"strict-origin-when-cross-origin\" allowfullscreen><\/iframe>\n<\/div><\/figure>\n\n\n\n<p><\/p>\n\n\n\n<p>A pesar del panorama, en el \u00e1rea de Vigilancia Epidemiol\u00f3gica dicen que en estos momentos no se vive una epidemia en Acapulco.<\/p>\n\n\n\n<p>M\u00e9dicos afirman que todas las personas con alg\u00fan s\u00edntoma deber\u00edan notificarlo a las autoridades para identificar cu\u00e1l serotipo del virus tienen.<\/p>\n\n\n\n<p>Fuente: <a href=\"https:\/\/efe.com\/salud\/2024-08-30\/los-casos-de-dengue-suben-un-239-en-mexico-y-las-muertes-se-multiplican-por-nueve\/\">https:\/\/efe.com\/salud\/2024-08-30\/los-casos-de-dengue-suben-un-239-en-mexico-y-las-muertes-se-multiplican-por-nueve\/<\/a><\/p>\n","protected":false},"excerpt":{"rendered":"<p>Sergio Robles \/ EFE Acapulco (M\u00e9xico) (EFE).- Los casos de dengue en M\u00e9xico se han disparado un 239 % en [&hellip;]<\/p>\n","protected":false},"author":1,"featured_media":83891,"comment_status":"open","ping_status":"open","sticky":false,"template":"","format":"standard","meta":{"site-sidebar-layout":"default","site-content-layout":"","ast-site-content-layout":"default","site-content-style":"default","site-sidebar-style":"default","ast-global-header-display":"","ast-banner-title-visibility":"","ast-main-header-display":"","ast-hfb-above-header-display":"","ast-hfb-below-header-display":"","ast-hfb-mobile-header-display":"","site-post-title":"","ast-breadcrumbs-content":"","ast-featured-img":"","footer-sml-layout":"","theme-transparent-header-meta":"","adv-header-id-meta":"","stick-header-meta":"","header-above-stick-meta":"","header-main-stick-meta":"","header-below-stick-meta":"","astra-migrate-meta-layouts":"default","ast-page-background-enabled":"default","ast-page-background-meta":{"desktop":{"background-color":"var(--ast-global-color-4)","background-image":"","background-repeat":"repeat","background-position":"center center","background-size":"auto","background-attachment":"scroll","background-type":"","background-media":"","overlay-type":"","overlay-color":"","overlay-opacity":"","overlay-gradient":""},"tablet":{"background-color":"","background-image":"","background-repeat":"repeat","background-position":"center center","background-size":"auto","background-attachment":"scroll","background-type":"","background-media":"","overlay-type":"","overlay-color":"","overlay-opacity":"","overlay-gradient":""},"mobile":{"background-color":"","background-image":"","background-repeat":"repeat","background-position":"center center","background-size":"auto","background-attachment":"scroll","background-type":"","background-media":"","overlay-type":"","overlay-color":"","overlay-opacity":"","overlay-gradient":""}},"ast-content-background-meta":{"desktop":{"background-color":"var(--ast-global-color-5)","background-image":"","background-repeat":"repeat","background-position":"center center","background-size":"auto","background-attachment":"scroll","background-type":"","background-media":"","overlay-type":"","overlay-color":"","overlay-opacity":"","overlay-gradient":""},"tablet":{"background-color":"var(--ast-global-color-5)","background-image":"","background-repeat":"repeat","background-position":"center center","background-size":"auto","background-attachment":"scroll","background-type":"","background-media":"","overlay-type":"","overlay-color":"","overlay-opacity":"","overlay-gradient":""},"mobile":{"background-color":"var(--ast-global-color-5)","background-image":"","background-repeat":"repeat","background-position":"center center","background-size":"auto","background-attachment":"scroll","background-type":"","background-media":"","overlay-type":"","overlay-color":"","overlay-opacity":"","overlay-gradient":""}},"footnotes":""},"categories":[8],"tags":[29461,29459,29462],"class_list":["post-83890","post","type-post","status-publish","format-standard","has-post-thumbnail","hentry","category-noticias","tag-aumenta-dengue-en-mexico","tag-dengue-mexico","tag-guerrero-dengue"],"_links":{"self":[{"href":"https:\/\/losperiodistas.com.mx\/portal\/wp-json\/wp\/v2\/posts\/83890","targetHints":{"allow":["GET"]}}],"collection":[{"href":"https:\/\/losperiodistas.com.mx\/portal\/wp-json\/wp\/v2\/posts"}],"about":[{"href":"https:\/\/losperiodistas.com.mx\/portal\/wp-json\/wp\/v2\/types\/post"}],"author":[{"embeddable":true,"href":"https:\/\/losperiodistas.com.mx\/portal\/wp-json\/wp\/v2\/users\/1"}],"replies":[{"embeddable":true,"href":"https:\/\/losperiodistas.com.mx\/portal\/wp-json\/wp\/v2\/comments?post=83890"}],"version-history":[{"count":1,"href":"https:\/\/losperiodistas.com.mx\/portal\/wp-json\/wp\/v2\/posts\/83890\/revisions"}],"predecessor-version":[{"id":83892,"href":"https:\/\/losperiodistas.com.mx\/portal\/wp-json\/wp\/v2\/posts\/83890\/revisions\/83892"}],"wp:featuredmedia":[{"embeddable":true,"href":"https:\/\/losperiodistas.com.mx\/portal\/wp-json\/wp\/v2\/media\/83891"}],"wp:attachment":[{"href":"https:\/\/losperiodistas.com.mx\/portal\/wp-json\/wp\/v2\/media?parent=83890"}],"wp:term":[{"taxonomy":"category","embeddable":true,"href":"https:\/\/losperiodistas.com.mx\/portal\/wp-json\/wp\/v2\/categories?post=83890"},{"taxonomy":"post_tag","embeddable":true,"href":"https:\/\/losperiodistas.com.mx\/portal\/wp-json\/wp\/v2\/tags?post=83890"}],"curies":[{"name":"wp","href":"https:\/\/api.w.org\/{rel}","templated":true}]}}