{"id":83886,"date":"2024-08-30T12:32:58","date_gmt":"2024-08-30T17:32:58","guid":{"rendered":"https:\/\/losperiodistas.com.mx\/portal\/?p=83886"},"modified":"2024-08-30T12:33:01","modified_gmt":"2024-08-30T17:33:01","slug":"venezuela-sufre-un-apagon-nacional-maduro-culpa-al-fascismo-de-un-sabotaje-electrico-criminal-el-espanol","status":"publish","type":"post","link":"https:\/\/losperiodistas.com.mx\/portal\/venezuela-sufre-un-apagon-nacional-maduro-culpa-al-fascismo-de-un-sabotaje-electrico-criminal-el-espanol\/","title":{"rendered":"Venezuela sufre un apag\u00f3n nacional: Maduro culpa al \u00abfascismo\u00bb de un \u00absabotaje el\u00e9ctrico criminal\u00bb | El Espa\u00f1ol"},"content":{"rendered":"\n<h2 class=\"wp-block-heading\">Maduro responsabiliz\u00f3 al \u00abfascismo\u00bb de \u00abatacar al pueblo\u00bb, una \u00abnueva arremetida\u00bb que todos en el pa\u00eds -agreg\u00f3- superar\u00e1n \u00abjuntos\u00bb.<\/h2>\n\n\n\n<figure class=\"wp-block-image size-large\"><img fetchpriority=\"high\" decoding=\"async\" width=\"1024\" height=\"576\" src=\"https:\/\/losperiodistas.com.mx\/portal\/wp-content\/uploads\/2024\/08\/882172383_248815797_1706x960-1024x576.jpeg\" alt=\"\" class=\"wp-image-83888\" srcset=\"https:\/\/losperiodistas.com.mx\/portal\/wp-content\/uploads\/2024\/08\/882172383_248815797_1706x960-1024x576.jpeg 1024w, https:\/\/losperiodistas.com.mx\/portal\/wp-content\/uploads\/2024\/08\/882172383_248815797_1706x960-300x169.jpeg 300w, https:\/\/losperiodistas.com.mx\/portal\/wp-content\/uploads\/2024\/08\/882172383_248815797_1706x960-768x432.jpeg 768w, https:\/\/losperiodistas.com.mx\/portal\/wp-content\/uploads\/2024\/08\/882172383_248815797_1706x960-1536x864.jpeg 1536w, https:\/\/losperiodistas.com.mx\/portal\/wp-content\/uploads\/2024\/08\/882172383_248815797_1706x960.jpeg 1706w\" sizes=\"(max-width: 1024px) 100vw, 1024px\" \/><figcaption>Una mujer cuenta dinero en un puesto de comida usando la luz de su tel\u00e9fono m\u00f3vil durante un corte de energ\u00eda que afecta a Caracas y otras regiones del pa\u00eds, en Caracas, Venezuela, el 30 de agosto de 2024.\u00a0Fernandez Viloria\u00a0REUTERS\u00a0Venezuela<\/figcaption><\/figure>\n\n\n\n<p class=\"has-vivid-red-color has-text-color has-medium-font-size\"><strong>J. S\u00c1NCHEZ \/ Agencias \/ El Espa\u00f1ol<\/strong><\/p>\n\n\n\n<p id=\"paragraph_1\">Venezuela sufre un apag\u00f3n nacional que comenz\u00f3 a las 4:50 hora local (8:50 GMT), a consecuencia, seg\u00fan fuentes del Gobierno, de un \u00absabotaje el\u00e9ctrico\u00bb. Los trabajadores estatales tratan de restablecer el servicio lo antes posible. El presidente del pa\u00eds, Nicol\u00e1s Maduro, ha hecho un llamado \u00aba la calma\u00bb a la poblaci\u00f3n frente al \u00abataque criminal\u00bb.<\/p>\n\n\n\n<p id=\"paragraph_2\">El ministro de Comunicaciones,&nbsp;<strong>Freddy \u00d1\u00e1\u00f1ez<\/strong>, inform\u00f3 a trav\u00e9s de Telegram que el apag\u00f3n ha afectado a \u00abvarios estados del pa\u00eds, incluyendo la Gran Caracas\u00bb, un dato que confirmaron a trav\u00e9s de diversas redes sociales ciudadanos de, al menos, 21 regiones de las 23 que conforman el pa\u00eds.<\/p>\n\n\n\n<p id=\"paragraph_3\">El funcionario, que no precis\u00f3 qu\u00e9 tipo de \u00absabotaje\u00bb se ha perpetrado ni quienes son los responsables del mismo, se\u00f1al\u00f3 que \u00aben estos momentos, el equipo del gabinete el\u00e9ctrico trabaja en la&nbsp;<strong>restituci\u00f3n total del servicio<\/strong>\u00ab.<\/p>\n\n\n\n<p id=\"paragraph_4\">Explic\u00f3 que se ha activado en la capital un<strong>&nbsp;\u00aboperativo especial para el transporte superficial\u00bb<\/strong>, gestionado por Metro de Caracas\u00bb, aunque, por el momento, se desconoce el n\u00famero de estaciones o sectores que se encuentran en funcionamiento.<\/p>\n\n\n\n<h3 class=\"wp-block-heading\">Maduro y Cabello<\/h3>\n\n\n\n<p id=\"paragraph_5\">Por su parte,&nbsp;Maduro hizo un llamado a la \u00abcalma\u00bb ante un nuevo \u00abataque criminal\u00bb contra el sistema el\u00e9ctrico nacional. \u00abComo siempre, estoy junto al pueblo y me encuentro al frente de la situaci\u00f3n, enfrentando este ataque criminal contra del sistema el\u00e9ctrico nacional. Lo he dicho y lo repito:&nbsp;<strong>\u00a1Calma y cordura, nervios de acero!<\/strong>\u00ab, expres\u00f3 el jefe de Estado en un mensaje en Telegram.<\/p>\n\n\n\n<p id=\"paragraph_6\">El l\u00edder chavista responsabiliz\u00f3 al&nbsp;<strong>\u00abfascismo\u00bb de \u00abatacar al pueblo\u00bb,<\/strong>&nbsp;una \u00abnueva arremetida\u00bb que todos en el pa\u00eds -agreg\u00f3- superar\u00e1n \u00abjuntos\u00bb.<\/p>\n\n\n\n<p id=\"paragraph_7\">En la misma l\u00ednea, el ministro del Interior,&nbsp;<strong>Diosdado Cabello<\/strong>, ha tildado el suceso de \u00abun nuevo ataque criminal\u00bb, y asegura que se har\u00e1 \u00abjusticia\u00bb contra \u00ablos que planifican estas actividades contra nuestro pueblo\u00bb.<\/p>\n\n\n\n<p id=\"paragraph_8\">Se\u00f1al\u00f3 que el Ejecutivo ya ten\u00eda informaci\u00f3n de supuestos ataques contra este servicio, entre ellos el que \u00abhubo\u00bb el pasado martes, que afect\u00f3, seg\u00fan dijo entonces, a Caracas y ocho de los 23 estados que forman el pa\u00eds, de lo que tambi\u00e9n acus\u00f3 a \u00absectores opositores\u00bb.<\/p>\n\n\n\n<p id=\"paragraph_9\">Asegur\u00f3 que<strong>&nbsp;\u00abalgunos sectores\u00bb de la capital ya comenzaron a recibir el suministro<\/strong>&nbsp;el\u00e9ctrico, un proceso que -dijo- se llevar\u00e1 a cabo \u00abpoco a poco\u00bb, sin dar un plazo aproximado para su resoluci\u00f3n.<\/p>\n\n\n\n<h3 class=\"wp-block-heading\">Apag\u00f3n de 2019<\/h3>\n\n\n\n<p id=\"paragraph_10\">Diversos estados del pa\u00eds sufren apagones frecuentemente, en algunos casos, que duran hasta una semana, seg\u00fan reportan usuarios de diversas regiones de manera habitual.<\/p>\n\n\n\n<p id=\"paragraph_11\">El \u00faltimo gran apag\u00f3n nacional se produjo en marzo del 2019, cuando gran parte del pa\u00eds estuvo cuatro d\u00edas sin luz.<\/p>\n\n\n\n<p id=\"paragraph_12\">Entonces, el Gobierno tambi\u00e9n atribuy\u00f3 la falla nacional a un sabotaje, por el que se\u00f1al\u00f3 a la oposici\u00f3n y a los Gobiernos de Estados Unidos y Colombia, liderados en aquel momento por Donald Trump e Iv\u00e1n Duque respectivamente.<\/p>\n\n\n\n<p>Fuente: <a href=\"https:\/\/www.elespanol.com\/mundo\/america\/20240830\/venezuela-sufre-apagon-nacional-maduro-culpa-fascismo-sabotaje-electrico-criminal\/882162141_0.html\">https:\/\/www.elespanol.com\/mundo\/america\/20240830\/venezuela-sufre-apagon-nacional-maduro-culpa-fascismo-sabotaje-electrico-criminal\/882162141_0.html<\/a><\/p>\n","protected":false},"excerpt":{"rendered":"<p>Maduro responsabiliz\u00f3 al \u00abfascismo\u00bb de \u00abatacar al pueblo\u00bb, una \u00abnueva arremetida\u00bb que todos en el pa\u00eds -agreg\u00f3- superar\u00e1n \u00abjuntos\u00bb. J. [&hellip;]<\/p>\n","protected":false},"author":1,"featured_media":83888,"comment_status":"open","ping_status":"open","sticky":false,"template":"","format":"standard","meta":{"site-sidebar-layout":"default","site-content-layout":"","ast-site-content-layout":"default","site-content-style":"default","site-sidebar-style":"default","ast-global-header-display":"","ast-banner-title-visibility":"","ast-main-header-display":"","ast-hfb-above-header-display":"","ast-hfb-below-header-display":"","ast-hfb-mobile-header-display":"","site-post-title":"","ast-breadcrumbs-content":"","ast-featured-img":"","footer-sml-layout":"","theme-transparent-header-meta":"","adv-header-id-meta":"","stick-header-meta":"","header-above-stick-meta":"","header-main-stick-meta":"","header-below-stick-meta":"","astra-migrate-meta-layouts":"default","ast-page-background-enabled":"default","ast-page-background-meta":{"desktop":{"background-color":"var(--ast-global-color-4)","background-image":"","background-repeat":"repeat","background-position":"center center","background-size":"auto","background-attachment":"scroll","background-type":"","background-media":"","overlay-type":"","overlay-color":"","overlay-opacity":"","overlay-gradient":""},"tablet":{"background-color":"","background-image":"","background-repeat":"repeat","background-position":"center center","background-size":"auto","background-attachment":"scroll","background-type":"","background-media":"","overlay-type":"","overlay-color":"","overlay-opacity":"","overlay-gradient":""},"mobile":{"background-color":"","background-image":"","background-repeat":"repeat","background-position":"center center","background-size":"auto","background-attachment":"scroll","background-type":"","background-media":"","overlay-type":"","overlay-color":"","overlay-opacity":"","overlay-gradient":""}},"ast-content-background-meta":{"desktop":{"background-color":"var(--ast-global-color-5)","background-image":"","background-repeat":"repeat","background-position":"center center","background-size":"auto","background-attachment":"scroll","background-type":"","background-media":"","overlay-type":"","overlay-color":"","overlay-opacity":"","overlay-gradient":""},"tablet":{"background-color":"var(--ast-global-color-5)","background-image":"","background-repeat":"repeat","background-position":"center center","background-size":"auto","background-attachment":"scroll","background-type":"","background-media":"","overlay-type":"","overlay-color":"","overlay-opacity":"","overlay-gradient":""},"mobile":{"background-color":"var(--ast-global-color-5)","background-image":"","background-repeat":"repeat","background-position":"center center","background-size":"auto","background-attachment":"scroll","background-type":"","background-media":"","overlay-type":"","overlay-color":"","overlay-opacity":"","overlay-gradient":""}},"footnotes":""},"categories":[8],"tags":[29457,29458,2936,28046,2935],"class_list":["post-83886","post","type-post","status-publish","format-standard","has-post-thumbnail","hentry","category-noticias","tag-apagon-venezuera","tag-diosdado-cabello","tag-nicolas-maduro","tag-nicolas-maduro-2","tag-venezuela"],"_links":{"self":[{"href":"https:\/\/losperiodistas.com.mx\/portal\/wp-json\/wp\/v2\/posts\/83886","targetHints":{"allow":["GET"]}}],"collection":[{"href":"https:\/\/losperiodistas.com.mx\/portal\/wp-json\/wp\/v2\/posts"}],"about":[{"href":"https:\/\/losperiodistas.com.mx\/portal\/wp-json\/wp\/v2\/types\/post"}],"author":[{"embeddable":true,"href":"https:\/\/losperiodistas.com.mx\/portal\/wp-json\/wp\/v2\/users\/1"}],"replies":[{"embeddable":true,"href":"https:\/\/losperiodistas.com.mx\/portal\/wp-json\/wp\/v2\/comments?post=83886"}],"version-history":[{"count":1,"href":"https:\/\/losperiodistas.com.mx\/portal\/wp-json\/wp\/v2\/posts\/83886\/revisions"}],"predecessor-version":[{"id":83889,"href":"https:\/\/losperiodistas.com.mx\/portal\/wp-json\/wp\/v2\/posts\/83886\/revisions\/83889"}],"wp:featuredmedia":[{"embeddable":true,"href":"https:\/\/losperiodistas.com.mx\/portal\/wp-json\/wp\/v2\/media\/83888"}],"wp:attachment":[{"href":"https:\/\/losperiodistas.com.mx\/portal\/wp-json\/wp\/v2\/media?parent=83886"}],"wp:term":[{"taxonomy":"category","embeddable":true,"href":"https:\/\/losperiodistas.com.mx\/portal\/wp-json\/wp\/v2\/categories?post=83886"},{"taxonomy":"post_tag","embeddable":true,"href":"https:\/\/losperiodistas.com.mx\/portal\/wp-json\/wp\/v2\/tags?post=83886"}],"curies":[{"name":"wp","href":"https:\/\/api.w.org\/{rel}","templated":true}]}}