{"id":83416,"date":"2024-08-24T12:16:28","date_gmt":"2024-08-24T17:16:28","guid":{"rendered":"https:\/\/losperiodistas.com.mx\/portal\/?p=83416"},"modified":"2024-08-24T12:16:30","modified_gmt":"2024-08-24T17:16:30","slug":"lo-ultimo-en-robots-humanoides-en-la-feria-de-pekin-miedo-realidad-o-ficcion-telecinco","status":"publish","type":"post","link":"https:\/\/losperiodistas.com.mx\/portal\/lo-ultimo-en-robots-humanoides-en-la-feria-de-pekin-miedo-realidad-o-ficcion-telecinco\/","title":{"rendered":"Lo \u00faltimo en robots humanoides en la feria de Pek\u00edn: \u00bfmiedo, realidad o ficci\u00f3n? | TeleCinco"},"content":{"rendered":"\n<ul class=\"has-pale-ocean-gradient-background has-background has-medium-font-size wp-block-list\"><li><strong>Con m\u00e1s de 60 tipos de robots humanoides, la conferencia se celebra del 21 al 25 de agosto en el Centro Internacional de Exposiciones y Convenciones Etrong de Pek\u00edn<\/strong><\/li><li><strong>Miles de visitantes acuden en Pek\u00edn a la Conferencia Mundial de Rob\u00f3tica 2024<\/strong><\/li><\/ul>\n\n\n\n<figure class=\"wp-block-image size-full\"><img fetchpriority=\"high\" decoding=\"async\" width=\"1000\" height=\"565\" src=\"https:\/\/losperiodistas.com.mx\/portal\/wp-content\/uploads\/2024\/08\/robots-humanoides.jpg\" alt=\"\" class=\"wp-image-83417\" srcset=\"https:\/\/losperiodistas.com.mx\/portal\/wp-content\/uploads\/2024\/08\/robots-humanoides.jpg 1000w, https:\/\/losperiodistas.com.mx\/portal\/wp-content\/uploads\/2024\/08\/robots-humanoides-300x170.jpg 300w, https:\/\/losperiodistas.com.mx\/portal\/wp-content\/uploads\/2024\/08\/robots-humanoides-768x434.jpg 768w\" sizes=\"(max-width: 1000px) 100vw, 1000px\" \/><figcaption><a href=\"https:\/\/www.telecinco.es\/noticias\/ciencia-y-tecnologia\/20240823\/robots-humanoides-feria-pekin_18_013293801.html\">VIDEO<\/a><\/figcaption><\/figure>\n\n\n\n<p>Redacci\u00f3n TeleCinco<\/p>\n\n\n\n<p>Miles de visitantes acuden en Pek\u00edn a la<strong>&nbsp;Conferencia Mundial de Rob\u00f3tica 2024<\/strong>, que se celebra estos d\u00edas en la capital china, para conocer las \u00faltimas innovaciones en el campo de los&nbsp;robots humanoides&nbsp;cada vez m\u00e1s integrados en diversos aspectos de la&nbsp;vida cotidiana y la industria.&nbsp;Con m\u00e1s de&nbsp;<strong>60 tipos de robots humanoides<\/strong>, la conferencia se celebra del 21 al 25 de agosto en el Centro Internacional de Exposiciones y Convenciones Etrong de Pek\u00edn, en China.Publicidad<\/p>\n\n\n\n<p>Es posible que en los restaurantes muy pronto solo nos atiendan robots. A tenor de la\u00a0<strong>Feria Mundial de Pek\u00edn<\/strong>, no falta demasiado. Robots inteligentes, \u00e1giles y con aspecto humanoide est\u00e1n acaparando todo el protagonismo.<\/p>\n\n\n\n<p>No son humanos pero lo parecen por su<strong>&nbsp;parpadeo, por sus gestos, por las bolsas y arrugas<\/strong>&nbsp;alrededor de sus ojos. Es un robot que preparado para reconocer y expresar emociones como los humanos. En esta l\u00ednea trabaja la empresa china,&nbsp;<strong>Ex-robots.&nbsp;<\/strong>Intentando que las m\u00e1quinas se parezcan cada vez m\u00e1s a las personas.<\/p>\n\n\n\n<p>Muy pronto&nbsp;<strong>los robots ser\u00e1n gu\u00edas en museos o centros comerciales<\/strong>. Por eso quieren que tengan aspecto humano, para que los clientes se sientan m\u00e1s c\u00f3modos. Importante y vital puede ser en el futuro si&nbsp;<a href=\"https:\/\/www.telecinco.es\/noticias\/ciencia-y-tecnologia\/grace-robot-enfermera-cuidadora-ancianos-mayores_18_3151845251.html\">se dedican tambi\u00e9n a la salud<\/a>&nbsp;o a la educaci\u00f3n. Todo apunta a que ser\u00e1n&nbsp;<a href=\"https:\/\/www.telecinco.es\/noticias\/madrid\/20240807\/jose-convive-primer-robot-cuidador-fuenlabrada_18_013185217.html\">nuestros futuros cuidadores<\/a>. Como se\u00f1alan los expertos, \u00abel robot podr\u00e1 ayudarnos en las tareas dom\u00e9sticas o incluso cuidar del beb\u00e9 por nosotros\u00bb.Publicidad<\/p>\n\n\n\n<p><strong>Rostros y manos de silicona<\/strong>\u00a0recubrir\u00e1n estos humanoides que con un aliado tan importante como la<strong>\u00a0inteligencia artificial<\/strong>\u00a0que los har\u00e1 cada vez ser\u00e1n m\u00e1s completos. Ya los vemos jugando al ajedrez, a piedra, papel o tijera., dando masajes, peinando, cocinando\u00a0o\u00a0trabajando en la industria del autom\u00f3vil y m\u00e1s pronto de lo que creen entrar\u00e1n en nuestras casas.<\/p>\n\n\n\n<p>Fuente: <a href=\"https:\/\/www.telecinco.es\/noticias\/ciencia-y-tecnologia\/20240823\/robots-humanoides-feria-pekin_18_013293801.html\">https:\/\/www.telecinco.es\/noticias\/ciencia-y-tecnologia\/20240823\/robots-humanoides-feria-pekin_18_013293801.html<\/a><\/p>\n","protected":false},"excerpt":{"rendered":"<p>Con m\u00e1s de 60 tipos de robots humanoides, la conferencia se celebra del 21 al 25 de agosto en el [&hellip;]<\/p>\n","protected":false},"author":1,"featured_media":83417,"comment_status":"open","ping_status":"open","sticky":false,"template":"","format":"standard","meta":{"site-sidebar-layout":"default","site-content-layout":"","ast-site-content-layout":"default","site-content-style":"default","site-sidebar-style":"default","ast-global-header-display":"","ast-banner-title-visibility":"","ast-main-header-display":"","ast-hfb-above-header-display":"","ast-hfb-below-header-display":"","ast-hfb-mobile-header-display":"","site-post-title":"","ast-breadcrumbs-content":"","ast-featured-img":"","footer-sml-layout":"","theme-transparent-header-meta":"","adv-header-id-meta":"","stick-header-meta":"","header-above-stick-meta":"","header-main-stick-meta":"","header-below-stick-meta":"","astra-migrate-meta-layouts":"default","ast-page-background-enabled":"default","ast-page-background-meta":{"desktop":{"background-color":"var(--ast-global-color-4)","background-image":"","background-repeat":"repeat","background-position":"center center","background-size":"auto","background-attachment":"scroll","background-type":"","background-media":"","overlay-type":"","overlay-color":"","overlay-opacity":"","overlay-gradient":""},"tablet":{"background-color":"","background-image":"","background-repeat":"repeat","background-position":"center center","background-size":"auto","background-attachment":"scroll","background-type":"","background-media":"","overlay-type":"","overlay-color":"","overlay-opacity":"","overlay-gradient":""},"mobile":{"background-color":"","background-image":"","background-repeat":"repeat","background-position":"center center","background-size":"auto","background-attachment":"scroll","background-type":"","background-media":"","overlay-type":"","overlay-color":"","overlay-opacity":"","overlay-gradient":""}},"ast-content-background-meta":{"desktop":{"background-color":"var(--ast-global-color-5)","background-image":"","background-repeat":"repeat","background-position":"center center","background-size":"auto","background-attachment":"scroll","background-type":"","background-media":"","overlay-type":"","overlay-color":"","overlay-opacity":"","overlay-gradient":""},"tablet":{"background-color":"var(--ast-global-color-5)","background-image":"","background-repeat":"repeat","background-position":"center center","background-size":"auto","background-attachment":"scroll","background-type":"","background-media":"","overlay-type":"","overlay-color":"","overlay-opacity":"","overlay-gradient":""},"mobile":{"background-color":"var(--ast-global-color-5)","background-image":"","background-repeat":"repeat","background-position":"center center","background-size":"auto","background-attachment":"scroll","background-type":"","background-media":"","overlay-type":"","overlay-color":"","overlay-opacity":"","overlay-gradient":""}},"footnotes":""},"categories":[8],"tags":[29243,4720,29244,17371],"class_list":["post-83416","post","type-post","status-publish","format-standard","has-post-thumbnail","hentry","category-noticias","tag-conferencia-mundial-de-robotico-2024","tag-inteligencia-artificial","tag-robots-con-rostros-humanos","tag-robots-humanoides"],"_links":{"self":[{"href":"https:\/\/losperiodistas.com.mx\/portal\/wp-json\/wp\/v2\/posts\/83416","targetHints":{"allow":["GET"]}}],"collection":[{"href":"https:\/\/losperiodistas.com.mx\/portal\/wp-json\/wp\/v2\/posts"}],"about":[{"href":"https:\/\/losperiodistas.com.mx\/portal\/wp-json\/wp\/v2\/types\/post"}],"author":[{"embeddable":true,"href":"https:\/\/losperiodistas.com.mx\/portal\/wp-json\/wp\/v2\/users\/1"}],"replies":[{"embeddable":true,"href":"https:\/\/losperiodistas.com.mx\/portal\/wp-json\/wp\/v2\/comments?post=83416"}],"version-history":[{"count":1,"href":"https:\/\/losperiodistas.com.mx\/portal\/wp-json\/wp\/v2\/posts\/83416\/revisions"}],"predecessor-version":[{"id":83418,"href":"https:\/\/losperiodistas.com.mx\/portal\/wp-json\/wp\/v2\/posts\/83416\/revisions\/83418"}],"wp:featuredmedia":[{"embeddable":true,"href":"https:\/\/losperiodistas.com.mx\/portal\/wp-json\/wp\/v2\/media\/83417"}],"wp:attachment":[{"href":"https:\/\/losperiodistas.com.mx\/portal\/wp-json\/wp\/v2\/media?parent=83416"}],"wp:term":[{"taxonomy":"category","embeddable":true,"href":"https:\/\/losperiodistas.com.mx\/portal\/wp-json\/wp\/v2\/categories?post=83416"},{"taxonomy":"post_tag","embeddable":true,"href":"https:\/\/losperiodistas.com.mx\/portal\/wp-json\/wp\/v2\/tags?post=83416"}],"curies":[{"name":"wp","href":"https:\/\/api.w.org\/{rel}","templated":true}]}}