{"id":83412,"date":"2024-08-24T12:04:47","date_gmt":"2024-08-24T17:04:47","guid":{"rendered":"https:\/\/losperiodistas.com.mx\/portal\/?p=83412"},"modified":"2024-08-24T12:04:49","modified_gmt":"2024-08-24T17:04:49","slug":"nueva-represion-del-regimen-taliban-ellas-no-pueden-hablar-y-ellos-peinarse-ld","status":"publish","type":"post","link":"https:\/\/losperiodistas.com.mx\/portal\/nueva-represion-del-regimen-taliban-ellas-no-pueden-hablar-y-ellos-peinarse-ld\/","title":{"rendered":"Nueva represi\u00f3n del r\u00e9gimen talib\u00e1n: ellas no pueden hablar y ellos, peinarse | LD"},"content":{"rendered":"\n<h2 class=\"has-background wp-block-heading\" style=\"background-color:#58f7ec\">Las mujeres ser\u00e1n castigadas por cantar, recitar o hablar frente a un micr\u00f3fono. Tambi\u00e9n se les obligar\u00e1 a llevar velo integral.<\/h2>\n\n\n\n<figure class=\"wp-block-image size-large\"><img fetchpriority=\"high\" decoding=\"async\" width=\"1024\" height=\"677\" src=\"https:\/\/losperiodistas.com.mx\/portal\/wp-content\/uploads\/2024\/08\/afganistan-sharia-velo-hiyab-islamismo-mujer-taliban-1024x677.jpg\" alt=\"\" class=\"wp-image-83414\" srcset=\"https:\/\/losperiodistas.com.mx\/portal\/wp-content\/uploads\/2024\/08\/afganistan-sharia-velo-hiyab-islamismo-mujer-taliban-1024x677.jpg 1024w, https:\/\/losperiodistas.com.mx\/portal\/wp-content\/uploads\/2024\/08\/afganistan-sharia-velo-hiyab-islamismo-mujer-taliban-300x198.jpg 300w, https:\/\/losperiodistas.com.mx\/portal\/wp-content\/uploads\/2024\/08\/afganistan-sharia-velo-hiyab-islamismo-mujer-taliban-768x508.jpg 768w, https:\/\/losperiodistas.com.mx\/portal\/wp-content\/uploads\/2024\/08\/afganistan-sharia-velo-hiyab-islamismo-mujer-taliban-1536x1016.jpg 1536w, https:\/\/losperiodistas.com.mx\/portal\/wp-content\/uploads\/2024\/08\/afganistan-sharia-velo-hiyab-islamismo-mujer-taliban.jpg 1633w\" sizes=\"(max-width: 1024px) 100vw, 1024px\" \/><figcaption>Dos mujeres caminan por una carretera en Kandahar (Afganist\u00e1n). |\u00a0EFE<\/figcaption><\/figure>\n\n\n\n<p class=\"has-vivid-red-color has-text-color has-medium-font-size\"><strong>Libertad Digital<\/strong><\/p>\n\n\n\n<p>24\/8\/2024<\/p>\n\n\n\n<p>El&nbsp;<strong>r\u00e9gimen talib\u00e1n<\/strong>&nbsp;de&nbsp;<a href=\"https:\/\/www.libertaddigital.com\/lugares\/afganistan\/1.html\"><strong>Afganist\u00e1n<\/strong><\/a>&nbsp;ha promulgado una nueva ley para la \u00abPropagaci\u00f3n de la Virtud y la Prevenci\u00f3n del Vicio\u00bb que condena el sonido en p\u00fablico de la voz de mujer como una falta contra la modestia. Tambi\u00e9n las obliga a utilizar el<strong>&nbsp;velo integral<\/strong>&nbsp;para tapar su rostro, implementando as\u00ed la interpretaci\u00f3n m\u00e1s rigurosa de la ley isl\u00e1mica.<\/p>\n\n\n\n<p>La ley, ratificada por el&nbsp;<strong>\u00abEmirato Isl\u00e1mico de Afganist\u00e1n<\/strong>\u00ab, que es como se autodenomina el r\u00e9gimen de los talibanes, cuenta con 35 art\u00edculos que abordan cuestiones como el velo integral o hiyab para mujeres, la vestimenta de los hombres, y regulaciones de los medios de comunicaci\u00f3n, seg\u00fan han confirmado a EFE fuentes oficiales de los talibanes.<\/p>\n\n\n\n<p>En un nuevo acto de represi\u00f3n contra las mujeres, la ley prohibir\u00e1 el sonido en p\u00fablico de la voz femenina, lo que incluye actividades como&nbsp;<strong>cantar, recitar o hablar frente a un micr\u00f3fono<\/strong>.javascript:void(0)<\/p>\n\n\n\n<p>En el art\u00edculo que se refiere al&nbsp;<strong>hiyab<\/strong>, la norma establece como necesario que las mujeres se cubran el rostro y el cuerpo para evitar \u00abcausar tentaci\u00f3n\u00bb. Se les proh\u00edbe, incluso, mirar a hombres que no sean sus parientes. Asimismo proh\u00edbe a los conductores transportar mujeres adultas sin un tutor masculino legal.<\/p>\n\n\n\n<p>\u00abLa implementaci\u00f3n de la sharia y el hiyab es nuestra l\u00ednea roja. No podemos negociar con nadie sobre estos asuntos\u00bb, dijo en una reuni\u00f3n con las autoridades el ministro de la Virtud y el Vicio, Mohammad Khalid Hanafi, seg\u00fan el canal afgano Tolo News.<\/p>\n\n\n\n<h3 class=\"wp-block-heading\">Prohibido peinarse y afeitarse<\/h3>\n\n\n\n<p>Para los hombres, el art\u00edculo 22 proh\u00edbe o condena el&nbsp;<strong>uso de corbata, afeitarse o recortar la barba<\/strong>&nbsp;por debajo de la longitud de un pu\u00f1o, o peinarse, como violaciones de la ley isl\u00e1mica.<\/p>\n\n\n\n<p>La norma tiene tambi\u00e9n provisiones generales sobre los medios de comunicaci\u00f3n y su obligaci\u00f3n de adaptarse a la sharia, y la prohibici\u00f3n de \u00abhumillar o insultar a los musulmanes\u00bb, as\u00ed como incluir im\u00e1genes de seres vivos.<\/p>\n\n\n\n<p>De acuerdo con los talibanes, la norma esta hecha en concordancia con la sharia isl\u00e1mica y Hanafi, una de las cuatro principales escuelas de jurisprudencia isl\u00e1mica sunita, eso s\u00ed, en su enfoque m\u00e1s estricto y fundamentalista.<\/p>\n\n\n\n<p>Desde septiembre de 2021, cuando el r\u00e9gimen talib\u00e1n se hizo con el gobierno de Afganist\u00e1n,<strong>\u00a0las mujeres y las ni\u00f1as padecen una extrema represi\u00f3n<\/strong>\u00a0de sus derechos. No pueden trabajar fuera de casa ni recibir educaci\u00f3n (excepto la primaria);\u00a0<a href=\"https:\/\/www.libertaddigital.com\/internacional\/oriente-medio\/2023-07-05\/el-regimen-taliban-prohibe-y-cierra-los-salones-de-belleza-en-afganistan-7031171\/\"><strong>se cerraron miles de salones de belleza<\/strong><\/a>, lo que supuso el fin de los ingresos para muchas de ellas; tampoco pueden participar en actividades deportivas ni visitar restaurantes sin la compa\u00f1\u00eda de un hombre.<\/p>\n\n\n\n<p>Fuente: <a href=\"https:\/\/www.libertaddigital.com\/internacional\/oriente-medio\/2024-08-24\/nueva-represion-del-regimen-taliban-ellas-no-pueden-hablar-y-ellos-peinarse-7157771\/\">https:\/\/www.libertaddigital.com\/internacional\/oriente-medio\/2024-08-24\/nueva-represion-del-regimen-taliban-ellas-no-pueden-hablar-y-ellos-peinarse-7157771\/<\/a><\/p>\n","protected":false},"excerpt":{"rendered":"<p>Las mujeres ser\u00e1n castigadas por cantar, recitar o hablar frente a un micr\u00f3fono. Tambi\u00e9n se les obligar\u00e1 a llevar velo [&hellip;]<\/p>\n","protected":false},"author":1,"featured_media":83414,"comment_status":"open","ping_status":"open","sticky":false,"template":"","format":"standard","meta":{"site-sidebar-layout":"default","site-content-layout":"","ast-site-content-layout":"default","site-content-style":"default","site-sidebar-style":"default","ast-global-header-display":"","ast-banner-title-visibility":"","ast-main-header-display":"","ast-hfb-above-header-display":"","ast-hfb-below-header-display":"","ast-hfb-mobile-header-display":"","site-post-title":"","ast-breadcrumbs-content":"","ast-featured-img":"","footer-sml-layout":"","theme-transparent-header-meta":"","adv-header-id-meta":"","stick-header-meta":"","header-above-stick-meta":"","header-main-stick-meta":"","header-below-stick-meta":"","astra-migrate-meta-layouts":"default","ast-page-background-enabled":"default","ast-page-background-meta":{"desktop":{"background-color":"var(--ast-global-color-4)","background-image":"","background-repeat":"repeat","background-position":"center center","background-size":"auto","background-attachment":"scroll","background-type":"","background-media":"","overlay-type":"","overlay-color":"","overlay-opacity":"","overlay-gradient":""},"tablet":{"background-color":"","background-image":"","background-repeat":"repeat","background-position":"center center","background-size":"auto","background-attachment":"scroll","background-type":"","background-media":"","overlay-type":"","overlay-color":"","overlay-opacity":"","overlay-gradient":""},"mobile":{"background-color":"","background-image":"","background-repeat":"repeat","background-position":"center center","background-size":"auto","background-attachment":"scroll","background-type":"","background-media":"","overlay-type":"","overlay-color":"","overlay-opacity":"","overlay-gradient":""}},"ast-content-background-meta":{"desktop":{"background-color":"var(--ast-global-color-5)","background-image":"","background-repeat":"repeat","background-position":"center center","background-size":"auto","background-attachment":"scroll","background-type":"","background-media":"","overlay-type":"","overlay-color":"","overlay-opacity":"","overlay-gradient":""},"tablet":{"background-color":"var(--ast-global-color-5)","background-image":"","background-repeat":"repeat","background-position":"center center","background-size":"auto","background-attachment":"scroll","background-type":"","background-media":"","overlay-type":"","overlay-color":"","overlay-opacity":"","overlay-gradient":""},"mobile":{"background-color":"var(--ast-global-color-5)","background-image":"","background-repeat":"repeat","background-position":"center center","background-size":"auto","background-attachment":"scroll","background-type":"","background-media":"","overlay-type":"","overlay-color":"","overlay-opacity":"","overlay-gradient":""}},"footnotes":""},"categories":[8],"tags":[3228,29241,29240,28753,29242],"class_list":["post-83412","post","type-post","status-publish","format-standard","has-post-thumbnail","hentry","category-noticias","tag-afganistan","tag-hombres-no-pueden-peinarse","tag-mujeres-no-pueden-cantar","tag-regimen-taliban","tag-salones-de-belleza"],"_links":{"self":[{"href":"https:\/\/losperiodistas.com.mx\/portal\/wp-json\/wp\/v2\/posts\/83412","targetHints":{"allow":["GET"]}}],"collection":[{"href":"https:\/\/losperiodistas.com.mx\/portal\/wp-json\/wp\/v2\/posts"}],"about":[{"href":"https:\/\/losperiodistas.com.mx\/portal\/wp-json\/wp\/v2\/types\/post"}],"author":[{"embeddable":true,"href":"https:\/\/losperiodistas.com.mx\/portal\/wp-json\/wp\/v2\/users\/1"}],"replies":[{"embeddable":true,"href":"https:\/\/losperiodistas.com.mx\/portal\/wp-json\/wp\/v2\/comments?post=83412"}],"version-history":[{"count":1,"href":"https:\/\/losperiodistas.com.mx\/portal\/wp-json\/wp\/v2\/posts\/83412\/revisions"}],"predecessor-version":[{"id":83415,"href":"https:\/\/losperiodistas.com.mx\/portal\/wp-json\/wp\/v2\/posts\/83412\/revisions\/83415"}],"wp:featuredmedia":[{"embeddable":true,"href":"https:\/\/losperiodistas.com.mx\/portal\/wp-json\/wp\/v2\/media\/83414"}],"wp:attachment":[{"href":"https:\/\/losperiodistas.com.mx\/portal\/wp-json\/wp\/v2\/media?parent=83412"}],"wp:term":[{"taxonomy":"category","embeddable":true,"href":"https:\/\/losperiodistas.com.mx\/portal\/wp-json\/wp\/v2\/categories?post=83412"},{"taxonomy":"post_tag","embeddable":true,"href":"https:\/\/losperiodistas.com.mx\/portal\/wp-json\/wp\/v2\/tags?post=83412"}],"curies":[{"name":"wp","href":"https:\/\/api.w.org\/{rel}","templated":true}]}}