{"id":83408,"date":"2024-08-24T11:53:06","date_gmt":"2024-08-24T16:53:06","guid":{"rendered":"https:\/\/losperiodistas.com.mx\/portal\/?p=83408"},"modified":"2024-08-24T11:53:08","modified_gmt":"2024-08-24T16:53:08","slug":"las-bebidas-europeas-guinness-prosecco-y-palinka-en-peligro-de-extincion-por-el-cambio-climatico-euronews","status":"publish","type":"post","link":"https:\/\/losperiodistas.com.mx\/portal\/las-bebidas-europeas-guinness-prosecco-y-palinka-en-peligro-de-extincion-por-el-cambio-climatico-euronews\/","title":{"rendered":"Las bebidas europeas Guinness, prosecco y p\u00e1linka en peligro de extinci\u00f3n por el cambio clim\u00e1tico | Euronews"},"content":{"rendered":"\n<figure class=\"wp-block-image size-large\"><img fetchpriority=\"high\" decoding=\"async\" width=\"1024\" height=\"576\" src=\"https:\/\/losperiodistas.com.mx\/portal\/wp-content\/uploads\/2024\/08\/1920x1080_cmsv2_8744d50e-1811-5d9c-9cdd-0c613640fdf1-8674310-1024x576.jpeg\" alt=\"\" class=\"wp-image-83409\" srcset=\"https:\/\/losperiodistas.com.mx\/portal\/wp-content\/uploads\/2024\/08\/1920x1080_cmsv2_8744d50e-1811-5d9c-9cdd-0c613640fdf1-8674310-1024x576.jpeg 1024w, https:\/\/losperiodistas.com.mx\/portal\/wp-content\/uploads\/2024\/08\/1920x1080_cmsv2_8744d50e-1811-5d9c-9cdd-0c613640fdf1-8674310-300x169.jpeg 300w, https:\/\/losperiodistas.com.mx\/portal\/wp-content\/uploads\/2024\/08\/1920x1080_cmsv2_8744d50e-1811-5d9c-9cdd-0c613640fdf1-8674310-768x432.jpeg 768w, https:\/\/losperiodistas.com.mx\/portal\/wp-content\/uploads\/2024\/08\/1920x1080_cmsv2_8744d50e-1811-5d9c-9cdd-0c613640fdf1-8674310-1536x864.jpeg 1536w, https:\/\/losperiodistas.com.mx\/portal\/wp-content\/uploads\/2024\/08\/1920x1080_cmsv2_8744d50e-1811-5d9c-9cdd-0c613640fdf1-8674310.jpeg 1920w\" sizes=\"(max-width: 1024px) 100vw, 1024px\" \/><figcaption>Bebidas alcoh\u00f3licas europeas en peligro de extinci\u00f3n por el cambio clim\u00e1tico\u00a0&#8211;\u00a0Derechos de autor\u00a0Elevate<\/figcaption><\/figure>\n\n\n\n<p class=\"has-vivid-red-color has-text-color has-medium-font-size\"><strong><a href=\"https:\/\/twitter.com\/euronews\" target=\"_blank\" rel=\"noreferrer noopener\">Rebecca Ann Hughes<\/a> \/ Euronews<\/strong><\/p>\n\n\n\n<p>Las fuertes lluvias, sequ\u00edas y tormentas agravadas por el cambio clim\u00e1tico est\u00e1n dificultando la producci\u00f3n de bebidas alcoh\u00f3licas tradicionales.<\/p>\n\n\n\n<p>Los cambios meteorol\u00f3gicos agravados o m\u00e1s frecuentes por el cambio clim\u00e1tico est\u00e1n&nbsp;<a href=\"https:\/\/es.euronews.com\/my-europe\/2024\/08\/22\/comienza-la-temporada-de-cosecha-del-lupulo-en-republica-checa-tradicion-cervecera-milenar\">poniendo en peligro<\/a>&nbsp;algunas de las bebidas alcoh\u00f3licas favoritas de los europeos. Lluvias torrenciales, sequ\u00edas y tormentas hacen que productos tradicionales como&nbsp;<strong>el vino o los licores empiecen a tener un sabor diferente o puedan desaparezcan por completo<\/strong>.<\/p>\n\n\n\n<p>Los productores est\u00e1n experimentando formas de proteger los cultivos o modificar las recetas, pero puede que no haya una soluci\u00f3n para todas las bebidas alcoh\u00f3licas en peligro. Desde el&nbsp;<strong>prosecco<\/strong>&nbsp;en Italia hasta la&nbsp;<strong>Guinness<\/strong>&nbsp;en Irlanda, \u00e9stas son las bebidas en peligro por el cambio clim\u00e1tico.<\/p>\n\n\n\n<h2 class=\"wp-block-heading\">La producci\u00f3n de prosecco podr\u00eda reducirse en una quinta parte<\/h2>\n\n\n\n<p>El&nbsp;<strong>prosecco es un vino blanco espumoso<\/strong>&nbsp;producido en los vi\u00f1edos de las laderas monta\u00f1osas del noreste de Italia. Pero el&nbsp;<a href=\"https:\/\/es.euronews.com\/green\/2023\/09\/06\/fragil-y-amenazado-el-prosecco-podria-desaparecer-debido-al-cambio-climatico-advierten-los\"><strong>rendimiento de la uva est\u00e1 disminuyendo<\/strong><\/a>, devastado por una combinaci\u00f3n letal de clima extremo y degradaci\u00f3n del suelo. Un nuevo an\u00e1lisis -publicado en la revista &#8216;iScience&#8217; el a\u00f1o pasado- describe la cosecha como \u00abfr\u00e1gil y amenazada\u00bb.<\/p>\n\n\n\n<p>Las lluvias intensas y repentinas provocan una&nbsp;<strong>erosi\u00f3n s\u00fabita del suelo y deslizamientos de laderas<\/strong>&nbsp;en los empinados vi\u00f1edos de Valdobbiadene y Conegliano, donde se produce el&nbsp;<a href=\"https:\/\/es.euronews.com\/video\/2016\/12\/24\/crecen-las-falsificaciones-de-prosecco-a-la-vez-que-su-exito-en-el-mundo\">prosecco de mayor calidad<\/a>. Otro problema es la sequ\u00eda, que dificulta enormemente el riego de los cultivos.The video player is currently playing an ad. You can skip the ad in 5 sec with a mouse or keyboardhttps:\/\/imasdk.googleapis.com\/js\/core\/bridge3.660.0_en.html#goog_1184024154https:\/\/imasdk.googleapis.com\/js\/core\/bridge3.660.0_en.html#goog_1184024155https:\/\/imasdk.googleapis.com\/js\/core\/bridge3.660.0_en.html#goog_1184024156https:\/\/imasdk.googleapis.com\/js\/core\/bridge3.660.0_en.html#goog_1184024167<\/p>\n\n\n\n<p>El tiempo inestable -provocado por el cambio clim\u00e1tico- podr\u00eda reducir las cosechas italianas de&nbsp;<a href=\"https:\/\/es.euronews.com\/green\/2024\/04\/27\/el-cambio-climatico-provoca-la-peor-cosecha-de-vino-en-mas-de-medio-siglo\"><strong>uva de vino<\/strong><\/a>&nbsp;hasta en una quinta parte, seg\u00fan estiman los productores.<\/p>\n\n\n\n<h2 class=\"wp-block-heading\">El cambio clim\u00e1tico da un nuevo sabor al p\u00e1linka h\u00fangaro<\/h2>\n\n\n\n<p>El p\u00e1linka es un aguardiente de frutas tradicional que se produce en&nbsp;<a href=\"https:\/\/es.euronews.com\/tag\/hungria\"><strong>Hungr\u00eda<\/strong><\/a>&nbsp;desde la \u00e9poca medieval.<\/p>\n\n\n\n<p>La bebida est\u00e1 protegida como indicaci\u00f3n geogr\u00e1fica de la Uni\u00f3n Europea y&nbsp;<strong>s\u00f3lo pueden denominarse p\u00e1linka los aguardientes de fruta macerados, destilados, madurados y embotellados en Hungr\u00eda<\/strong>.<\/p>\n\n\n\n<p>Las frutas m\u00e1s utilizadas son&nbsp;<strong>ciruelas<\/strong>,&nbsp;<strong>albaricoques<\/strong>,&nbsp;<strong>manzanas<\/strong>,&nbsp;<strong>peras<\/strong>,&nbsp;<strong>frambuesas<\/strong>,&nbsp;<strong>grosellas<\/strong>&nbsp;y&nbsp;<strong>cerezas<\/strong>, pero algunas de ellas son cada vez m\u00e1s dif\u00edciles de cultivar.<\/p>\n\n\n\n<p>Seg\u00fan los expertos en climatolog\u00eda, los cambios meteorol\u00f3gicos en Hungr\u00eda est\u00e1n poniendo en peligro cultivos frutales como la frambuesa y la grosella negra.<\/p>\n\n\n\n<figure class=\"wp-block-image size-large\"><img decoding=\"async\" width=\"771\" height=\"1024\" src=\"https:\/\/losperiodistas.com.mx\/portal\/wp-content\/uploads\/2024\/08\/pa\u0301linka-771x1024.jpg\" alt=\"\" class=\"wp-image-83410\" srcset=\"https:\/\/losperiodistas.com.mx\/portal\/wp-content\/uploads\/2024\/08\/pa\u0301linka-771x1024.jpg 771w, https:\/\/losperiodistas.com.mx\/portal\/wp-content\/uploads\/2024\/08\/pa\u0301linka-226x300.jpg 226w, https:\/\/losperiodistas.com.mx\/portal\/wp-content\/uploads\/2024\/08\/pa\u0301linka-768x1021.jpg 768w, https:\/\/losperiodistas.com.mx\/portal\/wp-content\/uploads\/2024\/08\/pa\u0301linka.jpg 1000w\" sizes=\"(max-width: 771px) 100vw, 771px\" \/><figcaption>V<a href=\"https:\/\/www.instagram.com\/p\/C_A9e7OiD2H\/?utm_source=ig_web_copy_link\">ER EN INSTAGRAM<\/a><\/figcaption><\/figure>\n\n\n\n<p>Los vientos dominantes del oeste son cada vez m\u00e1s d\u00e9biles, mientras que las condiciones meteorol\u00f3gicas del norte y del sur llegan con m\u00e1s frecuencia. Como consecuencia,&nbsp;<strong>la fruta joven se congela en los \u00e1rboles en primavera<\/strong>, mientras que los cultivos tienen que hacer frente a una sequ\u00eda extrema en verano.<\/p>\n\n\n\n<p>Algunos productores han probado a plantar \u00e1rboles de floraci\u00f3n tard\u00eda para evitar las heladas de mayo, pero esto da al p\u00e1linka un sabor diferente. Otras destiler\u00edas han tomado la decisi\u00f3n m\u00e1s radical de experimentar la&nbsp;<strong>elaboraci\u00f3n de p\u00e1linka con kiwi<\/strong>, que el clima cambiante de Hungr\u00eda permite ahora cultivar a los agricultores.<\/p>\n\n\n\n<h2 class=\"wp-block-heading\">La cerveza brit\u00e1nica podr\u00eda desaparecer por el cambio clim\u00e1tico<\/h2>\n\n\n\n<p>La&nbsp;<strong>gran pinta brit\u00e1nica<\/strong>&nbsp;podr\u00eda ser cosa del pasado a medida que cambie el clima. El clima m\u00e1s c\u00e1lido y seco est\u00e1&nbsp;<strong>da\u00f1ando el crecimiento del l\u00fapulo<\/strong>, que da a la cerveza su sabor amargo.<\/p>\n\n\n\n<p>Los cient\u00edficos trabajan en la obtenci\u00f3n de variedades de l\u00fapulo resistentes al cambio clim\u00e1tico para evitar la desaparici\u00f3n de esta bebida. \u00abSin \u00e9l, la pinta brit\u00e1nica va a morir\u00bb, declar\u00f3 a la &#8216;BBC&#8217; Danielle Whelan, de la cervecera Shepherd Neame.<\/p>\n\n\n\n<p>\u00abS\u00f3lo vamos a importar cerveza y ya no tendremos la cultura que la acompa\u00f1a\u00bb.<\/p>\n\n\n\n<p>Seg\u00fan estimaciones de un equipo de investigaci\u00f3n de la Academia Checa de Ciencias (CAS) y la Universidad de Cambridge,&nbsp;<strong>el rendimiento del l\u00fapulo en Europa podr\u00eda disminuir hasta un 18% de aqu\u00ed a 2050<\/strong>, lo que significa que las cervezas del continente tambi\u00e9n est\u00e1n en peligro.<\/p>\n\n\n\n<h2 class=\"wp-block-heading\">Guinness corre peligro por la escasez de agua<\/h2>\n\n\n\n<p>Diageo Plc es la mayor empresa de bebidas espirituosas del mundo y es responsable de la producci\u00f3n de bebidas como la ginebra&nbsp;<strong>Tanqueray<\/strong>, la cerveza&nbsp;<strong>Guinness<\/strong>&nbsp;y la crema irlandesa&nbsp;<strong>Baileys<\/strong>.<\/p>\n\n\n\n<p>Michael Alexander, responsable mundial de agua, medio ambiente y sostenibilidad agr\u00edcola de Diageo, declar\u00f3 a Time que la empresa est\u00e1 preocupada por la&nbsp;<a href=\"https:\/\/es.euronews.com\/green\/2024\/02\/21\/las-sequias-periodicas-podrian-convertirse-en-la-nueva-normalidad-del-mediterraneo-debido-\"><strong>escasez de agua<\/strong><\/a>&nbsp;para la producci\u00f3n.<\/p>\n\n\n\n<p>El agua constituye m\u00e1s del 60% de los licores y m\u00e1s del 90% de la cerveza. El a\u00f1o pasado, el grupo de bebidas oper\u00f3 desde 43 centros de todo el mundo en zonas con escasez de agua.<\/p>\n\n\n\n<p>\u00abPuedes tener la f\u00e1brica de cerveza o la destiler\u00eda m\u00e1s eficiente del mundo\u00bb, declar\u00f3 Alexander a Time. \u00abPero aun as\u00ed no va a mitigar tu riesgo si hay sequ\u00eda\u00bb.<\/p>\n\n\n\n<p>Fuente: <a href=\"https:\/\/es.euronews.com\/green\/2024\/08\/24\/las-bebidas-europeas-guinness-prosecco-palinka-en-peligro-de-extincion-por-el-cambio-clima\">https:\/\/es.euronews.com\/green\/2024\/08\/24\/las-bebidas-europeas-guinness-prosecco-palinka-en-peligro-de-extincion-por-el-cambio-clima<\/a><\/p>\n","protected":false},"excerpt":{"rendered":"<p>Rebecca Ann Hughes \/ Euronews Las fuertes lluvias, sequ\u00edas y tormentas agravadas por el cambio clim\u00e1tico est\u00e1n dificultando la producci\u00f3n [&hellip;]<\/p>\n","protected":false},"author":1,"featured_media":83409,"comment_status":"open","ping_status":"open","sticky":false,"template":"","format":"standard","meta":{"site-sidebar-layout":"default","site-content-layout":"","ast-site-content-layout":"default","site-content-style":"default","site-sidebar-style":"default","ast-global-header-display":"","ast-banner-title-visibility":"","ast-main-header-display":"","ast-hfb-above-header-display":"","ast-hfb-below-header-display":"","ast-hfb-mobile-header-display":"","site-post-title":"","ast-breadcrumbs-content":"","ast-featured-img":"","footer-sml-layout":"","theme-transparent-header-meta":"","adv-header-id-meta":"","stick-header-meta":"","header-above-stick-meta":"","header-main-stick-meta":"","header-below-stick-meta":"","astra-migrate-meta-layouts":"default","ast-page-background-enabled":"default","ast-page-background-meta":{"desktop":{"background-color":"var(--ast-global-color-4)","background-image":"","background-repeat":"repeat","background-position":"center center","background-size":"auto","background-attachment":"scroll","background-type":"","background-media":"","overlay-type":"","overlay-color":"","overlay-opacity":"","overlay-gradient":""},"tablet":{"background-color":"","background-image":"","background-repeat":"repeat","background-position":"center center","background-size":"auto","background-attachment":"scroll","background-type":"","background-media":"","overlay-type":"","overlay-color":"","overlay-opacity":"","overlay-gradient":""},"mobile":{"background-color":"","background-image":"","background-repeat":"repeat","background-position":"center center","background-size":"auto","background-attachment":"scroll","background-type":"","background-media":"","overlay-type":"","overlay-color":"","overlay-opacity":"","overlay-gradient":""}},"ast-content-background-meta":{"desktop":{"background-color":"var(--ast-global-color-5)","background-image":"","background-repeat":"repeat","background-position":"center center","background-size":"auto","background-attachment":"scroll","background-type":"","background-media":"","overlay-type":"","overlay-color":"","overlay-opacity":"","overlay-gradient":""},"tablet":{"background-color":"var(--ast-global-color-5)","background-image":"","background-repeat":"repeat","background-position":"center center","background-size":"auto","background-attachment":"scroll","background-type":"","background-media":"","overlay-type":"","overlay-color":"","overlay-opacity":"","overlay-gradient":""},"mobile":{"background-color":"var(--ast-global-color-5)","background-image":"","background-repeat":"repeat","background-position":"center center","background-size":"auto","background-attachment":"scroll","background-type":"","background-media":"","overlay-type":"","overlay-color":"","overlay-opacity":"","overlay-gradient":""}},"footnotes":""},"categories":[8],"tags":[176,29239,29236,29237,29235,29238,29234],"class_list":["post-83408","post","type-post","status-publish","format-standard","has-post-thumbnail","hentry","category-noticias","tag-cambio-climatico","tag-diageo-plc","tag-guinness","tag-palinka","tag-produccion-bebidas-europeas","tag-prosecco","tag-serquia"],"_links":{"self":[{"href":"https:\/\/losperiodistas.com.mx\/portal\/wp-json\/wp\/v2\/posts\/83408","targetHints":{"allow":["GET"]}}],"collection":[{"href":"https:\/\/losperiodistas.com.mx\/portal\/wp-json\/wp\/v2\/posts"}],"about":[{"href":"https:\/\/losperiodistas.com.mx\/portal\/wp-json\/wp\/v2\/types\/post"}],"author":[{"embeddable":true,"href":"https:\/\/losperiodistas.com.mx\/portal\/wp-json\/wp\/v2\/users\/1"}],"replies":[{"embeddable":true,"href":"https:\/\/losperiodistas.com.mx\/portal\/wp-json\/wp\/v2\/comments?post=83408"}],"version-history":[{"count":1,"href":"https:\/\/losperiodistas.com.mx\/portal\/wp-json\/wp\/v2\/posts\/83408\/revisions"}],"predecessor-version":[{"id":83411,"href":"https:\/\/losperiodistas.com.mx\/portal\/wp-json\/wp\/v2\/posts\/83408\/revisions\/83411"}],"wp:featuredmedia":[{"embeddable":true,"href":"https:\/\/losperiodistas.com.mx\/portal\/wp-json\/wp\/v2\/media\/83409"}],"wp:attachment":[{"href":"https:\/\/losperiodistas.com.mx\/portal\/wp-json\/wp\/v2\/media?parent=83408"}],"wp:term":[{"taxonomy":"category","embeddable":true,"href":"https:\/\/losperiodistas.com.mx\/portal\/wp-json\/wp\/v2\/categories?post=83408"},{"taxonomy":"post_tag","embeddable":true,"href":"https:\/\/losperiodistas.com.mx\/portal\/wp-json\/wp\/v2\/tags?post=83408"}],"curies":[{"name":"wp","href":"https:\/\/api.w.org\/{rel}","templated":true}]}}