{"id":83405,"date":"2024-08-24T11:31:32","date_gmt":"2024-08-24T16:31:32","guid":{"rendered":"https:\/\/losperiodistas.com.mx\/portal\/?p=83405"},"modified":"2024-08-24T11:31:34","modified_gmt":"2024-08-24T16:31:34","slug":"la-oposicion-impugnara-la-mayoria-de-morena-y-aliados-tras-agrio-debate-en-el-ine-animal-politico","status":"publish","type":"post","link":"https:\/\/losperiodistas.com.mx\/portal\/la-oposicion-impugnara-la-mayoria-de-morena-y-aliados-tras-agrio-debate-en-el-ine-animal-politico\/","title":{"rendered":"La oposici\u00f3n impugnar\u00e1 la mayor\u00eda de Morena y aliados, tras agrio debate en el INE | Animal Pol\u00edtico"},"content":{"rendered":"\n<p>Al menos el PAN, PRD y Movimiento Ciudadano impugnar\u00e1n la resoluci\u00f3n aprobada ayer en el Consejo General del Instituto Nacional Electoral, que le otorga a Morena y aliados mayor\u00eda calificada en C\u00e1mara de Diputados y 83 esca\u00f1os en el Senado.24 de agosto, 2024<\/p>\n\n\n\n<figure class=\"wp-block-image size-large\"><img fetchpriority=\"high\" decoding=\"async\" width=\"1024\" height=\"683\" src=\"https:\/\/losperiodistas.com.mx\/portal\/wp-content\/uploads\/2024\/08\/Ine-sesion-extraordinaria--1024x683.jpeg\" alt=\"\" class=\"wp-image-83406\" srcset=\"https:\/\/losperiodistas.com.mx\/portal\/wp-content\/uploads\/2024\/08\/Ine-sesion-extraordinaria--1024x683.jpeg 1024w, https:\/\/losperiodistas.com.mx\/portal\/wp-content\/uploads\/2024\/08\/Ine-sesion-extraordinaria--300x200.jpeg 300w, https:\/\/losperiodistas.com.mx\/portal\/wp-content\/uploads\/2024\/08\/Ine-sesion-extraordinaria--768x512.jpeg 768w, https:\/\/losperiodistas.com.mx\/portal\/wp-content\/uploads\/2024\/08\/Ine-sesion-extraordinaria-.jpeg 1200w\" sizes=\"(max-width: 1024px) 100vw, 1024px\" \/><figcaption>Entrega de constancias en el INE que avalan la asignaci\u00f3n de diputados y senadores. Foto: Cuartoscuro<\/figcaption><\/figure>\n\n\n\n<p class=\"has-vivid-red-color has-text-color has-medium-font-size\"><strong>Por:\u00a0Ernesto N\u00fa\u00f1ez \/ Animal Pol\u00edtico<\/strong><\/p>\n\n\n\n<p><\/p>\n\n\n\n<p>En el punto m\u00e1s \u00e1lgido del debate sobre la asignaci\u00f3n de las diputaciones y senadur\u00edas de Representaci\u00f3n Proporcional, el panista Humberto Aguilar advirti\u00f3 sobre la gravedad de la decisi\u00f3n que estaba por aprobarse en el Consejo General del Instituto Nacional Electoral: \u201cquiz\u00e1 asistimos al<strong>&nbsp;\u00faltimo debate democr\u00e1tico<\/strong>&nbsp;en la Herradura de la Democracia para defender la democracia, la representaci\u00f3n pol\u00edtica y, por supuesto, la Constituci\u00f3n\u201d.<\/p>\n\n\n\n<p>El veterano panista hizo\u00a0<strong>una remembranza de las d\u00e9cadas de lucha democr\u00e1tica<\/strong>\u00a0que, desde el PAN y desde la izquierda democr\u00e1tica, dieron paso a la transici\u00f3n, la alternancia y la efectiva divisi\u00f3n de Poderes.<\/p>\n\n\n\n<p>Te recomendamos |<a href=\"https:\/\/animalpolitico.com\/politica\/amlo-ricos-mexico-sobrerrepresentacion-reforma-judicial\">AMLO pide a Slim, Salinas, Larrea y otros empresarios postura del tema de sobrerrepresentaci\u00f3n<\/a><\/p>\n\n\n\n<p>No habl\u00f3 a nombre del PRI -el inc\u00f3modo aliado de los panistas en las elecciones de 2021 y 2024-, sino del panismo que, durante casi todo el siglo XX, luch\u00f3 contra el r\u00e9gimen de partido hegem\u00f3nico.<\/p>\n\n\n\n<p>\u201cHoy acudimos al INE en un momento crucial de la historia pol\u00edtica de M\u00e9xico; podemos ser testigos de la forma en que se tom\u00f3 la decisi\u00f3n que inicie la&nbsp;<strong>destrucci\u00f3n definitiva de nuestro r\u00e9gimen republicano<\/strong>, de divisi\u00f3n de Poderes, y se regrese al modelo de control absoluto de todos los Poderes de la Uni\u00f3n, que convierta nuestra democracia en un mero s\u00edmbolo o etiqueta in\u00fatil como sistema de organizaci\u00f3n pol\u00edtica\u201d, expres\u00f3.<\/p>\n\n\n\n<figure class=\"wp-block-image\" id=\"attachment_1439077\"><img decoding=\"async\" src=\"https:\/\/ap-cdn.sfo3.cdn.digitaloceanspaces.com\/uploads\/2024\/08\/INE-sesion-extraordinaria-600x400.jpg\" alt=\"sesi\u00f3n extraordinaria del INE 23 de agosto 2024\" class=\"wp-image-1439077\"\/><figcaption>Sesi\u00f3n extraordinaria del INE. Foto: Cuartoscuro<\/figcaption><\/figure>\n\n\n\n<p>El tono dram\u00e1tico marc\u00f3 casi todas las intervenciones de los representantes de la oposici\u00f3n, como Guadalupe Acosta Naranjo, representante del PRD y miembro fundador de aquel partido, en 1989.<\/p>\n\n\n\n<p>Acosta Naranjo hablaba desde su doble tragedia, la del promotor de un frente c\u00edvico nacional que fracas\u00f3 en su intento de convertir a X\u00f3chitl G\u00e1lvez en una candidata presidencial ciudadana, y la del exdirigente de un partido \u2013<a href=\"https:\/\/animalpolitico.com\/politica\/prd-registro-fundacion-nuevo-partido\" target=\"_blank\" rel=\"noreferrer noopener\">el PRD<\/a>\u2013 que muy pronto perder\u00e1 su registro por no haber alcanzado ni siquiera el 3 % de los votos el pasado 2 de junio.<\/p>\n\n\n\n<p>\u201cMienten cuando dicen que as\u00ed se hac\u00eda antes\u201d, dijo en referencia a&nbsp;<strong>la manera en la que se han repartido las diputaciones<\/strong>&nbsp;de Representaci\u00f3n Proporcional desde la reforma de 1996 a la fecha.<\/p>\n\n\n\n<p>\u201cNo se hizo as\u00ed en 97, en 97 la fuerza mayor\u00eda perdi\u00f3 la mayor\u00eda de la C\u00e1mara de los Diputados, y por eso Porfirio Mu\u00f1oz Ledo contest\u00f3 el tercer informe de Zedillo; y no se hizo en el 2000, cuando Fox gan\u00f3 contundentemente y no tuvo mayor\u00eda en la C\u00e1mara, y no se hizo en el 2023, ni en el 2006 ni en el 2009, ni en el 2012. En el 2015 tuvimos ese debate aqu\u00ed y a m\u00ed no me van a poder venir a decir que yo no vine a dar la misma visi\u00f3n que estoy dando hoy, tanto en 2015, como en 2018, en 2021 y hoy estoy aqu\u00ed otra vez en 2024 con mi misma postura.<\/p>\n\n\n\n<p>\u201cYo no he cambiado de postura, cambi\u00f3 Horacio Duarte, cambi\u00f3 Pablo G\u00f3mez, cambi\u00f3 el PT, cambi\u00f3 Morena, que todos fueron a impugnar la sobrerrepresentaci\u00f3n en 2015, cambiaron de opini\u00f3n a su conveniencia\u201d, acus\u00f3.<\/p>\n\n\n\n<p>Y luego a\u00f1adi\u00f3, provocando una carcajada: \u201cel \u00fanico congruente ha sido el Verde en este tema, siempre han estado sobrerrepresentados\u201d.<\/p>\n\n\n\n<p>Discursos aparte, anoche el PAN, PRD y MC confirmaron que recurrir\u00e1n al Tribunal Electoral del Poder Judicial de la Federaci\u00f3n (TEPJF) para hacer un \u00faltimo intento de reasignaci\u00f3n, que<strong>&nbsp;impida la mayor\u00eda calificada de Morena<\/strong>&nbsp;en la C\u00e1mara de Diputados.<\/p>\n\n\n\n<p>Seg\u00fan las leyes electorales, tienen 48 horas para hacerlo.<\/p>\n\n\n\n<h2 class=\"wp-block-heading\">Morenista amenaza con juicio pol\u00edtico<\/h2>\n\n\n\n<p>Las risas duraron poco y, conforme se acercaba el momento de que se votaran los proyectos de asignaci\u00f3n -primero de diputaciones y luego de senadur\u00edas-, los \u00e1nimos se fueron caldeando.<\/p>\n\n\n\n<p>\u201cEl esp\u00edritu de las plurinominales es para que la oposici\u00f3n tenga representaci\u00f3n, que las minor\u00edas tengan representaci\u00f3n en las C\u00e1maras y que la fuerza pol\u00edtica mayoritaria, o sea la gobernante,&nbsp;<strong>no pueda modificar la Constituci\u00f3n<\/strong>. Pero el fondo de este tema es, precisamente, que Morena quiere modificar la Constituci\u00f3n cueste lo que cueste\u201d, advirti\u00f3 el panista V\u00edctor Hugo Sond\u00f3n, \u201chago un llamado democr\u00e1tico a las 11 consejeras y consejeros de esta herradura de la democracia a que no lo permitan\u201d.<\/p>\n\n\n\n<p>Le revir\u00f3 el representante de Morena, Sergio Guti\u00e9rrez Luna, quien advirti\u00f3 que, si la oposici\u00f3n acude al Tribunal Electoral a impugnar la asignaci\u00f3n de plurinominales y, por lo tanto, las mayor\u00edas obtenidas por la coalici\u00f3n Sigamos Haciendo Historia, ellos&nbsp;<strong>tambi\u00e9n ir\u00e1n, para defender sus triunfos.<\/strong><\/p>\n\n\n\n<p>El morenista defendi\u00f3 el proyecto que estaba por votarse, y que aplica los l\u00edmites a&nbsp;<a href=\"https:\/\/animalpolitico.com\/verificacion-de-hechos\/te-explico\/que-es-sobrerrepresentacion-camara-diputados\" target=\"_blank\" rel=\"noreferrer noopener\">la sobrerrepresentaci\u00f3n<\/a>&nbsp;por partido pol\u00edtico, y no por coalici\u00f3n, como pretend\u00edan opositores, cr\u00edticos y exfuncionarios electorales.<\/p>\n\n\n\n<p>\u201cPretender algo diferente es inventar, pretender algo diferente es, representante Sond\u00f3n, lloriquear, no asumir la derrota. Venir a inventar cosas que no dice la Constituci\u00f3n, venir a inventar cosas que no dice la ley, venir a inventar o desestimar un acuerdo como si no existiera es ser c\u00ednicos, al no asumir c\u00f3mo se conforman las coaliciones. Y nosotros estamos aqu\u00ed simplemente para recordarles una cosa: perdieron, y as\u00famanlo\u201d.<\/p>\n\n\n\n<p>Exaltado, el diputado Guti\u00e9rrez Luna no s\u00f3lo&nbsp;<strong>arremeti\u00f3 contra los representantes partidistas, sino contra las consejeras y consejeros electorales<\/strong>&nbsp;que anunciaron que votar\u00edan en contra del proyecto de asignaci\u00f3n de pluris.<\/p>\n\n\n\n<p>Primero reproch\u00f3 que la consejera Claudia Zavala hubiese presentado una propuesta alternativa, con una interpretaci\u00f3n gramatical del art\u00edculo 54 que modificaba la distribuci\u00f3n de las 200 diputaciones de Representaci\u00f3n Proporcional.<\/p>\n\n\n\n<p>Luego acus\u00f3 a Zavala y a Jaime Rivera de pretender modificar, a la luz de los resultados del 2 de junio, los&nbsp;<strong>criterios con los que se asignaron las diputaciones en 2021 y 2018<\/strong>, cuando ellos ya eran consejeros.<\/p>\n\n\n\n<p>Y, finalmente, termin\u00f3 amenazando al consejero Mart\u00edn Faz, por haber aprobado la asignaci\u00f3n en 2021 conforme a una interpretaci\u00f3n textual del art\u00edculo 54 de la Constituci\u00f3n, y ahora acompa\u00f1ar una interpretaci\u00f3n diferente de las reglas, propuesta por Claudia Zavala.<\/p>\n\n\n\n<p>\u201c\u00bfQu\u00e9 dice ahora?, \u00bfcambia de opini\u00f3n para favorecer a una coalici\u00f3n?&nbsp; Eso tiene una responsabilidad\u201d, advirti\u00f3, \u201cyo me pregunto si puede ser as\u00ed de f\u00e1cil que consejeras y consejeros no sean congruentes y consecuentes y no observen la Constituci\u00f3n, y no pase nada. \u00bfQu\u00e9 va a decir al respecto, consejero Faz, que se dobl\u00f3?, \u00bfpor qu\u00e9 cambi\u00f3 de opini\u00f3n de algo que usted dijo\u2026? Eso se llama incongruencia. Y yo me pregunto, y habremos de analizar si esa actitud no actualiza, volviendo a la Constituci\u00f3n, la hip\u00f3tesis del art\u00edculo 110: juicio pol\u00edtico\u201d.<\/p>\n\n\n\n<blockquote class=\"wp-block-quote is-layout-flow wp-block-quote-is-layout-flow\"><p>&#x1f6d1;&nbsp;<a href=\"https:\/\/twitter.com\/hashtag\/Atenci%C3%B3n?src=hash&amp;ref_src=twsrc%5Etfw\">#Atenci\u00f3n<\/a>&nbsp;| El representante de Morena,&nbsp;<a href=\"https:\/\/twitter.com\/Sergeluna_S?ref_src=twsrc%5Etfw\">@Sergeluna_S<\/a>, amenaz\u00f3 con juicio pol\u00edtico a las consejeras y consejeros que voten en contra del proyecto de asignaci\u00f3n de diputaciones de Representaci\u00f3n Proporcional. En concreto, descalific\u00f3 las posturas de Claudia Zavala, Mart\u00edn Faz y\u2026&nbsp;<a href=\"https:\/\/t.co\/GIgpU6AaO8\">pic.twitter.com\/GIgpU6AaO8<\/a><\/p><p>\u2014 Animal Pol\u00edtico (@Pajaropolitico)&nbsp;<a href=\"https:\/\/twitter.com\/Pajaropolitico\/status\/1827098067432079824?ref_src=twsrc%5Etfw\">August 23, 2024<\/a><\/p><\/blockquote>\n\n\n\n<p>Su expresi\u00f3n fue reprobada por la mayor parte de consejeras y consejeros, incluso por quienes estaban a favor de la propuesta de asignaci\u00f3n, como Uuc-kib Espadas, Carla Humphrey y Arturo Castillo.<\/p>\n\n\n\n<p>Hasta Gerardo Fern\u00e1ndez Noro\u00f1a reconvino a su compa\u00f1ero.<\/p>\n\n\n\n<p>\u201cYo quisiera plantear primero mi respeto al sentido del voto de los consejeros y consejeras. Yo creo que hubo una rudeza innecesaria de mi compa\u00f1ero Sergio Guti\u00e9rrez, porque los podemos acusar de incongruencia, pero&nbsp;<strong>no vamos a proceder contra ninguno, ni vamos a demoler al INE tampoco<\/strong>\u201d, dijo el hoy diputado y representante del PT, y pr\u00f3ximamente senador de Morena.<\/p>\n\n\n\n<p>En contraste con sus compa\u00f1eras Claudia Zavala, Dania Ravel, Jaime Rivera y el propio Mart\u00edn Faz, la consejera presidenta, Guadalupe Taddei, guard\u00f3 silencio frente a la amenaza de Guti\u00e9rrez Luna.<\/p>\n\n\n\n<p>S\u00f3lo al final de la sesi\u00f3n, cuestionada por la prensa, Taddei hizo una tibia defensa del INE: \u201c<strong>ninguna amenaza es bienvenida<\/strong>&nbsp;y menos en la propia Sala de Consejo General. Todos los consejeros somos solidarios ante este tipo de situaciones, no se puede validar ninguna actuaci\u00f3n de esa naturaleza\u201d.<\/p>\n\n\n\n<h2 class=\"wp-block-heading\">Cuatro votos que no se esperaban<\/h2>\n\n\n\n<p>La sesi\u00f3n y el debate giraban en torno a un proyecto que reparte las 200 curules de Representaci\u00f3n Proporcional de la siguiente manera:&nbsp;<strong>Morena, 75; PVEM, 20; PT, 13; PAN, 40; PRI, 26 y MC, 26.<\/strong><\/p>\n\n\n\n<p>Curules que, sumadas a las 300 de Mayor\u00eda Relativa, generan una C\u00e1mara de Diputados con&nbsp;<strong>236 legisladores de Morena, 77 del PVEM y 51 del PT<\/strong>. Es decir, 364 diputaciones de la coalici\u00f3n gobernante, capaz de aprobar cualquier reforma constitucional y concretar&nbsp;<a href=\"https:\/\/animalpolitico.com\/verificacion-de-hechos\/te-explico\/reformas-constitucionales-amlo-plan-c\" target=\"_blank\" rel=\"noreferrer noopener\">el llamado \u201cplan C\u201d del presidente Andr\u00e9s Manuel L\u00f3pez Obrador.<\/a><\/p>\n\n\n\n<figure class=\"wp-block-image\"><img decoding=\"async\" src=\"https:\/\/ap-cdn.sfo3.cdn.digitaloceanspaces.com\/uploads\/2024\/08\/diputados_2024-480x600.png\" alt=\"C\u00e1mara de Diputados 2024\" class=\"wp-image-1439075\"\/><\/figure>\n\n\n\n<p>Sin embargo, al inicio de la sesi\u00f3n la consejera Claudia Zavala present\u00f3 una propuesta alternativa que, con otra interpretaci\u00f3n del art\u00edculo 54, daba como resultado n\u00fameros distintos: Morena, 214; PVEM, 65; PT, 38; PAN, 92; PRI, 49 y MC, 40.<\/p>\n\n\n\n<p>En ese escenario, Morena y sus aliados alcanzar\u00edan 317 diputaciones, que son mayor\u00eda absoluta de 50 % m\u00e1s uno,&nbsp;<strong>pero<\/strong>&nbsp;<strong>no&nbsp;<a href=\"https:\/\/animalpolitico.com\/elecciones-2024\/congreso\/ine-mayoria-calificada-morena-claudia-zavaladia-zavala\" target=\"_blank\" rel=\"noreferrer noopener\">mayor\u00eda calificada<\/a>.<\/strong><\/p>\n\n\n\n<figure class=\"wp-block-image\"><img decoding=\"async\" src=\"https:\/\/ap-cdn.sfo3.cdn.digitaloceanspaces.com\/uploads\/2024\/08\/senado_2024-480x600.png\" alt=\"Senado de la Rep\u00fablica 2024\" class=\"wp-image-1439079\"\/><\/figure>\n\n\n\n<p>La propuesta de Zavala, lanzada en solitario y con pocas horas de anticipaci\u00f3n, pas\u00f3 desapercibida durante casi toda la sesi\u00f3n, hasta que el consejero Mart\u00edn Faz decidi\u00f3 sumarse a ella.<\/p>\n\n\n\n<p>\u201cNos enfrentamos ante una desigualdad severa que produce la aplicaci\u00f3n del mecanismo de asignaci\u00f3n de la manera tradicional, al ser una de las ocasiones desde la reforma del 96 en la que los votos tienen un valor tan diferente, lo que conduce a una conformaci\u00f3n de la C\u00e1mara de Diputados que no cuenta con el respaldo correspondiente en las urnas\u201d, expres\u00f3 Faz.<\/p>\n\n\n\n<p>Despu\u00e9s se sum\u00f3 Jaime Rivera y, finalmente, la consejera Dania Ravel.<\/p>\n\n\n\n<p>No muchos esperaban los&nbsp;<strong>cuatro votos opositores a la mayor\u00eda calificada de Morena<\/strong>&nbsp;en la C\u00e1mara de Diputados, empezando por sus colegas del bloque af\u00edn a Guadalupe Taddei.<\/p>\n\n\n\n<p>Norma Irene de la Cruz, Jorge Monta\u00f1o, Rita Bell L\u00f3pez y Uuc-kib Espadas defendieron el proyecto a discusi\u00f3n, y cuestionaron que ahora, despu\u00e9s de las elecciones, se busquen formas de interpretaci\u00f3n para limitar a una coalici\u00f3n.<\/p>\n\n\n\n<p>La propia&nbsp;<strong>Taddei reproch\u00f3 que se pretenda poner al INE en la falsa disyuntiva<\/strong>&nbsp;de cumplir o violar a Constituci\u00f3n, o de regalar y quitar curules a los partidos pol\u00edticos.<\/p>\n\n\n\n<p>\u201cEl INE no construye fracciones parlamentarias. Tampoco tenemos dudas de c\u00f3mo se aplica la Constituci\u00f3n.&nbsp; No existe un dilema. Nuestro actuar est\u00e1 m\u00e1s all\u00e1 de coyunturas electorales\u201d, dijo.<\/p>\n\n\n\n<figure class=\"wp-block-image\" id=\"attachment_1439076\"><img decoding=\"async\" src=\"https:\/\/ap-cdn.sfo3.cdn.digitaloceanspaces.com\/uploads\/2024\/08\/Guadalupe-Taddei-y-Carla-Humphrey-600x400.jpg\" alt=\"Guadalupe Taddei Zavala, consejera presidenta del Instituto Nacional Electoral (INE) y Carla Humphrey consejera electoral\" class=\"wp-image-1439076\"\/><figcaption>Guadalupe Taddei Zavala, consejera presidenta del INE y Carla Humphrey consejera electoral. Foto: Cuartoscuro<\/figcaption><\/figure>\n\n\n\n<p>Finalmente, el acuerdo&nbsp;<strong>se aprob\u00f3 en lo general con ocho votos a favor y tres en contra<\/strong>&nbsp;(Zavala, Faz y Rivera, quienes rechazaron todo su contenido). Pero los resolutivos que asignan las pluris por partido fueron rechazados tambi\u00e9n por un cuarto voto, el de la consejera Dania Ravel.<\/p>\n\n\n\n<p>Pese a esos cuatro votos, el INE termin\u00f3 aprobando la asignaci\u00f3n de plurinominales que&nbsp;<strong>ser\u00e1 impugnada por la oposici\u00f3n<\/strong>&nbsp;en las pr\u00f3ximas horas.<\/p>\n\n\n\n<p>Tambi\u00e9n lee |&nbsp;<a href=\"https:\/\/animalpolitico.com\/politica\/amlo-poder-judicial-mayoria-calificada-morena\">\u201cEs plan con ma\u00f1a\u201d: AMLO dice que Poder Judicial busca quitarle la mayor\u00eda calificada a Morena<\/a><\/p>\n\n\n\n<p>Los partidos tienen s\u00f3lo dos d\u00edas para impugnar ante el Tribunal Electoral, que la pr\u00f3xima semana tendr\u00e1 la \u00faltima palabra en la conformaci\u00f3n final de las C\u00e1maras para la pr\u00f3xima Legislatura.<\/p>\n\n\n\n<p>Fuente: <a href=\"https:\/\/www.animalpolitico.com\/elecciones-2024\/congreso\/oposicion-impugnara-mayoria-morena-aliados\">https:\/\/www.animalpolitico.com\/elecciones-2024\/congreso\/oposicion-impugnara-mayoria-morena-aliados<\/a><\/p>\n","protected":false},"excerpt":{"rendered":"<p>Al menos el PAN, PRD y Movimiento Ciudadano impugnar\u00e1n la resoluci\u00f3n aprobada ayer en el Consejo General del Instituto Nacional [&hellip;]<\/p>\n","protected":false},"author":1,"featured_media":83406,"comment_status":"open","ping_status":"open","sticky":false,"template":"","format":"standard","meta":{"site-sidebar-layout":"default","site-content-layout":"","ast-site-content-layout":"default","site-content-style":"default","site-sidebar-style":"default","ast-global-header-display":"","ast-banner-title-visibility":"","ast-main-header-display":"","ast-hfb-above-header-display":"","ast-hfb-below-header-display":"","ast-hfb-mobile-header-display":"","site-post-title":"","ast-breadcrumbs-content":"","ast-featured-img":"","footer-sml-layout":"","theme-transparent-header-meta":"","adv-header-id-meta":"","stick-header-meta":"","header-above-stick-meta":"","header-main-stick-meta":"","header-below-stick-meta":"","astra-migrate-meta-layouts":"default","ast-page-background-enabled":"default","ast-page-background-meta":{"desktop":{"background-color":"var(--ast-global-color-4)","background-image":"","background-repeat":"repeat","background-position":"center center","background-size":"auto","background-attachment":"scroll","background-type":"","background-media":"","overlay-type":"","overlay-color":"","overlay-opacity":"","overlay-gradient":""},"tablet":{"background-color":"","background-image":"","background-repeat":"repeat","background-position":"center center","background-size":"auto","background-attachment":"scroll","background-type":"","background-media":"","overlay-type":"","overlay-color":"","overlay-opacity":"","overlay-gradient":""},"mobile":{"background-color":"","background-image":"","background-repeat":"repeat","background-position":"center center","background-size":"auto","background-attachment":"scroll","background-type":"","background-media":"","overlay-type":"","overlay-color":"","overlay-opacity":"","overlay-gradient":""}},"ast-content-background-meta":{"desktop":{"background-color":"var(--ast-global-color-5)","background-image":"","background-repeat":"repeat","background-position":"center center","background-size":"auto","background-attachment":"scroll","background-type":"","background-media":"","overlay-type":"","overlay-color":"","overlay-opacity":"","overlay-gradient":""},"tablet":{"background-color":"var(--ast-global-color-5)","background-image":"","background-repeat":"repeat","background-position":"center center","background-size":"auto","background-attachment":"scroll","background-type":"","background-media":"","overlay-type":"","overlay-color":"","overlay-opacity":"","overlay-gradient":""},"mobile":{"background-color":"var(--ast-global-color-5)","background-image":"","background-repeat":"repeat","background-position":"center center","background-size":"auto","background-attachment":"scroll","background-type":"","background-media":"","overlay-type":"","overlay-color":"","overlay-opacity":"","overlay-gradient":""}},"footnotes":""},"categories":[8],"tags":[15862,29232,29233,885,2320,248],"class_list":["post-83405","post","type-post","status-publish","format-standard","has-post-thumbnail","hentry","category-noticias","tag-consejo-general-ine","tag-humberto-aguilar-coronadoo","tag-impugnacion-a-mayoria-calificado-diputados","tag-ine","tag-movimiento-ciudadano","tag-pan"],"_links":{"self":[{"href":"https:\/\/losperiodistas.com.mx\/portal\/wp-json\/wp\/v2\/posts\/83405","targetHints":{"allow":["GET"]}}],"collection":[{"href":"https:\/\/losperiodistas.com.mx\/portal\/wp-json\/wp\/v2\/posts"}],"about":[{"href":"https:\/\/losperiodistas.com.mx\/portal\/wp-json\/wp\/v2\/types\/post"}],"author":[{"embeddable":true,"href":"https:\/\/losperiodistas.com.mx\/portal\/wp-json\/wp\/v2\/users\/1"}],"replies":[{"embeddable":true,"href":"https:\/\/losperiodistas.com.mx\/portal\/wp-json\/wp\/v2\/comments?post=83405"}],"version-history":[{"count":1,"href":"https:\/\/losperiodistas.com.mx\/portal\/wp-json\/wp\/v2\/posts\/83405\/revisions"}],"predecessor-version":[{"id":83407,"href":"https:\/\/losperiodistas.com.mx\/portal\/wp-json\/wp\/v2\/posts\/83405\/revisions\/83407"}],"wp:featuredmedia":[{"embeddable":true,"href":"https:\/\/losperiodistas.com.mx\/portal\/wp-json\/wp\/v2\/media\/83406"}],"wp:attachment":[{"href":"https:\/\/losperiodistas.com.mx\/portal\/wp-json\/wp\/v2\/media?parent=83405"}],"wp:term":[{"taxonomy":"category","embeddable":true,"href":"https:\/\/losperiodistas.com.mx\/portal\/wp-json\/wp\/v2\/categories?post=83405"},{"taxonomy":"post_tag","embeddable":true,"href":"https:\/\/losperiodistas.com.mx\/portal\/wp-json\/wp\/v2\/tags?post=83405"}],"curies":[{"name":"wp","href":"https:\/\/api.w.org\/{rel}","templated":true}]}}