{"id":83398,"date":"2024-08-24T10:05:21","date_gmt":"2024-08-24T15:05:21","guid":{"rendered":"https:\/\/losperiodistas.com.mx\/portal\/?p=83398"},"modified":"2024-08-24T10:05:23","modified_gmt":"2024-08-24T15:05:23","slug":"paris-inaugura-una-placa-historica-por-el-80-aniversario-de-su-liberacion-de-la-ocupacion-nazi-abc","status":"publish","type":"post","link":"https:\/\/losperiodistas.com.mx\/portal\/paris-inaugura-una-placa-historica-por-el-80-aniversario-de-su-liberacion-de-la-ocupacion-nazi-abc\/","title":{"rendered":"Par\u00eds inaugura una placa hist\u00f3rica por el 80 aniversario de su liberaci\u00f3n de la ocupaci\u00f3n nazi | ABC"},"content":{"rendered":"\n<figure class=\"wp-block-image size-large\"><img fetchpriority=\"high\" decoding=\"async\" width=\"1024\" height=\"573\" src=\"https:\/\/losperiodistas.com.mx\/portal\/wp-content\/uploads\/2024\/08\/Captura-de-pantalla-2024-08-24-a-las-8.59.46\u202fa.m.-1024x573.png\" alt=\"\" class=\"wp-image-83399\" srcset=\"https:\/\/losperiodistas.com.mx\/portal\/wp-content\/uploads\/2024\/08\/Captura-de-pantalla-2024-08-24-a-las-8.59.46\u202fa.m.-1024x573.png 1024w, https:\/\/losperiodistas.com.mx\/portal\/wp-content\/uploads\/2024\/08\/Captura-de-pantalla-2024-08-24-a-las-8.59.46\u202fa.m.-300x168.png 300w, https:\/\/losperiodistas.com.mx\/portal\/wp-content\/uploads\/2024\/08\/Captura-de-pantalla-2024-08-24-a-las-8.59.46\u202fa.m.-768x429.png 768w, https:\/\/losperiodistas.com.mx\/portal\/wp-content\/uploads\/2024\/08\/Captura-de-pantalla-2024-08-24-a-las-8.59.46\u202fa.m..png 1520w\" sizes=\"(max-width: 1024px) 100vw, 1024px\" \/><figcaption><a href=\"https:\/\/www.abc.es\/historia\/paris-inaugura-placa-historica-aniversario-liberacion-ocupacion-20240824132106-vi.html\">Par\u00eds inaugura una placa hist\u00f3rica por el 80 aniversario de su liberaci\u00f3n de la ocupaci\u00f3n nazi<\/a> en <a href=\"http:\/\/www.abc.es\/\/multimedia\/videos\">Videos<\/a><\/figcaption><\/figure>\n\n\n\n<p class=\"has-vivid-red-color has-text-color has-medium-font-size\"><strong>EFE \/ ABC<\/strong><\/p>\n\n\n\n<p>Par\u00eds (Francia), 24 ago (EFE).- La inauguraci\u00f3n de una nueva placa hist\u00f3rica dio inicio este s\u00e1bado a los dos d\u00edas centrales de la celebraci\u00f3n del 80 aniversario de la liberaci\u00f3n de Par\u00eds durante la Segunda Guerra Mundial. La placa recuerda la entrada de la llamada &#8216;columna Dronne&#8217; en el sur de Par\u00eds en la madrugada del 24 de agosto de 1944, como vanguardia de las tropas aliadas. <\/p>\n\n\n\n<p>IM\u00c1GENES: EDGAR SAPI\u00d1A MANCHADO INCLUYE IM\u00c1GENES DE RECURSO DE LA INAUGURACI\u00d3N DE LA PLACA EN HOMENAJE AL 80 ANIVERSARIO DE LA LIBERACI\u00d3N DE PAR\u00cdS Y, CONCRETAMENTE, EN MEMORIA DE LA ENTRADA DE LA COLUMNA DRONNE, FORMADA POR UN NUTRIDO GRUPO DE ESPA\u00d1OLES REPUBLICANOS QUE LUCHARON CONTRA EL NAZISMO EN LA SEGUNDA GUERRA MUNDIAL. EN EL ACTO HAN PARTICIPADO AUTORIDADES DEL AYUNTAMIENTO DE PAR\u00cdS, ASOCIACIONES DE MEMORIA Y EL SECRETARIO DE ESTADO DE MEMORIA DEMOCR\u00c1TICA DE ESPA\u00d1A, FERNANDO MART\u00cdNEZ.<\/p>\n\n\n\n<p>Fuente: <a href=\"https:\/\/www.abc.es\/historia\/paris-inaugura-placa-historica-aniversario-liberacion-ocupacion-20240824132106-vi.html#\">https:\/\/www.abc.es\/historia\/paris-inaugura-placa-historica-aniversario-liberacion-ocupacion-20240824132106-vi.html#<\/a><\/p>\n\n\n\n<p> <\/p>\n","protected":false},"excerpt":{"rendered":"<p>EFE \/ ABC Par\u00eds (Francia), 24 ago (EFE).- La inauguraci\u00f3n de una nueva placa hist\u00f3rica dio inicio este s\u00e1bado a [&hellip;]<\/p>\n","protected":false},"author":1,"featured_media":83399,"comment_status":"open","ping_status":"open","sticky":false,"template":"","format":"standard","meta":{"site-sidebar-layout":"default","site-content-layout":"","ast-site-content-layout":"default","site-content-style":"default","site-sidebar-style":"default","ast-global-header-display":"","ast-banner-title-visibility":"","ast-main-header-display":"","ast-hfb-above-header-display":"","ast-hfb-below-header-display":"","ast-hfb-mobile-header-display":"","site-post-title":"","ast-breadcrumbs-content":"","ast-featured-img":"","footer-sml-layout":"","theme-transparent-header-meta":"","adv-header-id-meta":"","stick-header-meta":"","header-above-stick-meta":"","header-main-stick-meta":"","header-below-stick-meta":"","astra-migrate-meta-layouts":"default","ast-page-background-enabled":"default","ast-page-background-meta":{"desktop":{"background-color":"var(--ast-global-color-4)","background-image":"","background-repeat":"repeat","background-position":"center center","background-size":"auto","background-attachment":"scroll","background-type":"","background-media":"","overlay-type":"","overlay-color":"","overlay-opacity":"","overlay-gradient":""},"tablet":{"background-color":"","background-image":"","background-repeat":"repeat","background-position":"center center","background-size":"auto","background-attachment":"scroll","background-type":"","background-media":"","overlay-type":"","overlay-color":"","overlay-opacity":"","overlay-gradient":""},"mobile":{"background-color":"","background-image":"","background-repeat":"repeat","background-position":"center center","background-size":"auto","background-attachment":"scroll","background-type":"","background-media":"","overlay-type":"","overlay-color":"","overlay-opacity":"","overlay-gradient":""}},"ast-content-background-meta":{"desktop":{"background-color":"var(--ast-global-color-5)","background-image":"","background-repeat":"repeat","background-position":"center center","background-size":"auto","background-attachment":"scroll","background-type":"","background-media":"","overlay-type":"","overlay-color":"","overlay-opacity":"","overlay-gradient":""},"tablet":{"background-color":"var(--ast-global-color-5)","background-image":"","background-repeat":"repeat","background-position":"center center","background-size":"auto","background-attachment":"scroll","background-type":"","background-media":"","overlay-type":"","overlay-color":"","overlay-opacity":"","overlay-gradient":""},"mobile":{"background-color":"var(--ast-global-color-5)","background-image":"","background-repeat":"repeat","background-position":"center center","background-size":"auto","background-attachment":"scroll","background-type":"","background-media":"","overlay-type":"","overlay-color":"","overlay-opacity":"","overlay-gradient":""}},"footnotes":""},"categories":[8],"tags":[29228,29227],"class_list":["post-83398","post","type-post","status-publish","format-standard","has-post-thumbnail","hentry","category-noticias","tag-liberacion-de-paris","tag-nazismo-paris"],"_links":{"self":[{"href":"https:\/\/losperiodistas.com.mx\/portal\/wp-json\/wp\/v2\/posts\/83398","targetHints":{"allow":["GET"]}}],"collection":[{"href":"https:\/\/losperiodistas.com.mx\/portal\/wp-json\/wp\/v2\/posts"}],"about":[{"href":"https:\/\/losperiodistas.com.mx\/portal\/wp-json\/wp\/v2\/types\/post"}],"author":[{"embeddable":true,"href":"https:\/\/losperiodistas.com.mx\/portal\/wp-json\/wp\/v2\/users\/1"}],"replies":[{"embeddable":true,"href":"https:\/\/losperiodistas.com.mx\/portal\/wp-json\/wp\/v2\/comments?post=83398"}],"version-history":[{"count":1,"href":"https:\/\/losperiodistas.com.mx\/portal\/wp-json\/wp\/v2\/posts\/83398\/revisions"}],"predecessor-version":[{"id":83400,"href":"https:\/\/losperiodistas.com.mx\/portal\/wp-json\/wp\/v2\/posts\/83398\/revisions\/83400"}],"wp:featuredmedia":[{"embeddable":true,"href":"https:\/\/losperiodistas.com.mx\/portal\/wp-json\/wp\/v2\/media\/83399"}],"wp:attachment":[{"href":"https:\/\/losperiodistas.com.mx\/portal\/wp-json\/wp\/v2\/media?parent=83398"}],"wp:term":[{"taxonomy":"category","embeddable":true,"href":"https:\/\/losperiodistas.com.mx\/portal\/wp-json\/wp\/v2\/categories?post=83398"},{"taxonomy":"post_tag","embeddable":true,"href":"https:\/\/losperiodistas.com.mx\/portal\/wp-json\/wp\/v2\/tags?post=83398"}],"curies":[{"name":"wp","href":"https:\/\/api.w.org\/{rel}","templated":true}]}}