{"id":83395,"date":"2024-08-24T09:57:50","date_gmt":"2024-08-24T14:57:50","guid":{"rendered":"https:\/\/losperiodistas.com.mx\/portal\/?p=83395"},"modified":"2024-08-24T09:57:52","modified_gmt":"2024-08-24T14:57:52","slug":"cien-anos-de-soledad-el-fenomeno-que-arrasa-en-japon-con-medio-siglo-de-retraso-el-pais","status":"publish","type":"post","link":"https:\/\/losperiodistas.com.mx\/portal\/cien-anos-de-soledad-el-fenomeno-que-arrasa-en-japon-con-medio-siglo-de-retraso-el-pais\/","title":{"rendered":"\u2018Cien a\u00f1os de soledad\u2019, el fen\u00f3meno que arrasa en Jap\u00f3n con medio siglo de retraso | El Pa\u00eds"},"content":{"rendered":"\n<h2 class=\"has-pale-cyan-blue-background-color has-background wp-block-heading\">La obra de Gabriel Garc\u00eda M\u00e1rquez se ha convertido en el fen\u00f3meno editorial del verano en el pa\u00eds nip\u00f3n en buena parte por el pr\u00f3ximo estreno de la serie basada en la novela<\/h2>\n\n\n\n<figure class=\"wp-block-image size-large\"><img fetchpriority=\"high\" decoding=\"async\" width=\"723\" height=\"1024\" src=\"https:\/\/losperiodistas.com.mx\/portal\/wp-content\/uploads\/2024\/08\/cien-an\u0303os-723x1024.jpg\" alt=\"\" class=\"wp-image-83396\" srcset=\"https:\/\/losperiodistas.com.mx\/portal\/wp-content\/uploads\/2024\/08\/cien-an\u0303os-723x1024.jpg 723w, https:\/\/losperiodistas.com.mx\/portal\/wp-content\/uploads\/2024\/08\/cien-an\u0303os-212x300.jpg 212w, https:\/\/losperiodistas.com.mx\/portal\/wp-content\/uploads\/2024\/08\/cien-an\u0303os-768x1088.jpg 768w, https:\/\/losperiodistas.com.mx\/portal\/wp-content\/uploads\/2024\/08\/cien-an\u0303os.jpg 1000w\" sizes=\"(max-width: 723px) 100vw, 723px\" \/><figcaption>Portada de la nueva edici\u00f3n de &#8216;Cien a\u00f1os de soledad&#8217; en Jap\u00f3n, ilustrada por Ryuto Miyake, en una imagen cedida por la editorial Shinchosha.<\/figcaption><\/figure>\n\n\n\n<p class=\"has-vivid-red-color has-text-color has-medium-font-size\"><strong>GONZALO ROBLEDO \/ Tokio \/ EL PA\u00cdS<\/strong><\/p>\n\n\n\n<p>La edici\u00f3n de bolsillo de&nbsp;<a href=\"https:\/\/elpais.com\/cultura\/2017\/06\/04\/actualidad\/1496600143_627064.html\" target=\"_blank\" rel=\"noreferrer noopener\"><em>Cien a\u00f1os de soledad<\/em><\/a>&nbsp;en japon\u00e9s se ha convertido en el fen\u00f3meno editorial del verano tras vender en ocho semanas unos 290.000 ejemplares y casi la misma facturaci\u00f3n de las tres versiones en tapa dura impresas en los pasados 52 a\u00f1os. Entre las razones del inesperado auge de la obra cumbre de Gabriel Garc\u00eda M\u00e1rquez figuran&nbsp;<a href=\"https:\/\/elpais.com\/television\/2020-12-10\/cien-anos-de-soledad-en-netflix-en-espanol-y-con-elenco-latinoamericano.html\" target=\"_blank\" rel=\"noreferrer noopener\">el pr\u00f3ximo estreno en Netflix de una serie<\/a>&nbsp;basada en la novela, su influencia en prestigiosos autores japoneses y la portada con figuras macondianas dibujadas en un estilo enciclop\u00e9dico por uno de los ilustradores locales m\u00e1s cotizados del momento, Ryuto Miyake, autor de campa\u00f1as publicitarias para marcas como Gucci, Bottega Veneta o Apple.<\/p>\n\n\n\n<p>\u201cAdem\u00e1s de ofrecerla en formato de bajo precio a los lectores que ver\u00e1n la serie de Netflix, quer\u00edamos aprovechar el d\u00e9cimo aniversario de la muerte de Gabo para volver a presentar su literatura\u201d, explica Ryo Kikuchi, encargado de promocionar la nueva edici\u00f3n de la novela, publicada por primera vez en Jap\u00f3n por&nbsp;<a href=\"https:\/\/www.todostuslibros.com\/editorial\/shinchosha\" target=\"_blank\" rel=\"noreferrer noopener\">su editorial (Shinchosha)<\/a>, en 1972, cuando \u00e9l mismo no hab\u00eda nacido y el autor colombiano no hab\u00eda ganado el Nobel de Literatura.M\u00e1s informaci\u00f3n<a href=\"https:\/\/elpais.com\/america-colombia\/2024-07-05\/hay-que-manosear-su-obra-jovenes-autores-leen-a-garcia-marquez-sin-la-etiqueta-del-realismo-magico.html#?rel=mas_sumario\">\u201cHay que manosear su obra\u201d: j\u00f3venes autores leen a Garc\u00eda M\u00e1rquez sin la etiqueta del \u2018realismo m\u00e1gico\u2019<\/a><\/p>\n\n\n\n<p>Kikuchi, que atiende la entrevista vestido con una camiseta negra estampada con la cara sonriente de Garc\u00eda M\u00e1rquez en medio de un letrero amarillo que dice en espa\u00f1ol \u201cbienvenido a Macondo\u201d, dise\u00f1\u00f3 una campa\u00f1a publicitaria que incluye bolsas de tela (<em>tote bags<\/em>) decoradas con&nbsp;<a href=\"https:\/\/elpais.com\/cultura\/2014\/02\/06\/actualidad\/1391709252_635683.html\" target=\"_blank\" rel=\"noreferrer noopener\">el \u00e1rbol geneal\u00f3gico de la familia Buend\u00eda<\/a>. El editor aclara que pese al lento ritmo de ventas de la edici\u00f3n original, la novela se ha mantenido en las librer\u00edas japonesas todos estos a\u00f1os, dada su reputaci\u00f3n como obra maestra de la literatura mundial, que ha vendido 50 millones de copias en 46 idiomas.<\/p>\n\n\n\n<figure class=\"wp-block-image\"><img decoding=\"async\" src=\"https:\/\/imagenes.elpais.com\/resizer\/v2\/YQ5EHQPP7JGDRNILJ3I5YXL2SY.jpg?auth=4ecd57c2755a81a8414bf7b3130484727bdd92f90e0bb59576e74562e49a5668&amp;width=414\" alt=\"La camiseta con el \u00e1rbol geneal\u00f3gico de los Buend\u00eda, incluida en la promoci\u00f3n de la nueva edici\u00f3n de 'Cien a\u00f1os de soledad', en una imagen de la editorial Shinchosha.\"\/><figcaption>La camiseta con el \u00e1rbol geneal\u00f3gico de los Buend\u00eda, incluida en la promoci\u00f3n de la nueva edici\u00f3n de &#8216;Cien a\u00f1os de soledad&#8217;, en una imagen de la editorial Shinchosha.<\/figcaption><\/figure>\n\n\n\n<p>El libro, lanzado en 1967 en Buenos Aires, ha sido adem\u00e1s fuente de inspiraci\u00f3n o detonante de la carrera literaria de distinguidos autores nipones.&nbsp;<a href=\"https:\/\/elpais.com\/noticias\/kenzaburo-oe\/\" target=\"_blank\" rel=\"noreferrer noopener\">Kenzaburo O\u00e9&nbsp;<\/a>(1935-2023), premio Nobel de Literatura de 1994 y admirador declarado de&nbsp;<em>Cien a\u00f1os de soledad<\/em>, la tom\u00f3 como referencia para su obra&nbsp;<em>Dojidai gemu<\/em>&nbsp;(algo as\u00ed como El juego de la contemporaneidad, 1979), el relato de un imaginario pueblo perif\u00e9rico cuyo mito fundacional simboliza la historia moderna de Jap\u00f3n y cuestiona el origen de la familia imperial.<\/p>\n\n\n\n<p>Otro conocido escritor, Natsuki Ikezawa, describe una isla ficticia en Micronesia llamada Navidad gobernada por un dictador de inspiraci\u00f3n macondiana en su novela&nbsp;<em>Mashiasu Giri no Shikkyaku<\/em>&nbsp;(La ca\u00edda de Mathias Giri, no traducido al espa\u00f1ol). Poco despu\u00e9s de su publicaci\u00f3n, el libro recibi\u00f3 el premio Tanizaki, uno de los m\u00e1ximos galardones literarios de Jap\u00f3n, y la cr\u00edtica resalt\u00f3 su ruptura estil\u00edstica con la novela naturalista e introvertida que hab\u00eda dominado la narrativa nipona por m\u00e1s de medio siglo.<\/p>\n\n\n\n<p>Ikezawa ostenta con iron\u00eda el calificativo de \u201cacosador de la prosa&nbsp;<em>garciamarquiana<\/em>\u201d y en&nbsp;<a href=\"https:\/\/cervantes.org\/es\/sobre-nosotros\/publicaciones\/memorias-primer-congreso-gabriel-garcia-marquez\" target=\"_blank\" rel=\"noreferrer noopener\">el Primer Congreso Garc\u00eda M\u00e1rquez<\/a>, que tuvo lugar en el Instituto Cervantes de Tokio en octubre de 2008, explic\u00f3 que aprendi\u00f3 del autor colombiano la t\u00e9cnica para \u201cdesafiar las leyes de causa y efecto\u201d. En un reciente coloquio sobre&nbsp;<em>Cien a\u00f1os de soledad<\/em>, Ikezawa dialog\u00f3 con Tomoyuki Hoshino, otro premiado autor que, tras leer la saga de la familia Buend\u00eda en la d\u00e9cada de los a\u00f1os noventa, dej\u00f3 el peri\u00f3dico donde trabajaba y se fue a estudiar espa\u00f1ol a M\u00e9xico.<\/p>\n\n\n\n<figure class=\"wp-block-image\"><img decoding=\"async\" src=\"https:\/\/imagenes.elpais.com\/resizer\/v2\/RT4GXUNGUNCIJFGNZ2XNIRBYUQ.jpg?auth=9943f5412091eccbfa8a0e045c2f8fb6bbc0f544a9c279f24d946e2a81e4f0e2&amp;width=414\" alt=\"Gabriel Garc\u00eda M\u00e1rquez retratado en Cartagena, en 1991. \n\"\/><figcaption>Gabriel Garc\u00eda M\u00e1rquez retratado en Cartagena, en 1991.Ulf Andersen (Getty Images)<\/figcaption><\/figure>\n\n\n\n<p>En su debate, Hoshino asoci\u00f3 la vigencia de la novela a&nbsp;<a href=\"https:\/\/elpais.com\/opinion\/2024-03-17\/el-mundo-tal-y-como-lo-conocemos.html\" target=\"_blank\" rel=\"noreferrer noopener\">la situaci\u00f3n turbulenta que atraviesa el mundo<\/a>, con caos social, tiranos y guerras, en una repetici\u00f3n c\u00edclica de la historia enunciada por \u00darsula Iguar\u00e1n en la obra.<\/p>\n\n\n\n<p>Muchos lectores llegan a la edici\u00f3n de bolsillo atra\u00eddos por la portada del ilustrador&nbsp;<a href=\"https:\/\/www.instagram.com\/ryutomiyake\/?hl=es\" target=\"_blank\" rel=\"noreferrer noopener\">Ryuto Miyake<\/a>. Su estilo evoca las minuciosas ilustraciones de la<a href=\"https:\/\/elpais.com\/cultura\/2017\/05\/06\/actualidad\/1494077613_081317.html\" target=\"_blank\" rel=\"noreferrer noopener\"><em>Expedici\u00f3n bot\u00e1nica<\/em>&nbsp;de Jos\u00e9 Celestino Mutis<\/a>, que entre los siglos XVIII y XIX denomin\u00f3 y clasific\u00f3 gran parte de la flora colombiana. Como en una vitrina de coleccionista, Miyake dispone 16 elementos macondianos, entre ellos un alambique, un telescopio, un gallo de pelea y un racimo de pl\u00e1tanos, adem\u00e1s de personajes como el gitano Melqu\u00edades y el coronel Aureliano Buend\u00eda.<\/p>\n\n\n\n<p>La ordenada secuencia sugiere la intenci\u00f3n de guiar a los lectores en una lectura que, seg\u00fan los comentarios de las redes sociales, se presenta compleja y dif\u00edcil de seguir. \u201cAunque hayan dicho que se vende como salchichas, no es un libro f\u00e1cil\u201d, advierte el cr\u00edtico literario Sinsi Saito en su canal de YouTube al presentar una serie de cuatro cap\u00edtulos did\u00e1cticos sobre&nbsp;<em>Cien a\u00f1os de soledad<\/em>. Saito desglosa los episodios principales del libro, explica&nbsp;<a href=\"https:\/\/elpais.com\/elpais\/2014\/04\/28\/opinion\/1398707641_891205.html\" target=\"_blank\" rel=\"noreferrer noopener\">los or\u00edgenes del realismo m\u00e1gico<\/a>&nbsp;y recomienda no cuestionar la l\u00f3gica de episodios fant\u00e1sticos como el vuelo de Remedios la Bella.<\/p>\n\n\n\n<p>Al comentar el impacto de&nbsp;<em>Cien a\u00f1os de soledad<\/em>, los hispanistas locales se\u00f1alan la calidad de la traducci\u00f3n realizada por el ya fallecido traductor Tadashi Tsuzumi para la primera edici\u00f3n y revisada un par de veces para las dos reediciones en tapa dura.<\/p>\n\n\n\n<p>La historia traducida de Macondo tiene una capa sensorial inexistente en el original, gracias al inagotable cat\u00e1logo de las onomatopeyas japonesas que, adem\u00e1s de sonidos, permiten describir sensaciones o estados emocionales. En la escena inicial, por ejemplo, el traductor a\u00f1adi\u00f3 el sonido r\u00edtmico de las piedras del lecho del r\u00edo de Macondo&nbsp;<em>goro-goro&nbsp;<\/em>y para transmitir su tacto liso recurri\u00f3 a la onomatopeya&nbsp;<em>sube-sube.<\/em><\/p>\n\n\n\n<p>El deseo de entender mejor la obra ha originado clubes de lectura y coloquios para discutir tambi\u00e9n aspectos no literarios. Personalidades ajenas al mundo literario, como el c\u00f3mico&nbsp;<a href=\"https:\/\/www.youtube.com\/@bakibakivirgin\" target=\"_blank\" rel=\"noreferrer noopener\">Baki Baki Virgin, con 1,6 millones de seguidores en YouTube<\/a>, aseguran que, pese a su reputaci\u00f3n de obra maestra, no se trata de un libro pretencioso y recomiendan disfrutar la inverosimilitud sus episodios.<\/p>\n\n\n\n<p>Su consejo recuerda la ocurrente sugerencia de\u00a0<a href=\"https:\/\/elpais.com\/cultura\/2016\/07\/01\/babelia\/1467379585_297620.html\" target=\"_blank\" rel=\"noreferrer noopener\">Kobo Abe<\/a>, otro famoso escritor devoto de la novela, en un discurso en 1983. Tras subrayar la \u201cexcesiva seriedad\u201d de sus paisanos, Abe explic\u00f3 las propiedades de la comida picante para estimular el hemisferio derecho del cerebro, donde, seg\u00fan el autor, se sit\u00faa el sentido del humor, de lo que concluy\u00f3 que la mejor forma para que los japoneses disfruten de\u00a0<em>Cien a\u00f1os de soledad<\/em>\u00a0es comiendo sushi con mucho wasabi.<\/p>\n\n\n\n<p>Fuente: <a href=\"https:\/\/elpais.com\/cultura\/2024-08-24\/cien-anos-de-soledad-el-fenomeno-que-arrasa-en-japon-con-medio-siglo-de-retraso.html\">https:\/\/elpais.com\/cultura\/2024-08-24\/cien-anos-de-soledad-el-fenomeno-que-arrasa-en-japon-con-medio-siglo-de-retraso.html<\/a><\/p>\n","protected":false},"excerpt":{"rendered":"<p>La obra de Gabriel Garc\u00eda M\u00e1rquez se ha convertido en el fen\u00f3meno editorial del verano en el pa\u00eds nip\u00f3n en [&hellip;]<\/p>\n","protected":false},"author":1,"featured_media":83396,"comment_status":"open","ping_status":"open","sticky":false,"template":"","format":"standard","meta":{"site-sidebar-layout":"default","site-content-layout":"","ast-site-content-layout":"default","site-content-style":"default","site-sidebar-style":"default","ast-global-header-display":"","ast-banner-title-visibility":"","ast-main-header-display":"","ast-hfb-above-header-display":"","ast-hfb-below-header-display":"","ast-hfb-mobile-header-display":"","site-post-title":"","ast-breadcrumbs-content":"","ast-featured-img":"","footer-sml-layout":"","theme-transparent-header-meta":"","adv-header-id-meta":"","stick-header-meta":"","header-above-stick-meta":"","header-main-stick-meta":"","header-below-stick-meta":"","astra-migrate-meta-layouts":"default","ast-page-background-enabled":"default","ast-page-background-meta":{"desktop":{"background-color":"var(--ast-global-color-4)","background-image":"","background-repeat":"repeat","background-position":"center center","background-size":"auto","background-attachment":"scroll","background-type":"","background-media":"","overlay-type":"","overlay-color":"","overlay-opacity":"","overlay-gradient":""},"tablet":{"background-color":"","background-image":"","background-repeat":"repeat","background-position":"center center","background-size":"auto","background-attachment":"scroll","background-type":"","background-media":"","overlay-type":"","overlay-color":"","overlay-opacity":"","overlay-gradient":""},"mobile":{"background-color":"","background-image":"","background-repeat":"repeat","background-position":"center center","background-size":"auto","background-attachment":"scroll","background-type":"","background-media":"","overlay-type":"","overlay-color":"","overlay-opacity":"","overlay-gradient":""}},"ast-content-background-meta":{"desktop":{"background-color":"var(--ast-global-color-5)","background-image":"","background-repeat":"repeat","background-position":"center center","background-size":"auto","background-attachment":"scroll","background-type":"","background-media":"","overlay-type":"","overlay-color":"","overlay-opacity":"","overlay-gradient":""},"tablet":{"background-color":"var(--ast-global-color-5)","background-image":"","background-repeat":"repeat","background-position":"center center","background-size":"auto","background-attachment":"scroll","background-type":"","background-media":"","overlay-type":"","overlay-color":"","overlay-opacity":"","overlay-gradient":""},"mobile":{"background-color":"var(--ast-global-color-5)","background-image":"","background-repeat":"repeat","background-position":"center center","background-size":"auto","background-attachment":"scroll","background-type":"","background-media":"","overlay-type":"","overlay-color":"","overlay-opacity":"","overlay-gradient":""}},"footnotes":""},"categories":[8],"tags":[29224,4916,9128,29225,29226],"class_list":["post-83395","post","type-post","status-publish","format-standard","has-post-thumbnail","hentry","category-noticias","tag-cien-anos-de-soledad","tag-gabriel-garcia-marquez","tag-japon","tag-novelas-de-verano","tag-shinchosha"],"_links":{"self":[{"href":"https:\/\/losperiodistas.com.mx\/portal\/wp-json\/wp\/v2\/posts\/83395","targetHints":{"allow":["GET"]}}],"collection":[{"href":"https:\/\/losperiodistas.com.mx\/portal\/wp-json\/wp\/v2\/posts"}],"about":[{"href":"https:\/\/losperiodistas.com.mx\/portal\/wp-json\/wp\/v2\/types\/post"}],"author":[{"embeddable":true,"href":"https:\/\/losperiodistas.com.mx\/portal\/wp-json\/wp\/v2\/users\/1"}],"replies":[{"embeddable":true,"href":"https:\/\/losperiodistas.com.mx\/portal\/wp-json\/wp\/v2\/comments?post=83395"}],"version-history":[{"count":1,"href":"https:\/\/losperiodistas.com.mx\/portal\/wp-json\/wp\/v2\/posts\/83395\/revisions"}],"predecessor-version":[{"id":83397,"href":"https:\/\/losperiodistas.com.mx\/portal\/wp-json\/wp\/v2\/posts\/83395\/revisions\/83397"}],"wp:featuredmedia":[{"embeddable":true,"href":"https:\/\/losperiodistas.com.mx\/portal\/wp-json\/wp\/v2\/media\/83396"}],"wp:attachment":[{"href":"https:\/\/losperiodistas.com.mx\/portal\/wp-json\/wp\/v2\/media?parent=83395"}],"wp:term":[{"taxonomy":"category","embeddable":true,"href":"https:\/\/losperiodistas.com.mx\/portal\/wp-json\/wp\/v2\/categories?post=83395"},{"taxonomy":"post_tag","embeddable":true,"href":"https:\/\/losperiodistas.com.mx\/portal\/wp-json\/wp\/v2\/tags?post=83395"}],"curies":[{"name":"wp","href":"https:\/\/api.w.org\/{rel}","templated":true}]}}