{"id":83389,"date":"2024-08-24T09:29:04","date_gmt":"2024-08-24T14:29:04","guid":{"rendered":"https:\/\/losperiodistas.com.mx\/portal\/?p=83389"},"modified":"2024-08-24T09:52:04","modified_gmt":"2024-08-24T14:52:04","slug":"dia-internacional-de-la-musica-extrana-did-2","status":"publish","type":"post","link":"https:\/\/losperiodistas.com.mx\/portal\/dia-internacional-de-la-musica-extrana-did-2\/","title":{"rendered":"D\u00eda Internacional de la M\u00fasica Extra\u00f1a | DID"},"content":{"rendered":"\n<div class=\"wp-block-image\"><figure class=\"alignright size-full is-resized\"><img fetchpriority=\"high\" decoding=\"async\" src=\"https:\/\/losperiodistas.com.mx\/portal\/wp-content\/uploads\/2024\/08\/08-24_dia-internacional-musica-extrana.jpg\" alt=\"\" class=\"wp-image-83390\" width=\"466\" height=\"345\" srcset=\"https:\/\/losperiodistas.com.mx\/portal\/wp-content\/uploads\/2024\/08\/08-24_dia-internacional-musica-extrana.jpg 305w, https:\/\/losperiodistas.com.mx\/portal\/wp-content\/uploads\/2024\/08\/08-24_dia-internacional-musica-extrana-300x222.jpg 300w\" sizes=\"(max-width: 466px) 100vw, 466px\" \/><\/figure><\/div>\n\n\n\n<p><\/p>\n\n\n\n<p class=\"has-vivid-red-color has-text-color has-medium-font-size\"><strong>REDACCI\u00d3N D\u00cdA INTERNACIONAL DE<\/strong><\/p>\n\n\n\n<p><strong>El 24 de agosto es el D\u00eda Internacional de la M\u00fasica Extra\u00f1a<\/strong>, y se celebra en todo el mundo con diversas actividades de lo m\u00e1s variopintas. La gente toca o escucha m\u00fasica extra\u00f1a, producida con todo tipo de instrumentos, musicales o no.<\/p>\n\n\n\n<p>El objetivo es abrirse a nuevas experiencias sonoras y, para ello, casi todo vale.<\/p>\n\n\n\n<p>Si eres amante de la m\u00fasica extra\u00f1a, te lo vas a pasar bomba. Y si no la conoces, ya es hora de que la conozcas, \u00a1es un d\u00eda para todos!<\/p>\n\n\n\n<h2 class=\"wp-block-heading\" id=\"resTit_1\">Origen del D\u00eda Internacional de la M\u00fasica Extra\u00f1a<\/h2>\n\n\n\n<p><strong>Este d\u00eda fue ideado en 1997 por el m\u00fasico y compositor neoyorkino Patrick Grant<\/strong>&nbsp;que quer\u00eda ampliar los espectros musicales del p\u00fablico en general y para ello, su objetivo principal era conseguir que las personas escucharan y tocaran tipos de m\u00fasica que nunca antes hubieran escuchado. B\u00e1sicamente lo que quer\u00eda era \u00abescuchar sin prejuicios\u00bb.<\/p>\n\n\n\n<p>A decir verdad, tambi\u00e9n le sirvi\u00f3 para promocionar su disco&nbsp;<em>Fields Amaze<\/em>&nbsp;que acababa de salir al mercado. Eligi\u00f3 el 24 de agosto por ser el cumplea\u00f1os del padre de su novia, que para \u00e9l, fue una persona especial y una especie de mentor art\u00edstico. As\u00ed que tampoco le vino mal la efem\u00e9ride para promocionar su \u00e1lbum. En principio la denominaci\u00f3n de la celebraci\u00f3n era \u00abD\u00eda de la M\u00fasica Extra\u00f1a\u00bb, aunque con el tiempo, el movimiento fue creciendo por el mundo, y le a\u00f1adi\u00f3 el adjetivo \u00abinternacional\u00bb.<\/p>\n\n\n\n<figure class=\"wp-block-image\"><img decoding=\"async\" src=\"https:\/\/www.diainternacionalde.com\/imagenes\/dias-raros\/agosto\/08-24_dia-internacional-musica-extrana_m.jpg\" alt=\"\" title=\"\"\/><\/figure>\n\n\n\n<h2 class=\"wp-block-heading\" id=\"resTit_2\">La m\u00fasica extra\u00f1a, hoy<\/h2>\n\n\n\n<p>Actualmente, el movimiento&nbsp;<strong>Strange Music Day<\/strong>&nbsp;tiene un sello discogr\u00e1fico propio, se realizan conciertos en su nombre y se usa como una escuela para incentivar a las mentes de los j\u00f3venes artistas. Cada a\u00f1o se organizan actividades en torno a \u00e9l. Uno de los m\u00e1s sonados fue en 2021, cuando el creador del d\u00eda Patrick Grant convoc\u00f3 a los m\u00fasicos de Nueva York que quisieran participar en una velada de actuaciones para el D\u00eda Internacional de la M\u00fasica Extra\u00f1a.<\/p>\n\n\n\n<h2 class=\"wp-block-heading\" id=\"resTit_3\">\u00bfQu\u00e9 hacer en el D\u00eda de la M\u00fasica Extra\u00f1a?<\/h2>\n\n\n\n<p>Es muy f\u00e1cil, busca en Internet artistas y compositores de este tipo de m\u00fasica y esc\u00fachala, \u00a1ya ver\u00e1s como te sorprende! Si te gusta tocar, experimenta con nuevos sonidos, usando t\u00e9cnicas y objetos que nunca hubieras imaginado que sirvieran para tocar, inventa, y divi\u00e9rtete. Se trata de eso. \u00a1Feliz D\u00eda Internacional de la M\u00fasica Extra\u00f1a!<\/p>\n\n\n\n<p>Fuente: <a href=\"https:\/\/www.diainternacionalde.com\/dias-raros\/dia-internacional-musica-extranya\">https:\/\/www.diainternacionalde.com\/dias-raros\/dia-internacional-musica-extranya<\/a><\/p>\n","protected":false},"excerpt":{"rendered":"<p>REDACCI\u00d3N D\u00cdA INTERNACIONAL DE El 24 de agosto es el D\u00eda Internacional de la M\u00fasica Extra\u00f1a, y se celebra en [&hellip;]<\/p>\n","protected":false},"author":1,"featured_media":83390,"comment_status":"open","ping_status":"open","sticky":false,"template":"","format":"standard","meta":{"site-sidebar-layout":"default","site-content-layout":"","ast-site-content-layout":"default","site-content-style":"default","site-sidebar-style":"default","ast-global-header-display":"","ast-banner-title-visibility":"","ast-main-header-display":"","ast-hfb-above-header-display":"","ast-hfb-below-header-display":"","ast-hfb-mobile-header-display":"","site-post-title":"","ast-breadcrumbs-content":"","ast-featured-img":"","footer-sml-layout":"","theme-transparent-header-meta":"","adv-header-id-meta":"","stick-header-meta":"","header-above-stick-meta":"","header-main-stick-meta":"","header-below-stick-meta":"","astra-migrate-meta-layouts":"default","ast-page-background-enabled":"default","ast-page-background-meta":{"desktop":{"background-color":"var(--ast-global-color-4)","background-image":"","background-repeat":"repeat","background-position":"center center","background-size":"auto","background-attachment":"scroll","background-type":"","background-media":"","overlay-type":"","overlay-color":"","overlay-opacity":"","overlay-gradient":""},"tablet":{"background-color":"","background-image":"","background-repeat":"repeat","background-position":"center center","background-size":"auto","background-attachment":"scroll","background-type":"","background-media":"","overlay-type":"","overlay-color":"","overlay-opacity":"","overlay-gradient":""},"mobile":{"background-color":"","background-image":"","background-repeat":"repeat","background-position":"center center","background-size":"auto","background-attachment":"scroll","background-type":"","background-media":"","overlay-type":"","overlay-color":"","overlay-opacity":"","overlay-gradient":""}},"ast-content-background-meta":{"desktop":{"background-color":"var(--ast-global-color-5)","background-image":"","background-repeat":"repeat","background-position":"center center","background-size":"auto","background-attachment":"scroll","background-type":"","background-media":"","overlay-type":"","overlay-color":"","overlay-opacity":"","overlay-gradient":""},"tablet":{"background-color":"var(--ast-global-color-5)","background-image":"","background-repeat":"repeat","background-position":"center center","background-size":"auto","background-attachment":"scroll","background-type":"","background-media":"","overlay-type":"","overlay-color":"","overlay-opacity":"","overlay-gradient":""},"mobile":{"background-color":"var(--ast-global-color-5)","background-image":"","background-repeat":"repeat","background-position":"center center","background-size":"auto","background-attachment":"scroll","background-type":"","background-media":"","overlay-type":"","overlay-color":"","overlay-opacity":"","overlay-gradient":""}},"footnotes":""},"categories":[8],"tags":[29221,29223,29222],"class_list":["post-83389","post","type-post","status-publish","format-standard","has-post-thumbnail","hentry","category-noticias","tag-el-dia-de-la-musica-extrana","tag-escuchar-sin-prejuicios","tag-patrick-grant"],"_links":{"self":[{"href":"https:\/\/losperiodistas.com.mx\/portal\/wp-json\/wp\/v2\/posts\/83389","targetHints":{"allow":["GET"]}}],"collection":[{"href":"https:\/\/losperiodistas.com.mx\/portal\/wp-json\/wp\/v2\/posts"}],"about":[{"href":"https:\/\/losperiodistas.com.mx\/portal\/wp-json\/wp\/v2\/types\/post"}],"author":[{"embeddable":true,"href":"https:\/\/losperiodistas.com.mx\/portal\/wp-json\/wp\/v2\/users\/1"}],"replies":[{"embeddable":true,"href":"https:\/\/losperiodistas.com.mx\/portal\/wp-json\/wp\/v2\/comments?post=83389"}],"version-history":[{"count":2,"href":"https:\/\/losperiodistas.com.mx\/portal\/wp-json\/wp\/v2\/posts\/83389\/revisions"}],"predecessor-version":[{"id":83394,"href":"https:\/\/losperiodistas.com.mx\/portal\/wp-json\/wp\/v2\/posts\/83389\/revisions\/83394"}],"wp:featuredmedia":[{"embeddable":true,"href":"https:\/\/losperiodistas.com.mx\/portal\/wp-json\/wp\/v2\/media\/83390"}],"wp:attachment":[{"href":"https:\/\/losperiodistas.com.mx\/portal\/wp-json\/wp\/v2\/media?parent=83389"}],"wp:term":[{"taxonomy":"category","embeddable":true,"href":"https:\/\/losperiodistas.com.mx\/portal\/wp-json\/wp\/v2\/categories?post=83389"},{"taxonomy":"post_tag","embeddable":true,"href":"https:\/\/losperiodistas.com.mx\/portal\/wp-json\/wp\/v2\/tags?post=83389"}],"curies":[{"name":"wp","href":"https:\/\/api.w.org\/{rel}","templated":true}]}}