{"id":83380,"date":"2024-08-24T08:33:35","date_gmt":"2024-08-24T13:33:35","guid":{"rendered":"https:\/\/losperiodistas.com.mx\/portal\/?p=83380"},"modified":"2024-08-24T08:33:37","modified_gmt":"2024-08-24T13:33:37","slug":"asegura-semar-7-2-toneladas-de-cocaina-durante-operativos-en-2-entidades-la-jornada","status":"publish","type":"post","link":"https:\/\/losperiodistas.com.mx\/portal\/asegura-semar-7-2-toneladas-de-cocaina-durante-operativos-en-2-entidades-la-jornada\/","title":{"rendered":"Asegura Semar 7.2 toneladas de coca\u00edna durante operativos en 2 entidades | La Jornada"},"content":{"rendered":"\n<figure class=\"wp-block-image size-full\"><img fetchpriority=\"high\" decoding=\"async\" width=\"1000\" height=\"753\" src=\"https:\/\/losperiodistas.com.mx\/portal\/wp-content\/uploads\/2024\/08\/Marina-cocaina.jpg\" alt=\"\" class=\"wp-image-83381\" srcset=\"https:\/\/losperiodistas.com.mx\/portal\/wp-content\/uploads\/2024\/08\/Marina-cocaina.jpg 1000w, https:\/\/losperiodistas.com.mx\/portal\/wp-content\/uploads\/2024\/08\/Marina-cocaina-300x226.jpg 300w, https:\/\/losperiodistas.com.mx\/portal\/wp-content\/uploads\/2024\/08\/Marina-cocaina-768x578.jpg 768w\" sizes=\"(max-width: 1000px) 100vw, 1000px\" \/><figcaption>Este decomiso constituye la mayor incautaci\u00f3n en un solo evento durante la presente administraci\u00f3n. Foto cortes\u00eda Semar.<\/figcaption><\/figure>\n\n\n\n<p>GUSTAVO CASTILLO \/ La Jornada<\/p>\n\n\n\n<p>Personal de la Secretar\u00eda de Marina-Armada de M\u00e9xico (Semar), asegur\u00f3 aproximadamente 7.2 toneladas de coca\u00edna y mil cien litros de combustible que era utilizado por grupos delictivos para recargar los tanques de embarcaciones en las que se transporta droga.<\/p>\n\n\n\n<p>Adem\u00e1s, durante las acciones realizadas en las costas de Colima y Michoac\u00e1n, fueron detenidos 15 presuntos traficantes de enervantes.<\/p>\n\n\n\n<p>En el primer evento, registrado al suroeste de Manzanillo, Colima, el personal a bordo de la Patrulla Oce\u00e1nica \u201cGod\u00ednez\u201d y con apoyo de un helic\u00f3ptero tipo Panther, fueron aseguradas tres embarcaciones menores con motores fuera de borda y en ellas se transportaban 126 bultos con un peso aproximado de 5 toneladas 600 kilos de coca\u00edna.<\/p>\n\n\n\n<p>Este decomiso constituye la mayor incautaci\u00f3n en un solo evento durante la presente administraci\u00f3n.<\/p>\n\n\n\n<p>En el segundo evento, los integrantes de la Semar, con apoyo del buque patrulla interceptora \u201cRegulus\u201d, una embarcaci\u00f3n tipo Defender y un helic\u00f3ptero tipo Panther, se aseguraron 32 bultos con una tonelada 600 kilos de coca\u00edna, los cuales fueron localizados flotando en costas de L\u00e1zaro C\u00e1rdenas, Michoac\u00e1n.<\/p>\n\n\n\n<p>Fuente: <a href=\"https:\/\/www.jornada.com.mx\/noticia\/2024\/08\/23\/politica\/asegura-semar-7-2-toneladas-de-cocaina-durante-operativos-en-2-entidades-5584\">https:\/\/www.jornada.com.mx\/noticia\/2024\/08\/23\/politica\/asegura-semar-7-2-toneladas-de-cocaina-durante-operativos-en-2-entidades-5584<\/a><\/p>\n","protected":false},"excerpt":{"rendered":"<p>GUSTAVO CASTILLO \/ La Jornada Personal de la Secretar\u00eda de Marina-Armada de M\u00e9xico (Semar), asegur\u00f3 aproximadamente 7.2 toneladas de coca\u00edna [&hellip;]<\/p>\n","protected":false},"author":1,"featured_media":83381,"comment_status":"open","ping_status":"open","sticky":false,"template":"","format":"standard","meta":{"site-sidebar-layout":"default","site-content-layout":"","ast-site-content-layout":"default","site-content-style":"default","site-sidebar-style":"default","ast-global-header-display":"","ast-banner-title-visibility":"","ast-main-header-display":"","ast-hfb-above-header-display":"","ast-hfb-below-header-display":"","ast-hfb-mobile-header-display":"","site-post-title":"","ast-breadcrumbs-content":"","ast-featured-img":"","footer-sml-layout":"","theme-transparent-header-meta":"","adv-header-id-meta":"","stick-header-meta":"","header-above-stick-meta":"","header-main-stick-meta":"","header-below-stick-meta":"","astra-migrate-meta-layouts":"default","ast-page-background-enabled":"default","ast-page-background-meta":{"desktop":{"background-color":"var(--ast-global-color-4)","background-image":"","background-repeat":"repeat","background-position":"center center","background-size":"auto","background-attachment":"scroll","background-type":"","background-media":"","overlay-type":"","overlay-color":"","overlay-opacity":"","overlay-gradient":""},"tablet":{"background-color":"","background-image":"","background-repeat":"repeat","background-position":"center center","background-size":"auto","background-attachment":"scroll","background-type":"","background-media":"","overlay-type":"","overlay-color":"","overlay-opacity":"","overlay-gradient":""},"mobile":{"background-color":"","background-image":"","background-repeat":"repeat","background-position":"center center","background-size":"auto","background-attachment":"scroll","background-type":"","background-media":"","overlay-type":"","overlay-color":"","overlay-opacity":"","overlay-gradient":""}},"ast-content-background-meta":{"desktop":{"background-color":"var(--ast-global-color-5)","background-image":"","background-repeat":"repeat","background-position":"center center","background-size":"auto","background-attachment":"scroll","background-type":"","background-media":"","overlay-type":"","overlay-color":"","overlay-opacity":"","overlay-gradient":""},"tablet":{"background-color":"var(--ast-global-color-5)","background-image":"","background-repeat":"repeat","background-position":"center center","background-size":"auto","background-attachment":"scroll","background-type":"","background-media":"","overlay-type":"","overlay-color":"","overlay-opacity":"","overlay-gradient":""},"mobile":{"background-color":"var(--ast-global-color-5)","background-image":"","background-repeat":"repeat","background-position":"center center","background-size":"auto","background-attachment":"scroll","background-type":"","background-media":"","overlay-type":"","overlay-color":"","overlay-opacity":"","overlay-gradient":""}},"footnotes":""},"categories":[8],"tags":[11563,29217,11082],"class_list":["post-83380","post","type-post","status-publish","format-standard","has-post-thumbnail","hentry","category-noticias","tag-michoacan","tag-narcotrafico-cocaina","tag-semar"],"_links":{"self":[{"href":"https:\/\/losperiodistas.com.mx\/portal\/wp-json\/wp\/v2\/posts\/83380","targetHints":{"allow":["GET"]}}],"collection":[{"href":"https:\/\/losperiodistas.com.mx\/portal\/wp-json\/wp\/v2\/posts"}],"about":[{"href":"https:\/\/losperiodistas.com.mx\/portal\/wp-json\/wp\/v2\/types\/post"}],"author":[{"embeddable":true,"href":"https:\/\/losperiodistas.com.mx\/portal\/wp-json\/wp\/v2\/users\/1"}],"replies":[{"embeddable":true,"href":"https:\/\/losperiodistas.com.mx\/portal\/wp-json\/wp\/v2\/comments?post=83380"}],"version-history":[{"count":1,"href":"https:\/\/losperiodistas.com.mx\/portal\/wp-json\/wp\/v2\/posts\/83380\/revisions"}],"predecessor-version":[{"id":83382,"href":"https:\/\/losperiodistas.com.mx\/portal\/wp-json\/wp\/v2\/posts\/83380\/revisions\/83382"}],"wp:featuredmedia":[{"embeddable":true,"href":"https:\/\/losperiodistas.com.mx\/portal\/wp-json\/wp\/v2\/media\/83381"}],"wp:attachment":[{"href":"https:\/\/losperiodistas.com.mx\/portal\/wp-json\/wp\/v2\/media?parent=83380"}],"wp:term":[{"taxonomy":"category","embeddable":true,"href":"https:\/\/losperiodistas.com.mx\/portal\/wp-json\/wp\/v2\/categories?post=83380"},{"taxonomy":"post_tag","embeddable":true,"href":"https:\/\/losperiodistas.com.mx\/portal\/wp-json\/wp\/v2\/tags?post=83380"}],"curies":[{"name":"wp","href":"https:\/\/api.w.org\/{rel}","templated":true}]}}