{"id":83377,"date":"2024-08-24T08:24:56","date_gmt":"2024-08-24T13:24:56","guid":{"rendered":"https:\/\/losperiodistas.com.mx\/portal\/?p=83377"},"modified":"2024-08-24T08:24:58","modified_gmt":"2024-08-24T13:24:58","slug":"inai-e-ift-advierten-retroceso-en-telecom-y-transparencia-con-reforma-de-organos-autonomos-el-economista","status":"publish","type":"post","link":"https:\/\/losperiodistas.com.mx\/portal\/inai-e-ift-advierten-retroceso-en-telecom-y-transparencia-con-reforma-de-organos-autonomos-el-economista\/","title":{"rendered":"INAI e IFT advierten retroceso en telecom y transparencia con reforma de \u00f3rganos aut\u00f3nomos | El Economista"},"content":{"rendered":"\n<p>El Instituto Federal de Telecomunicaciones comunic\u00f3 la noche del viernes 23 de agosto que el dictamen de simplificaci\u00f3n org\u00e1nica a nivel de administraci\u00f3n p\u00fablica federal se traducir\u00e1 en limitaciones para el desarrollo y competencia efectiva de las industrias de telecomunicaciones y radiodifusi\u00f3n.<\/p>\n\n\n\n<figure class=\"wp-block-image size-large\"><img fetchpriority=\"high\" decoding=\"async\" width=\"1024\" height=\"575\" src=\"https:\/\/losperiodistas.com.mx\/portal\/wp-content\/uploads\/2024\/08\/Captura-de-pantalla-2024-08-24-a-las-7.20.04\u202fa.m.-1024x575.png\" alt=\"\" class=\"wp-image-83378\" srcset=\"https:\/\/losperiodistas.com.mx\/portal\/wp-content\/uploads\/2024\/08\/Captura-de-pantalla-2024-08-24-a-las-7.20.04\u202fa.m.-1024x575.png 1024w, https:\/\/losperiodistas.com.mx\/portal\/wp-content\/uploads\/2024\/08\/Captura-de-pantalla-2024-08-24-a-las-7.20.04\u202fa.m.-300x168.png 300w, https:\/\/losperiodistas.com.mx\/portal\/wp-content\/uploads\/2024\/08\/Captura-de-pantalla-2024-08-24-a-las-7.20.04\u202fa.m.-768x431.png 768w, https:\/\/losperiodistas.com.mx\/portal\/wp-content\/uploads\/2024\/08\/Captura-de-pantalla-2024-08-24-a-las-7.20.04\u202fa.m..png 1514w\" sizes=\"(max-width: 1024px) 100vw, 1024px\" \/><figcaption>Foto: Especial<\/figcaption><\/figure>\n\n\n\n<p><\/p>\n\n\n\n<p class=\"has-vivid-red-color has-text-color has-medium-font-size\"><strong>NICOL\u00c1S LUCAS-BARTOLO \/ El Economista<\/strong><\/p>\n\n\n\n<p>El<strong>&nbsp;Instituto Federal de Telecomunicaciones (IFT)<\/strong>&nbsp;comunic\u00f3 esta noche que el dictamen de simplificaci\u00f3n org\u00e1nica a nivel de administraci\u00f3n p\u00fablica federal, aprobado en la tarde de este viernes en la C\u00e1mara de Diputados, se traducir\u00e1 en&nbsp;<a href=\"https:\/\/www.eleconomista.com.mx\/opinion\/Adios-Inai-IFT-Cofece-20240823-0032.html\" target=\"_blank\" rel=\"noreferrer noopener\">limitaciones para el desarrollo y competencia<\/a>&nbsp;efectiva de las industrias de telecomunicaciones y radiodifusi\u00f3n.<\/p>\n\n\n\n<p>La afirmaci\u00f3n del IFT deriva de que el actual gobierno federal propone una serie de modificaciones a diversos art\u00edculos de la Constituci\u00f3n, sobre todo de los art\u00edculos 27 y 28, que se traduce como un traslado de sus actividades y atribuciones a una nueva \u00e1rea de la Secretar\u00eda de Infraestructura, Comunicaciones y Transportes (SICT).<\/p>\n\n\n\n<p>Este modelo ya fue aplicado d\u00e9cadas atr\u00e1s en M\u00e9xico, en que a pesar de la existencia de un \u00f3rgano t\u00e9cnico encargado de regular esas dos industrias, sus decisiones eran combatidas y derribadas en tribunales y otras veces frenadas por el mismo titular de esa dependencia, es decir el secretario de Comunicaciones.<\/p>\n\n\n\n<p>En el a\u00f1o 2013, el constituyente de aquel entonces aprob\u00f3 la existencia de una entidad t\u00e9cnica y aut\u00f3noma con la misi\u00f3n de regular la telefon\u00eda, el Internet, la televisi\u00f3n y la radio, y otros servicios de telecomunicaciones, as\u00ed como los&nbsp;<strong>mercados digitales.<\/strong><\/p>\n\n\n\n<p>De esta manera naci\u00f3 el IFT, un \u00f3rgano t\u00e9cnico, aut\u00f3nomo y \u00fanico facultado por la Constituci\u00f3n para supervisar el aprovechamiento correcto de las bandas radioel\u00e9ctricas en la oferta de servicios y tambi\u00e9n la<strong>&nbsp;\u00fanica autoridad facultada<\/strong>&nbsp;para observar los temas de competencia econ\u00f3mica en telecomunicaciones y radiodifusi\u00f3n.<\/p>\n\n\n\n<p>Esta tarde, la Comisi\u00f3n de Puntos Constitucionales de la C\u00e1mara de Diputados aprob\u00f3 en lo general y particular \u2014con<a href=\"https:\/\/www.eleconomista.com.mx\/Telefonistas-respaldan-la-extincion-del-IFT-AMLO-les-habia-prometido-la-TV-para-Telmex-vy202408220022.html\" target=\"_blank\" rel=\"noreferrer noopener\">&nbsp;57 reservas solicitadas en marat\u00f3nica sesi\u00f3n de ocho&nbsp;<\/a><a href=\"https:\/\/www.eleconomista.com.mx\/Telefonistas-respaldan-la-extincion-del-IFT-AMLO-les-habia-prometido-la-TV-para-Telmex-vy202408220022.html\" target=\"_blank\" rel=\"noreferrer noopener\">horas<\/a>\u2014, un proyecto de dictamen que avala la extinci\u00f3n de siete \u00f3rganos aut\u00f3nomos, como el IFT, con el argumento principal de un ahorro de recursos, si bien el trabajo regulatorio del IFT ha permitido una recaudaci\u00f3n de 730 millones de d\u00f3lares para el gobierno de la Cuarta Transformaci\u00f3n s\u00f3lo en el primer trimestre del 2024.<\/p>\n\n\n\n<figure class=\"wp-block-image\"><img decoding=\"async\" src=\"https:\/\/www.eleconomista.com.mx\/export\/sites\/eleconomista\/img\/2024\/06\/27\/videonota-_ift_entrega_la_primera_concesioxn_de_radio_afromexicana_a_un_grupo_de_mujeres_de_oaxaca-mp4_1719537746652480.jpg_605617689.jpg\" alt=\"\"\/><\/figure>\n\n\n\n<p>\u201cEl dictamen aprobado hoy plantea modificaciones constitucionales que implican el resurgimiento de un modelo institucional que demostr\u00f3 serias limitaciones para asegurar que m\u00e1s personas tuvieran<strong>&nbsp;acceso a m\u00e1s y mejores servicios<\/strong>, as\u00ed como para incrementar la competencia en los mercados de telecomunicaciones y radiodifusi\u00f3n, lo que conllevar\u00eda un grave retroceso en perjuicio de las personas usuarias y audiencias en nuestro pa\u00eds\u201d, declar\u00f3 el IFT.<\/p>\n\n\n\n<p>\u201cCon el modelo institucional anterior a la reforma constitucional de 2013, las decisiones colegiadas del regulador estaban supeditadas a la revisi\u00f3n de una persona dentro de la misma dependencia a la que estaba subordinado, es decir, el titular de la Secretar\u00eda de Comunicaciones, quien pod\u00eda modificar o revocar determinaciones del regulador en atenci\u00f3n a las coyunturas, situaci\u00f3n que alejaba la toma de decisiones de&nbsp;<a href=\"https:\/\/www.eleconomista.com.mx\/opinion\/El-costo-de-la-extincion-del-IFT-20240806-0141.html\" target=\"_blank\" rel=\"noreferrer noopener\">criterios t\u00e9cnicos y jur\u00eddicos claros y robustos<\/a>\u201d.<\/p>\n\n\n\n<p>El IFT record\u00f3 que en once a\u00f1os, de su creaci\u00f3n como<strong>&nbsp;\u00f3rgano constitucional aut\u00f3nomo, los sectores de telecomunicaciones y radiodifusi\u00f3n<\/strong>&nbsp;han experimentado una transformaci\u00f3n profunda y sin precedentes en la historia de M\u00e9xico, y reconocido por la Uni\u00f3n Internacional de Telecomunicaciones (UIT), como un regulador de avanzada.<\/p>\n\n\n\n<p>Gracias a la reforma sectorial del 2013 y al trabajo del IFT, los mexicanos pagan 32.1% menos dinero de lo que pagaban hace once a\u00f1os por los servicios de comunicaciones y a pesar de que la inflaci\u00f3n se ha incrementado en este periodo.<\/p>\n\n\n\n<p>En 2013 la poblaci\u00f3n usuaria de Internet en M\u00e9xico no superaba el 45%, mientras que en 2023 el 81.2% de la poblaci\u00f3n es usuaria de este servicio. Esto equivale a 51 millones de personas que hace once a\u00f1os no contaban con este servicio.<\/p>\n\n\n\n<p>Actualmente existen 27.7 millones de hogares con acceso a Internet en el pa\u00eds (71.7% del total), cifra que contrasta con los<strong>&nbsp;9.6 millones de hogares<\/strong>&nbsp;que dispon\u00edan de este servicio en 2013.<\/p>\n\n\n\n<p>Actualmente tambi\u00e9n, la mayor\u00eda de las conexiones de banda ancha fija superan velocidades de 50 Mbps, mientras que en 2020 este tipo de conexiones apenas representaban el 8.1% del total.<\/p>\n\n\n\n<p>\u201cPor primera vez en la historia del pa\u00eds se asignaron frecuencias para la provisi\u00f3n comercial de servicios de radiodifusi\u00f3n, a trav\u00e9s de procesos de licitaci\u00f3n abiertos y transparentes, por lo que se conform\u00f3 una nueva cadena de<strong>&nbsp;televisi\u00f3n abierta<\/strong>, y se cuenta con 244 nuevas estaciones de radio, desde la creaci\u00f3n del IFT\u201d, agreg\u00f3 esa autoridad.<\/p>\n\n\n\n<p>As\u00ed, hoy en el pa\u00eds se transmiten 1,335 canales de programaci\u00f3n televisiva, esto es 551 canales m\u00e1s que en 2013, lo que se traduce en m\u00e1s opciones para las audiencias.<\/p>\n\n\n\n<p>Desde la creaci\u00f3n del IFT se han otorgado 1,762 concesiones para prestar servicios de radiodifusi\u00f3n. De estas concesiones, 1,485 se han otorgado sin fines de lucro, es decir para uso social, comunitario, ind\u00edgena, afromexicano o p\u00fablico, conforme a lo siguiente:<\/p>\n\n\n\n<ul class=\"wp-block-list\"><li>822 concesiones se han otorgado a instituciones p\u00fablicas.<\/li><li>631 concesiones sin fines de lucro a organizaciones de la sociedad civil y particulares.<\/li><li>Se han otorgado 32 concesiones a pueblos ind\u00edgenas, incluyendo 1 a una comunidad afromexicana.<\/li><\/ul>\n\n\n\n<p>En materia de&nbsp;<strong>simplificaci\u00f3n administrativa, ahorros y ejercicio presupuestario<\/strong>, \u201ces importante se\u00f1alar que desde nuestra creaci\u00f3n, el presupuesto ha disminuido en t\u00e9rminos reales m\u00e1s del 40%, en relaci\u00f3n con el presupuesto aprobado en 2014\u201d, dijo el IFT.<\/p>\n\n\n\n<p>El presupuesto asignado al IFT de 2014 a 2023 ha sido por 17,752.1 millones de pesos, cifra que contrasta con los 180,917.8 millones de pesos que, en cuanto a contraprestaciones, el IFT ha contribuido en ingresos a la&nbsp;<strong>Hacienda P\u00fablica.<\/strong><\/p>\n\n\n\n<p>Adicionalmente, \u201cse han logrado ahorros a los usuarios por un equivalente a 805,000 millones de pesos, por lo que por cada peso de presupuesto asignado se han generado 44 pesos de beneficio social\u201d, destac\u00f3 el IFT.<\/p>\n\n\n\n<h2 class=\"wp-block-heading\">INAI: Golpe a la transparencia<\/h2>\n\n\n\n<p>Por su parte,el&nbsp;<strong>Instituto Nacional de Transparencia, Acceso a la Informaci\u00f3n y Protecci\u00f3n de Datos Personales (INAI)<\/strong>&nbsp;consider\u00f3 que la reforma es un<strong>&nbsp;golpe a la transparencia<\/strong>&nbsp;y un retroceso que afectar\u00e1 gravemente el ejercicio pleno de los derechos humanos en M\u00e9xico.<\/p>\n\n\n\n<p>Por lo que hizo un llamado urgente a los legisladores y a la sociedad a dialogar y reconsiderar esta propuesta que amenaza la calidad de la vida p\u00fablica y la confianza ciudadana en las instituciones.<\/p>\n\n\n\n<p>\u201cEliminar al INAI no es s\u00f3lo un tema t\u00e9cnico o administrativo; es una cuesti\u00f3n que impacta directamente a cada ciudadano\u2026&nbsp;<strong>La autonom\u00eda e independencia del INAI&nbsp;<\/strong>han sido clave para asegurar que las decisiones sobre acceso a la informaci\u00f3n y protecci\u00f3n de datos sean tomadas sin interferencias pol\u00edticas o ideol\u00f3gicas. Esto ha permitido que se realice un trabajo riguroso y justo en favor de los derechos de las y los mexicanos\u201d, se lee en un comunicado.<\/p>\n\n\n\n<p>Tambi\u00e9n, considera que la propuesta de reasignar las funciones del INAI a otras entidades gubernamentales pone en riesgo la imparcialidad y aumenta la posibilidad de que los derechos humanos queden desprotegidos al ser juzgados por quienes tambi\u00e9n ejercen el poder.<\/p>\n\n\n\n<p>El INAI reiter\u00f3 su disposici\u00f3n para&nbsp;<strong>entablar un di\u00e1logo constructivo<\/strong>&nbsp;con todos los actores involucrados, incluyendo las y los legisladores y la sociedad.<\/p>\n\n\n\n<p>\u201cEs fundamental que se abra un proceso de parlamento abierto en el que todas y todos puedan escuchar y discutir sobre la importancia de preservar organismos aut\u00f3nomos que, como el INAI, fortalecen nuestra democracia y protegen nuestros derechos\u201d.<\/p>\n\n\n\n<figure class=\"wp-block-image\"><img decoding=\"async\" src=\"https:\/\/www.eleconomista.com.mx\/export\/sites\/eleconomista\/img\/2024\/05\/07\/inai_rs_-14_jpg_554688468.jpg_605617689.jpg\" alt=\"\"\/><\/figure>\n\n\n\n<p>Por \u00faltimo, se\u00f1ala que, en lugar de su eliminaci\u00f3n,\u00a0<strong>proponen trabajar juntos en la modernizaci\u00f3n y fortalecimiento del INAI<\/strong>\u00a0y del Sistema Nacional de Transparencia y de los mecanismos que garantizan el<strong>\u00a0acceso a la informaci\u00f3n y la protecci\u00f3n de datos personales<\/strong>. S\u00f3lo as\u00ed podremos asegurar que M\u00e9xico siga avanzando hacia una sociedad m\u00e1s transparente, justa y democr\u00e1tica.<\/p>\n\n\n\n<p>Fuente: <a href=\"https:\/\/www.eleconomista.com.mx\/politica\/INAI-e-IFT-advierten-retroceso-en-telecom-y-transparencia-con-reforma-de-organos-autonomos-20240823-0096.html\">https:\/\/www.eleconomista.com.mx\/politica\/INAI-e-IFT-advierten-retroceso-en-telecom-y-transparencia-con-reforma-de-organos-autonomos-20240823-0096.html<\/a><\/p>\n","protected":false},"excerpt":{"rendered":"<p>El Instituto Federal de Telecomunicaciones comunic\u00f3 la noche del viernes 23 de agosto que el dictamen de simplificaci\u00f3n org\u00e1nica a [&hellip;]<\/p>\n","protected":false},"author":1,"featured_media":83378,"comment_status":"open","ping_status":"open","sticky":false,"template":"","format":"standard","meta":{"site-sidebar-layout":"default","site-content-layout":"","ast-site-content-layout":"default","site-content-style":"default","site-sidebar-style":"default","ast-global-header-display":"","ast-banner-title-visibility":"","ast-main-header-display":"","ast-hfb-above-header-display":"","ast-hfb-below-header-display":"","ast-hfb-mobile-header-display":"","site-post-title":"","ast-breadcrumbs-content":"","ast-featured-img":"","footer-sml-layout":"","theme-transparent-header-meta":"","adv-header-id-meta":"","stick-header-meta":"","header-above-stick-meta":"","header-main-stick-meta":"","header-below-stick-meta":"","astra-migrate-meta-layouts":"default","ast-page-background-enabled":"default","ast-page-background-meta":{"desktop":{"background-color":"var(--ast-global-color-4)","background-image":"","background-repeat":"repeat","background-position":"center center","background-size":"auto","background-attachment":"scroll","background-type":"","background-media":"","overlay-type":"","overlay-color":"","overlay-opacity":"","overlay-gradient":""},"tablet":{"background-color":"","background-image":"","background-repeat":"repeat","background-position":"center center","background-size":"auto","background-attachment":"scroll","background-type":"","background-media":"","overlay-type":"","overlay-color":"","overlay-opacity":"","overlay-gradient":""},"mobile":{"background-color":"","background-image":"","background-repeat":"repeat","background-position":"center center","background-size":"auto","background-attachment":"scroll","background-type":"","background-media":"","overlay-type":"","overlay-color":"","overlay-opacity":"","overlay-gradient":""}},"ast-content-background-meta":{"desktop":{"background-color":"var(--ast-global-color-5)","background-image":"","background-repeat":"repeat","background-position":"center center","background-size":"auto","background-attachment":"scroll","background-type":"","background-media":"","overlay-type":"","overlay-color":"","overlay-opacity":"","overlay-gradient":""},"tablet":{"background-color":"var(--ast-global-color-5)","background-image":"","background-repeat":"repeat","background-position":"center center","background-size":"auto","background-attachment":"scroll","background-type":"","background-media":"","overlay-type":"","overlay-color":"","overlay-opacity":"","overlay-gradient":""},"mobile":{"background-color":"var(--ast-global-color-5)","background-image":"","background-repeat":"repeat","background-position":"center center","background-size":"auto","background-attachment":"scroll","background-type":"","background-media":"","overlay-type":"","overlay-color":"","overlay-opacity":"","overlay-gradient":""}},"footnotes":""},"categories":[8],"tags":[3664,4149,29215,29216,2831],"class_list":["post-83377","post","type-post","status-publish","format-standard","has-post-thumbnail","hentry","category-noticias","tag-ift","tag-inai","tag-limitaciones-telecomunicaciones","tag-radiodifusion","tag-transparencia"],"_links":{"self":[{"href":"https:\/\/losperiodistas.com.mx\/portal\/wp-json\/wp\/v2\/posts\/83377","targetHints":{"allow":["GET"]}}],"collection":[{"href":"https:\/\/losperiodistas.com.mx\/portal\/wp-json\/wp\/v2\/posts"}],"about":[{"href":"https:\/\/losperiodistas.com.mx\/portal\/wp-json\/wp\/v2\/types\/post"}],"author":[{"embeddable":true,"href":"https:\/\/losperiodistas.com.mx\/portal\/wp-json\/wp\/v2\/users\/1"}],"replies":[{"embeddable":true,"href":"https:\/\/losperiodistas.com.mx\/portal\/wp-json\/wp\/v2\/comments?post=83377"}],"version-history":[{"count":1,"href":"https:\/\/losperiodistas.com.mx\/portal\/wp-json\/wp\/v2\/posts\/83377\/revisions"}],"predecessor-version":[{"id":83379,"href":"https:\/\/losperiodistas.com.mx\/portal\/wp-json\/wp\/v2\/posts\/83377\/revisions\/83379"}],"wp:featuredmedia":[{"embeddable":true,"href":"https:\/\/losperiodistas.com.mx\/portal\/wp-json\/wp\/v2\/media\/83378"}],"wp:attachment":[{"href":"https:\/\/losperiodistas.com.mx\/portal\/wp-json\/wp\/v2\/media?parent=83377"}],"wp:term":[{"taxonomy":"category","embeddable":true,"href":"https:\/\/losperiodistas.com.mx\/portal\/wp-json\/wp\/v2\/categories?post=83377"},{"taxonomy":"post_tag","embeddable":true,"href":"https:\/\/losperiodistas.com.mx\/portal\/wp-json\/wp\/v2\/tags?post=83377"}],"curies":[{"name":"wp","href":"https:\/\/api.w.org\/{rel}","templated":true}]}}