{"id":83355,"date":"2024-08-23T21:48:17","date_gmt":"2024-08-24T02:48:17","guid":{"rendered":"http:\/\/losperiodistas.com.mx\/portal\/?p=83355"},"modified":"2024-08-23T21:48:19","modified_gmt":"2024-08-24T02:48:19","slug":"embajador-ken-salazar-responde-a-amlo-por-critica-a-reforma-judicial","status":"publish","type":"post","link":"https:\/\/losperiodistas.com.mx\/portal\/embajador-ken-salazar-responde-a-amlo-por-critica-a-reforma-judicial\/","title":{"rendered":"Embajador Ken Salazar responde a reclamo de AMLO por cr\u00edtica a la reforma judicial: \u201cTengo disposici\u00f3n a dialogar\u201d | Infobae"},"content":{"rendered":"\n<p>El diplom\u00e1tico asegur\u00f3 que su postura sobre la iniciativa tiene esp\u00edritu de colaboraci\u00f3n<\/p>\n\n\n\n<figure class=\"wp-block-image size-large\"><img fetchpriority=\"high\" decoding=\"async\" width=\"1024\" height=\"624\" src=\"https:\/\/losperiodistas.com.mx\/portal\/wp-content\/uploads\/2024\/08\/Captura-de-pantalla-2024-08-23-203814-1024x624.png\" alt=\"Ken Salazar\" class=\"wp-image-83356\" srcset=\"https:\/\/losperiodistas.com.mx\/portal\/wp-content\/uploads\/2024\/08\/Captura-de-pantalla-2024-08-23-203814-1024x624.png 1024w, https:\/\/losperiodistas.com.mx\/portal\/wp-content\/uploads\/2024\/08\/Captura-de-pantalla-2024-08-23-203814-300x183.png 300w, https:\/\/losperiodistas.com.mx\/portal\/wp-content\/uploads\/2024\/08\/Captura-de-pantalla-2024-08-23-203814-768x468.png 768w, https:\/\/losperiodistas.com.mx\/portal\/wp-content\/uploads\/2024\/08\/Captura-de-pantalla-2024-08-23-203814.png 1235w\" sizes=\"(max-width: 1024px) 100vw, 1024px\" \/><figcaption>El embajador de EEUU en M\u00e9xico respondi\u00f3 a AMLO (Foto: EFE\/Mario Guzm\u00e1n) <\/figcaption><\/figure>\n\n\n\n<p class=\"has-vivid-red-color has-text-color\">Brenda Terreros \/ El Financiero<\/p>\n\n\n\n<p>El embajador de Estados Unidos en M\u00e9xico,<strong> Ken Salazar<\/strong>, respondi\u00f3 al presidente Andr\u00e9s Manuel L\u00f3pez Obrador (<strong>AMLO<\/strong>) luego de que el mandatario federal asegurara que su posicionamiento sobre el poder judicial fue desafortunada e imprudente. Al respecto, el diplom\u00e1tico afirm\u00f3 que su declaraci\u00f3n tuvo un \u201cesp\u00edritu de <strong>colaboraci\u00f3n<\/strong>\u201d y de <strong>di\u00e1logo<\/strong>, para mantener la fuerte relaci\u00f3n bilateral lograda.<\/p>\n\n\n\n<p>\u201cLas preocupaciones que expres\u00e9 sobre la elecci\u00f3n directa de jueces son en esp\u00edritu de colaboraci\u00f3n. Como socios, buscamos un<strong> di\u00e1logo honesto y abierto <\/strong>para seguir con el gran progreso democr\u00e1tico y econ\u00f3mico que hemos alcanzado\u201d, explic\u00f3.<\/p>\n\n\n\n<p>Salazar enfatiz\u00f3 que Estados Unidos y M\u00e9xico tienen una relaci\u00f3n nunca antes vista, que para mantenerse debe estar basada en la comunicaci\u00f3n, especialmente para tratar asuntos relacionados con los objetivos en com\u00fan, en materia de seguridad y comercio.<\/p>\n\n\n\n<p>\u201cHemos creado una relaci\u00f3n sin precedentes como socios e iguales entre M\u00e9xico y Estados Unidos. . Por ello, la comunicaci\u00f3n es crucial, especialmente cuando se trata de nuestras <strong>metas comunes en seguridad <\/strong>y nuestras <strong>relaciones comerciales<\/strong>\u201d, agreg\u00f3.<\/p>\n\n\n\n<figure class=\"wp-block-image size-large\"><img decoding=\"async\" width=\"1024\" height=\"757\" src=\"https:\/\/losperiodistas.com.mx\/portal\/wp-content\/uploads\/2024\/08\/Captura-de-pantalla-2024-08-23-204506-1024x757.png\" alt=\"\" class=\"wp-image-83357\" srcset=\"https:\/\/losperiodistas.com.mx\/portal\/wp-content\/uploads\/2024\/08\/Captura-de-pantalla-2024-08-23-204506-1024x757.png 1024w, https:\/\/losperiodistas.com.mx\/portal\/wp-content\/uploads\/2024\/08\/Captura-de-pantalla-2024-08-23-204506-300x222.png 300w, https:\/\/losperiodistas.com.mx\/portal\/wp-content\/uploads\/2024\/08\/Captura-de-pantalla-2024-08-23-204506-768x567.png 768w, https:\/\/losperiodistas.com.mx\/portal\/wp-content\/uploads\/2024\/08\/Captura-de-pantalla-2024-08-23-204506.png 1026w\" sizes=\"(max-width: 1024px) 100vw, 1024px\" \/><figcaption>El embajador Ken Salazar asegur\u00f3 que su posicionamiento tuvo \u00e1nimo colaborativo FOTO: PRESIDENCIA\/CUARTOSCURO.COM<\/figcaption><\/figure>\n\n\n\n<p>En este contexto mostr\u00f3 disposici\u00f3n a dialogar sobre la reforma al poder judicial con L\u00f3pez Obrador y otros l\u00edderes del pa\u00eds.<\/p>\n\n\n\n<p>\u201cTengo la mayor <strong>disposici\u00f3n a dialogar con el liderazgo de M\u00e9xico<\/strong> sobre la elecci\u00f3n directa de jueces e intercambiar opiniones sobre los distintos modelos, tales como la elecci\u00f3n de retenci\u00f3n\u201d, concluy\u00f3.<\/p>\n\n\n\n<h2 class=\"wp-block-heading\">Esta fue la respuesta de AMLO a la postura del embajador de EEUU en M\u00e9xico<\/h2>\n\n\n\n<p>La Secretar\u00eda de Relaciones Exteriores envi\u00f3 una carta al gobierno estadounidense manifestando su \u201cprofundo extra\u00f1amiento\u201d y calificando las declaraciones del embajador Ken Salazar como \u201cinaceptables\u201d.<\/p>\n\n\n\n<p>El documento destaca que el objetivo principal de la reforma constitucional es fortalecer el Estado de Derecho mediante cambios en el poder judicial a trav\u00e9s de los procedimientos democr\u00e1ticos establecidos en la Constituci\u00f3n Pol\u00edtica de los Estados Unidos Mexicanos. Asimismo, el mensaje enfatiza que la iniciativa busca dotar al PJF de mayor independencia, autonom\u00eda y legitimidad, mejorando as\u00ed el acceso a la justicia para todos los ciudadanos.<\/p>\n\n\n\n<p>En relaci\u00f3n al comentario de Ken Salazar, el gobierno mexicano subray\u00f3 que tales opiniones sobre cuestiones internas representan una acci\u00f3n inadmisible de <strong>injerencia,<\/strong> contraviniendo la soberan\u00eda nacional de M\u00e9xico y desvirtuando el respeto mutuo que debe caracterizar las relaciones bilaterales entre ambos gobiernos.<\/p>\n\n\n\n<p>La misiva, que concluye con un llamado a mantener la m\u00e1s atenta consideraci\u00f3n entre ambas naciones, reitera la postura mexicana de que cualquier observaci\u00f3n o sugerencia externa debe mantener una estricta separaci\u00f3n respecto a los asuntos internos de cada pa\u00eds.<\/p>\n\n\n\n<p>El gobierno de M\u00e9xico expres\u00f3 su confianza en que situaciones similares no se repitan, pero reafirm\u00f3 una posici\u00f3n firme ante cualquier intento de intervenci\u00f3n en su soberan\u00eda.<\/p>\n\n\n\n<p>Fuente: <a href=\"https:\/\/www.infobae.com\/mexico\/2024\/08\/23\/embajador-ken-salazar-responde-a-reclamo-de-amlo-por-critica-a-la-reforma-judicial-tengo-disposicion-a-dialogar\/\" target=\"_blank\" rel=\"noreferrer noopener\">Infobae<\/a><\/p>\n","protected":false},"excerpt":{"rendered":"<p>El diplom\u00e1tico asegur\u00f3 que su postura sobre la iniciativa tiene esp\u00edritu de colaboraci\u00f3n <\/p>\n","protected":false},"author":1,"featured_media":83356,"comment_status":"open","ping_status":"open","sticky":false,"template":"","format":"standard","meta":{"site-sidebar-layout":"default","site-content-layout":"","ast-site-content-layout":"default","site-content-style":"default","site-sidebar-style":"default","ast-global-header-display":"","ast-banner-title-visibility":"","ast-main-header-display":"","ast-hfb-above-header-display":"","ast-hfb-below-header-display":"","ast-hfb-mobile-header-display":"","site-post-title":"","ast-breadcrumbs-content":"","ast-featured-img":"","footer-sml-layout":"","theme-transparent-header-meta":"","adv-header-id-meta":"","stick-header-meta":"","header-above-stick-meta":"","header-main-stick-meta":"","header-below-stick-meta":"","astra-migrate-meta-layouts":"default","ast-page-background-enabled":"default","ast-page-background-meta":{"desktop":{"background-color":"var(--ast-global-color-4)","background-image":"","background-repeat":"repeat","background-position":"center center","background-size":"auto","background-attachment":"scroll","background-type":"","background-media":"","overlay-type":"","overlay-color":"","overlay-opacity":"","overlay-gradient":""},"tablet":{"background-color":"","background-image":"","background-repeat":"repeat","background-position":"center center","background-size":"auto","background-attachment":"scroll","background-type":"","background-media":"","overlay-type":"","overlay-color":"","overlay-opacity":"","overlay-gradient":""},"mobile":{"background-color":"","background-image":"","background-repeat":"repeat","background-position":"center center","background-size":"auto","background-attachment":"scroll","background-type":"","background-media":"","overlay-type":"","overlay-color":"","overlay-opacity":"","overlay-gradient":""}},"ast-content-background-meta":{"desktop":{"background-color":"var(--ast-global-color-5)","background-image":"","background-repeat":"repeat","background-position":"center center","background-size":"auto","background-attachment":"scroll","background-type":"","background-media":"","overlay-type":"","overlay-color":"","overlay-opacity":"","overlay-gradient":""},"tablet":{"background-color":"var(--ast-global-color-5)","background-image":"","background-repeat":"repeat","background-position":"center center","background-size":"auto","background-attachment":"scroll","background-type":"","background-media":"","overlay-type":"","overlay-color":"","overlay-opacity":"","overlay-gradient":""},"mobile":{"background-color":"var(--ast-global-color-5)","background-image":"","background-repeat":"repeat","background-position":"center center","background-size":"auto","background-attachment":"scroll","background-type":"","background-media":"","overlay-type":"","overlay-color":"","overlay-opacity":"","overlay-gradient":""}},"footnotes":""},"categories":[8],"tags":[199,26124,25065,2901],"class_list":["post-83355","post","type-post","status-publish","format-standard","has-post-thumbnail","hentry","category-noticias","tag-amlo","tag-dialogo","tag-eua","tag-ken-salazar"],"_links":{"self":[{"href":"https:\/\/losperiodistas.com.mx\/portal\/wp-json\/wp\/v2\/posts\/83355","targetHints":{"allow":["GET"]}}],"collection":[{"href":"https:\/\/losperiodistas.com.mx\/portal\/wp-json\/wp\/v2\/posts"}],"about":[{"href":"https:\/\/losperiodistas.com.mx\/portal\/wp-json\/wp\/v2\/types\/post"}],"author":[{"embeddable":true,"href":"https:\/\/losperiodistas.com.mx\/portal\/wp-json\/wp\/v2\/users\/1"}],"replies":[{"embeddable":true,"href":"https:\/\/losperiodistas.com.mx\/portal\/wp-json\/wp\/v2\/comments?post=83355"}],"version-history":[{"count":1,"href":"https:\/\/losperiodistas.com.mx\/portal\/wp-json\/wp\/v2\/posts\/83355\/revisions"}],"predecessor-version":[{"id":83358,"href":"https:\/\/losperiodistas.com.mx\/portal\/wp-json\/wp\/v2\/posts\/83355\/revisions\/83358"}],"wp:featuredmedia":[{"embeddable":true,"href":"https:\/\/losperiodistas.com.mx\/portal\/wp-json\/wp\/v2\/media\/83356"}],"wp:attachment":[{"href":"https:\/\/losperiodistas.com.mx\/portal\/wp-json\/wp\/v2\/media?parent=83355"}],"wp:term":[{"taxonomy":"category","embeddable":true,"href":"https:\/\/losperiodistas.com.mx\/portal\/wp-json\/wp\/v2\/categories?post=83355"},{"taxonomy":"post_tag","embeddable":true,"href":"https:\/\/losperiodistas.com.mx\/portal\/wp-json\/wp\/v2\/tags?post=83355"}],"curies":[{"name":"wp","href":"https:\/\/api.w.org\/{rel}","templated":true}]}}