{"id":83332,"date":"2024-08-24T08:13:12","date_gmt":"2024-08-24T13:13:12","guid":{"rendered":"https:\/\/losperiodistas.com.mx\/portal\/?p=83332"},"modified":"2024-08-24T08:13:12","modified_gmt":"2024-08-24T13:13:12","slug":"consejo-de-la-judicatura-confirma-paro-de-labores-por-reforma-al-poder-judicial-la-lista","status":"publish","type":"post","link":"https:\/\/losperiodistas.com.mx\/portal\/consejo-de-la-judicatura-confirma-paro-de-labores-por-reforma-al-poder-judicial-la-lista\/","title":{"rendered":"Consejo de la Judicatura confirma paro de labores por reforma al Poder Judicial | La-Lista"},"content":{"rendered":"\n<p class=\"has-medium-font-size\">Trabajadores no descartan cerrar vialidades parcialmente y acudir a las conferencias del presidente Andr\u00e9s Manuel L\u00f3pez Obrador.<\/p>\n\n\n\n<figure class=\"wp-block-image size-large\"><img fetchpriority=\"high\" decoding=\"async\" width=\"1024\" height=\"576\" src=\"https:\/\/losperiodistas.com.mx\/portal\/wp-content\/uploads\/2024\/08\/consejo-de-la-judicatura-1024x576.jpeg\" alt=\"\" class=\"wp-image-83372\" srcset=\"https:\/\/losperiodistas.com.mx\/portal\/wp-content\/uploads\/2024\/08\/consejo-de-la-judicatura-1024x576.jpeg 1024w, https:\/\/losperiodistas.com.mx\/portal\/wp-content\/uploads\/2024\/08\/consejo-de-la-judicatura-300x169.jpeg 300w, https:\/\/losperiodistas.com.mx\/portal\/wp-content\/uploads\/2024\/08\/consejo-de-la-judicatura-768x432.jpeg 768w, https:\/\/losperiodistas.com.mx\/portal\/wp-content\/uploads\/2024\/08\/consejo-de-la-judicatura.jpeg 1280w\" sizes=\"(max-width: 1024px) 100vw, 1024px\" \/><figcaption>Jueces y trabajadores del Poder Judicial, se mantienen en paro este jueves en contra de la reforma judicial en la Ciudad de M\u00e9xico (M\u00e9xico). EFE\/ Isaac Esquivel<\/figcaption><\/figure>\n\n\n\n<p class=\"has-vivid-red-color has-text-color has-medium-font-size\"><strong>REDACCI\u00d3N LA-LISTA<\/strong><\/p>\n\n\n\n<p>El&nbsp;<strong>Consejo de la Judicatura Federal&nbsp;<\/strong>ratific\u00f3 el paro de labores que mantienen desde el 19 de agosto trabajadores del&nbsp;<strong>Poder Judicial<\/strong>&nbsp;y al que se sumaron jueces y magistrados los primeros minutos del 21 de agosto.<\/p>\n\n\n\n<p>El presidente&nbsp;<strong>Andr\u00e9s Manuel L\u00f3pez Obrador (AMLO)<\/strong>&nbsp;envi\u00f3 un paquete de reformas como parte del<strong>&nbsp;\u201cPlan C\u201d<\/strong>&nbsp;el 5 de febrero, entre ellas la del PJ, que plantea la elecci\u00f3n de jueces y magistrados por voto popular, lo que deja del lado los ex\u00e1menes profesionales.<\/p>\n\n\n\n<p><strong><a target=\"_blank\" href=\"https:\/\/la-lista.com\/entretenimiento\/accidente-reparto-quien-es-quien-en-la-serie-de-netflix\" rel=\"noreferrer noopener\"><em>Accidente<\/em>reparto: qui\u00e9n es qui\u00e9n en la serie de Netflix<\/a><\/strong><a target=\"_blank\" href=\"https:\/\/la-lista.com\/entretenimiento\/accidente-reparto-quien-es-quien-en-la-serie-de-netflix\" rel=\"noreferrer noopener\">Leer mas<\/a><\/p>\n\n\n\n<p>En sesi\u00f3n extraordinaria, el \u00f3rgano que administra el PJ aprob\u00f3 la huelga con cuatro votos a favor de la ministra presidenta del Consejo de la Judicatura Federal, Norma Pi\u00f1a; y los consejeros Sergio Javier Molina Mart\u00ednez, Lilia M\u00f3nica L\u00f3pez Ben\u00edtez y Jos\u00e9 Alfonso Montalvo Mart\u00ednez.<\/p>\n\n\n\n<p>Quienes rechazaron la propuesta por presuntas violaciones al art\u00edculo 17 de la Constituci\u00f3n porque las personas inconformes mantienen su salario en el paro de labores fueron Eva Ver\u00f3nica de Gyv\u00e9s Z\u00e1rate, Celia Maya Garc\u00eda y Bernardo B\u00e1tiz V\u00e1zquez.<\/p>\n\n\n\n<p>La presidenta electa&nbsp;<strong>Claudia Sheinbaum<\/strong>&nbsp;ha propuesto suspender el salario de trabajadores, jueces y magistrados mientras est\u00e9n en huelga, sin embargo, desde San L\u00e1zaro, el secretario de tribunal, Alejandro Lozano, defendi\u00f3 su derecho constitucional a la manifestaci\u00f3n y aclar\u00f3 que su \u201cpatr\u00f3n\u201d es el<strong>&nbsp;Consejo de la Judicatura Federal<\/strong>, no la Secretar\u00eda de Hacienda del Gobierno.<\/p>\n\n\n\n<p>\u201cTodos los \u00f3rganos jurisdiccionales tienen la facultad constitucional para declararse inh\u00e1biles, y es lo que estamos haciendo\u201d, puntualiz\u00f3 Lozano.<\/p>\n\n\n\n<p><strong><a target=\"_blank\" href=\"https:\/\/la-lista.com\/deportes\/de-donde-es-prisca-awiti-medallista-mexicana-en-los-juegos-olimpicos-paris-2024-judo-femenil\" rel=\"noreferrer noopener\">\u00bfDe d\u00f3nde es Prisca Awiti y por qu\u00e9 compite por M\u00e9xico?<\/a><\/strong><a target=\"_blank\" href=\"https:\/\/la-lista.com\/deportes\/de-donde-es-prisca-awiti-medallista-mexicana-en-los-juegos-olimpicos-paris-2024-judo-femenil\" rel=\"noreferrer noopener\">Leer mas<\/a><\/p>\n\n\n\n<p>Jos\u00e9 Julio S\u00e1nchez, secretario de juzgado de distrito en materia laboral, coment\u00f3 a&nbsp;<em>EFE<\/em>&nbsp;que no descartan cerrar vialidades para hacerse escuchar, en caso de no \u201cpoder entablar un di\u00e1logo real con la coordinaci\u00f3n pol\u00edtica\u201d.<\/p>\n\n\n\n<p>\u201cYa llegan conglomerados a nivel nacional, y vamos tal vez a optar por&nbsp;<strong>cierres parciales<\/strong>, y lo comento, estamos ejerciendo un derecho y que la ciudadan\u00eda entienda y nos disculpe (\u2026) porque vamos a tener que hacer una presencia real en tal vez salir y manifestarnos en las vialidades\u201d, mencion\u00f3.<\/p>\n\n\n\n<p>Agreg\u00f3 que tambi\u00e9n eval\u00faa acudir \u201cun conglomerado enorme\u201d al Palacio Nacional a alguna de las conferencias matutinas del presidente Andr\u00e9s Manuel L\u00f3pez Obrador, o a la casa de transici\u00f3n de Sheinbaum.<\/p>\n\n\n\n<p>Patricia Aguayo, secretaria de tribunal, se\u00f1al\u00f3 que la Asociaci\u00f3n Nacional de Magistrados de Circuito y Jueces de Distrito del Poder Judicial de la Federaci\u00f3n (Jufed) gestiona ante la ONU y la Corte Interamericana de Derechos Humanos para que \u201cse mantenga la independencia judicial en M\u00e9xico\u201d.<\/p>\n\n\n\n<p>\u201cSe est\u00e1n elevando a ese rango internacional estas peticiones para que de alguna manera emitan una resoluci\u00f3n en el sentido de que M\u00e9xico debe respetar tambi\u00e9n sus convenios internacionales\u201d, coment\u00f3 ante medios.<\/p>\n\n\n\n<p>Asimismo, Aguayo aclar\u00f3 que la marcha nacional convocada este domingo contra la reforma es por parte de la organizaci\u00f3n civil Marea Rosa y no de la judicatura.<\/p>\n\n\n\n<p><em>-Con informaci\u00f3n de EFE.<\/em><\/p>\n\n\n\n<p>Fuente: <a href=\"https:\/\/la-lista.com\/poder\/consejo-de-la-judicatura-confirma-paro-de-labores-por-reforma-al-poder-judicial\">https:\/\/la-lista.com\/poder\/consejo-de-la-judicatura-confirma-paro-de-labores-por-reforma-al-poder-judicial<\/a><\/p>\n","protected":false},"excerpt":{"rendered":"<p>Trabajadores no descartan cerrar vialidades parcialmente y acudir a las conferencias del presidente Andr\u00e9s Manuel L\u00f3pez Obrador. REDACCI\u00d3N LA-LISTA El&nbsp;Consejo [&hellip;]<\/p>\n","protected":false},"author":1,"featured_media":83372,"comment_status":"open","ping_status":"open","sticky":false,"template":"","format":"standard","meta":{"site-sidebar-layout":"default","site-content-layout":"","ast-site-content-layout":"default","site-content-style":"default","site-sidebar-style":"default","ast-global-header-display":"","ast-banner-title-visibility":"","ast-main-header-display":"","ast-hfb-above-header-display":"","ast-hfb-below-header-display":"","ast-hfb-mobile-header-display":"","site-post-title":"","ast-breadcrumbs-content":"","ast-featured-img":"","footer-sml-layout":"","theme-transparent-header-meta":"","adv-header-id-meta":"","stick-header-meta":"","header-above-stick-meta":"","header-main-stick-meta":"","header-below-stick-meta":"","astra-migrate-meta-layouts":"default","ast-page-background-enabled":"default","ast-page-background-meta":{"desktop":{"background-color":"var(--ast-global-color-4)","background-image":"","background-repeat":"repeat","background-position":"center center","background-size":"auto","background-attachment":"scroll","background-type":"","background-media":"","overlay-type":"","overlay-color":"","overlay-opacity":"","overlay-gradient":""},"tablet":{"background-color":"","background-image":"","background-repeat":"repeat","background-position":"center center","background-size":"auto","background-attachment":"scroll","background-type":"","background-media":"","overlay-type":"","overlay-color":"","overlay-opacity":"","overlay-gradient":""},"mobile":{"background-color":"","background-image":"","background-repeat":"repeat","background-position":"center center","background-size":"auto","background-attachment":"scroll","background-type":"","background-media":"","overlay-type":"","overlay-color":"","overlay-opacity":"","overlay-gradient":""}},"ast-content-background-meta":{"desktop":{"background-color":"var(--ast-global-color-5)","background-image":"","background-repeat":"repeat","background-position":"center center","background-size":"auto","background-attachment":"scroll","background-type":"","background-media":"","overlay-type":"","overlay-color":"","overlay-opacity":"","overlay-gradient":""},"tablet":{"background-color":"var(--ast-global-color-5)","background-image":"","background-repeat":"repeat","background-position":"center center","background-size":"auto","background-attachment":"scroll","background-type":"","background-media":"","overlay-type":"","overlay-color":"","overlay-opacity":"","overlay-gradient":""},"mobile":{"background-color":"var(--ast-global-color-5)","background-image":"","background-repeat":"repeat","background-position":"center center","background-size":"auto","background-attachment":"scroll","background-type":"","background-media":"","overlay-type":"","overlay-color":"","overlay-opacity":"","overlay-gradient":""}},"footnotes":""},"categories":[8],"tags":[29213,29214,12124],"class_list":["post-83332","post","type-post","status-publish","format-standard","has-post-thumbnail","hentry","category-noticias","tag-consejo-judicatura","tag-paro-de-labores-jueces","tag-poder-judicial"],"_links":{"self":[{"href":"https:\/\/losperiodistas.com.mx\/portal\/wp-json\/wp\/v2\/posts\/83332","targetHints":{"allow":["GET"]}}],"collection":[{"href":"https:\/\/losperiodistas.com.mx\/portal\/wp-json\/wp\/v2\/posts"}],"about":[{"href":"https:\/\/losperiodistas.com.mx\/portal\/wp-json\/wp\/v2\/types\/post"}],"author":[{"embeddable":true,"href":"https:\/\/losperiodistas.com.mx\/portal\/wp-json\/wp\/v2\/users\/1"}],"replies":[{"embeddable":true,"href":"https:\/\/losperiodistas.com.mx\/portal\/wp-json\/wp\/v2\/comments?post=83332"}],"version-history":[{"count":1,"href":"https:\/\/losperiodistas.com.mx\/portal\/wp-json\/wp\/v2\/posts\/83332\/revisions"}],"predecessor-version":[{"id":83373,"href":"https:\/\/losperiodistas.com.mx\/portal\/wp-json\/wp\/v2\/posts\/83332\/revisions\/83373"}],"wp:featuredmedia":[{"embeddable":true,"href":"https:\/\/losperiodistas.com.mx\/portal\/wp-json\/wp\/v2\/media\/83372"}],"wp:attachment":[{"href":"https:\/\/losperiodistas.com.mx\/portal\/wp-json\/wp\/v2\/media?parent=83332"}],"wp:term":[{"taxonomy":"category","embeddable":true,"href":"https:\/\/losperiodistas.com.mx\/portal\/wp-json\/wp\/v2\/categories?post=83332"},{"taxonomy":"post_tag","embeddable":true,"href":"https:\/\/losperiodistas.com.mx\/portal\/wp-json\/wp\/v2\/tags?post=83332"}],"curies":[{"name":"wp","href":"https:\/\/api.w.org\/{rel}","templated":true}]}}