{"id":83076,"date":"2024-08-20T22:18:43","date_gmt":"2024-08-21T03:18:43","guid":{"rendered":"http:\/\/losperiodistas.com.mx\/portal\/?p=83076"},"modified":"2024-08-20T22:18:45","modified_gmt":"2024-08-21T03:18:45","slug":"gobierno-estatal-fortalece-estrategias-para-localizacion-de-personas-desaparecidas","status":"publish","type":"post","link":"https:\/\/losperiodistas.com.mx\/portal\/gobierno-estatal-fortalece-estrategias-para-localizacion-de-personas-desaparecidas\/","title":{"rendered":"Gobierno estatal fortalece estrategias para localizaci\u00f3n de personas desaparecidas"},"content":{"rendered":"\n<p><em>Mediante el di\u00e1logo abierto, la administraci\u00f3n busca ayudar a familiares de las v\u00edctimas, adem\u00e1s de promover medidas necesarias para garantizar la reparaci\u00f3n y no repetici\u00f3n de estos hechos<\/em><\/p>\n\n\n\n<figure class=\"wp-block-image size-large\"><img fetchpriority=\"high\" decoding=\"async\" width=\"1024\" height=\"683\" src=\"https:\/\/losperiodistas.com.mx\/portal\/wp-content\/uploads\/2024\/08\/2_Con_foro_gobierno_estatal_fortalece_estrategias_para_localiza-1-1024x683.jpeg\" alt=\"Foro localizaci\u00f3n de personas desaparecidas\" class=\"wp-image-83078\" srcset=\"https:\/\/losperiodistas.com.mx\/portal\/wp-content\/uploads\/2024\/08\/2_Con_foro_gobierno_estatal_fortalece_estrategias_para_localiza-1-1024x683.jpeg 1024w, https:\/\/losperiodistas.com.mx\/portal\/wp-content\/uploads\/2024\/08\/2_Con_foro_gobierno_estatal_fortalece_estrategias_para_localiza-1-300x200.jpeg 300w, https:\/\/losperiodistas.com.mx\/portal\/wp-content\/uploads\/2024\/08\/2_Con_foro_gobierno_estatal_fortalece_estrategias_para_localiza-1-768x512.jpeg 768w, https:\/\/losperiodistas.com.mx\/portal\/wp-content\/uploads\/2024\/08\/2_Con_foro_gobierno_estatal_fortalece_estrategias_para_localiza-1.jpeg 1280w\" sizes=\"(max-width: 1024px) 100vw, 1024px\" \/><figcaption>Con foro, gobierno estatal fortalece estrategias para localizaci\u00f3n de personas desaparecidas<\/figcaption><\/figure>\n\n\n\n<p class=\"has-vivid-red-color has-text-color\">Redacci\u00f3n<\/p>\n\n\n\n<p>Con el objetivo de fortalecer las estrategias de localizaci\u00f3n de personas en la entidad, el gobierno presente de Sergio Salom\u00f3n, a trav\u00e9s de la Comisi\u00f3n de B\u00fasqueda de Personas del Estado de Puebla, realiz\u00f3 un conversatorio en el marco del <em><strong>\u201cD\u00eda Internacional de las Personas Desaparecidas\u201d<\/strong><\/em>, fecha que fue declarada por la Asamblea General de Naciones Unidas el 21 de diciembre de 2010, y que se conmemora cada 30 de agosto.<\/p>\n\n\n\n<p>En su intervenci\u00f3n, el titular de la Comisi\u00f3n, Luis Javier Cervantes G\u00f3mez subray\u00f3 que este encuentro es una <strong>oportunidad para recordar a las v\u00edctimas y ayudar a sus familiares<\/strong>, adem\u00e1s de promover medidas necesarias para garantizar la reparaci\u00f3n y no repetici\u00f3n de estos hechos mediante un <em>foro de di\u00e1logo abierto entre colectivos, v\u00edctimas, estudiantes y autoridades expertas en la materia<\/em>.<\/p>\n\n\n\n<p>Cervantes G\u00f3mez agreg\u00f3 que, a trav\u00e9s de estas acciones, el organismo descentralizado de la Secretar\u00eda de Gobernaci\u00f3n (SEGOB) impulsa la visibilizaci\u00f3n y atenci\u00f3n prioritaria de este fen\u00f3meno del cual se debe de tener conciencia social, bajo diferentes perspectivas con una visi\u00f3n t\u00e9cnica, acad\u00e9mica y humana.<\/p>\n\n\n\n<p>En el foro se abordaron temas como: Expectativas, Fortalecimiento y Tecnificaci\u00f3n de las estrategias de b\u00fasqueda; Experiencias en la interacci\u00f3n con las instituciones; Contexto actual del fen\u00f3meno, la respuesta institucional y la interacci\u00f3n social; Experiencias de vida, El impacto de la desaparici\u00f3n en las familias.<\/p>\n\n\n\n<figure class=\"wp-block-image size-large\"><img decoding=\"async\" width=\"1024\" height=\"683\" src=\"https:\/\/losperiodistas.com.mx\/portal\/wp-content\/uploads\/2024\/08\/3_Con_foro_gobierno_estatal_fortalece_estrategias_para_localiza-1024x683.jpeg\" alt=\"\" class=\"wp-image-83079\" srcset=\"https:\/\/losperiodistas.com.mx\/portal\/wp-content\/uploads\/2024\/08\/3_Con_foro_gobierno_estatal_fortalece_estrategias_para_localiza-1024x683.jpeg 1024w, https:\/\/losperiodistas.com.mx\/portal\/wp-content\/uploads\/2024\/08\/3_Con_foro_gobierno_estatal_fortalece_estrategias_para_localiza-300x200.jpeg 300w, https:\/\/losperiodistas.com.mx\/portal\/wp-content\/uploads\/2024\/08\/3_Con_foro_gobierno_estatal_fortalece_estrategias_para_localiza-768x512.jpeg 768w, https:\/\/losperiodistas.com.mx\/portal\/wp-content\/uploads\/2024\/08\/3_Con_foro_gobierno_estatal_fortalece_estrategias_para_localiza.jpeg 1280w\" sizes=\"(max-width: 1024px) 100vw, 1024px\" \/><\/figure>\n\n\n\n<p>Dicho conversatorio cont\u00f3 con la asistencia de los colectivos <em>\u201cBuscadores de Paz\u201d<\/em>, <em>\u201cPaulina Camargo\u201d<\/em>, <em>\u201cRed en Busca de Personas Desaparecidas\u201d<\/em> y <em>\u201cVoz con Dignidad y Justicia\u201d<\/em>, as\u00ed como del titular de la Fiscal\u00eda Especializada en Investigaci\u00f3n de los Delitos de Desaparici\u00f3n Forzada de Personas y Desaparici\u00f3n Cometida por Particulares, Alejandro Garc\u00eda Badiola.<\/p>\n\n\n\n<p>Tambi\u00e9n la tercera visitadora de la Comisi\u00f3n Estatal de Derechos Humanos, Jessica Calder\u00f3n Garc\u00eda; la asesora de G\u00e9nero de la SEGOB, Marisol Calva Garc\u00eda; el titular de la Comisi\u00f3n Ejecutiva Estatal de Atenci\u00f3n a V\u00edctimas, Germ\u00e1n Caporal Flores; la secretaria acad\u00e9mica de la Facultad de Derecho (BUAP), Martha Patricia Rodr\u00edguez Vilchis; el coordinador del Consejo Ciudadano de B\u00fasqueda, Gilberto Barr\u00f3n Cabrera, y la directora de Prevenci\u00f3n y Atenci\u00f3n de la Violencia de G\u00e9nero del municipio de Puebla, Katy Macareno Zelaya.<\/p>\n","protected":false},"excerpt":{"rendered":"<p>Mediante el di\u00e1logo abierto, la administraci\u00f3n busca ayudar a familiares de las v\u00edctimas, adem\u00e1s de promover medidas necesarias para garantizar la reparaci\u00f3n y no repetici\u00f3n de estos hechos<\/p>\n","protected":false},"author":1,"featured_media":83078,"comment_status":"open","ping_status":"open","sticky":false,"template":"","format":"standard","meta":{"site-sidebar-layout":"default","site-content-layout":"","ast-site-content-layout":"default","site-content-style":"default","site-sidebar-style":"default","ast-global-header-display":"","ast-banner-title-visibility":"","ast-main-header-display":"","ast-hfb-above-header-display":"","ast-hfb-below-header-display":"","ast-hfb-mobile-header-display":"","site-post-title":"","ast-breadcrumbs-content":"","ast-featured-img":"","footer-sml-layout":"","theme-transparent-header-meta":"","adv-header-id-meta":"","stick-header-meta":"","header-above-stick-meta":"","header-main-stick-meta":"","header-below-stick-meta":"","astra-migrate-meta-layouts":"default","ast-page-background-enabled":"default","ast-page-background-meta":{"desktop":{"background-color":"var(--ast-global-color-4)","background-image":"","background-repeat":"repeat","background-position":"center center","background-size":"auto","background-attachment":"scroll","background-type":"","background-media":"","overlay-type":"","overlay-color":"","overlay-opacity":"","overlay-gradient":""},"tablet":{"background-color":"","background-image":"","background-repeat":"repeat","background-position":"center center","background-size":"auto","background-attachment":"scroll","background-type":"","background-media":"","overlay-type":"","overlay-color":"","overlay-opacity":"","overlay-gradient":""},"mobile":{"background-color":"","background-image":"","background-repeat":"repeat","background-position":"center center","background-size":"auto","background-attachment":"scroll","background-type":"","background-media":"","overlay-type":"","overlay-color":"","overlay-opacity":"","overlay-gradient":""}},"ast-content-background-meta":{"desktop":{"background-color":"var(--ast-global-color-5)","background-image":"","background-repeat":"repeat","background-position":"center center","background-size":"auto","background-attachment":"scroll","background-type":"","background-media":"","overlay-type":"","overlay-color":"","overlay-opacity":"","overlay-gradient":""},"tablet":{"background-color":"var(--ast-global-color-5)","background-image":"","background-repeat":"repeat","background-position":"center center","background-size":"auto","background-attachment":"scroll","background-type":"","background-media":"","overlay-type":"","overlay-color":"","overlay-opacity":"","overlay-gradient":""},"mobile":{"background-color":"var(--ast-global-color-5)","background-image":"","background-repeat":"repeat","background-position":"center center","background-size":"auto","background-attachment":"scroll","background-type":"","background-media":"","overlay-type":"","overlay-color":"","overlay-opacity":"","overlay-gradient":""}},"footnotes":""},"categories":[8],"tags":[],"class_list":["post-83076","post","type-post","status-publish","format-standard","has-post-thumbnail","hentry","category-noticias"],"_links":{"self":[{"href":"https:\/\/losperiodistas.com.mx\/portal\/wp-json\/wp\/v2\/posts\/83076","targetHints":{"allow":["GET"]}}],"collection":[{"href":"https:\/\/losperiodistas.com.mx\/portal\/wp-json\/wp\/v2\/posts"}],"about":[{"href":"https:\/\/losperiodistas.com.mx\/portal\/wp-json\/wp\/v2\/types\/post"}],"author":[{"embeddable":true,"href":"https:\/\/losperiodistas.com.mx\/portal\/wp-json\/wp\/v2\/users\/1"}],"replies":[{"embeddable":true,"href":"https:\/\/losperiodistas.com.mx\/portal\/wp-json\/wp\/v2\/comments?post=83076"}],"version-history":[{"count":1,"href":"https:\/\/losperiodistas.com.mx\/portal\/wp-json\/wp\/v2\/posts\/83076\/revisions"}],"predecessor-version":[{"id":83080,"href":"https:\/\/losperiodistas.com.mx\/portal\/wp-json\/wp\/v2\/posts\/83076\/revisions\/83080"}],"wp:featuredmedia":[{"embeddable":true,"href":"https:\/\/losperiodistas.com.mx\/portal\/wp-json\/wp\/v2\/media\/83078"}],"wp:attachment":[{"href":"https:\/\/losperiodistas.com.mx\/portal\/wp-json\/wp\/v2\/media?parent=83076"}],"wp:term":[{"taxonomy":"category","embeddable":true,"href":"https:\/\/losperiodistas.com.mx\/portal\/wp-json\/wp\/v2\/categories?post=83076"},{"taxonomy":"post_tag","embeddable":true,"href":"https:\/\/losperiodistas.com.mx\/portal\/wp-json\/wp\/v2\/tags?post=83076"}],"curies":[{"name":"wp","href":"https:\/\/api.w.org\/{rel}","templated":true}]}}