{"id":83071,"date":"2024-08-20T18:12:42","date_gmt":"2024-08-20T23:12:42","guid":{"rendered":"http:\/\/losperiodistas.com.mx\/portal\/?p=83071"},"modified":"2024-08-20T18:12:44","modified_gmt":"2024-08-20T23:12:44","slug":"quien-es-tatiana-clouthier-futura-titular-del-ime-en-el-gobierno-de-sheinbaum","status":"publish","type":"post","link":"https:\/\/losperiodistas.com.mx\/portal\/quien-es-tatiana-clouthier-futura-titular-del-ime-en-el-gobierno-de-sheinbaum\/","title":{"rendered":"\u00bfQui\u00e9n es Tatiana Clouthier, futura titular del IME en el gobierno de Sheinbaum | Infobae"},"content":{"rendered":"\n<p>Estuvo involucrada en los Comit\u00e9s de Defensa de la Cuarta Transformaci\u00f3n<\/p>\n\n\n\n<figure class=\"wp-block-image size-large\"><img fetchpriority=\"high\" decoding=\"async\" width=\"1024\" height=\"575\" src=\"https:\/\/losperiodistas.com.mx\/portal\/wp-content\/uploads\/2024\/08\/Captura-de-pantalla-2024-08-20-165900-1024x575.png\" alt=\"Tatiana Clouthier\" class=\"wp-image-83072\" srcset=\"https:\/\/losperiodistas.com.mx\/portal\/wp-content\/uploads\/2024\/08\/Captura-de-pantalla-2024-08-20-165900-1024x575.png 1024w, https:\/\/losperiodistas.com.mx\/portal\/wp-content\/uploads\/2024\/08\/Captura-de-pantalla-2024-08-20-165900-300x168.png 300w, https:\/\/losperiodistas.com.mx\/portal\/wp-content\/uploads\/2024\/08\/Captura-de-pantalla-2024-08-20-165900-768x431.png 768w, https:\/\/losperiodistas.com.mx\/portal\/wp-content\/uploads\/2024\/08\/Captura-de-pantalla-2024-08-20-165900.png 1197w\" sizes=\"(max-width: 1024px) 100vw, 1024px\" \/><figcaption>Tatiana Clouthier, futura titular del Instituto de Mexicanos en el Exterior en el gobierno de Sheinbaum (Jovani P\u00e9rez)<\/figcaption><\/figure>\n\n\n\n<p class=\"has-vivid-red-color has-text-color\">Octavio Vargas \/ Infobae<\/p>\n\n\n\n<p>Claudia Sheinbaum Pardo, presidenta electa, revel\u00f3 que<strong> Tatiana Clouthier ser\u00e1 la titular del Instituto de Mexicanos en el Exterior<\/strong>, que durante el gobierno de Andr\u00e9s Manuel L\u00f3pez Obrador fingi\u00f3 como titular de la Secretar\u00eda de Econom\u00eda.<\/p>\n\n\n\n<p>Despu\u00e9s de que anunci\u00f3 su renuncia a la dependencia, el 6 de octubre de 2022, Tatiana Clouthier estuvo alejada de la vida pol\u00edtica. Fue hasta un a\u00f1o despu\u00e9s, tras una reuni\u00f3n con <strong>Claudia Sheinbaum<\/strong>, cuando <strong>fue nombrada coordinadora de los Comit\u00e9s de Defensa de la Cuarta Transformaci\u00f3n<\/strong>.<\/p>\n\n\n\n<p>Algunos de los miembros que estuvieron involucrados en el desarrollo de un proyecto de gobierno para Claudia Sheinbaum ahora tendr\u00e1n un cargo p\u00fablico. Otros ya hab\u00edan colaborado con la presidenta electa durante su administraci\u00f3n como jefa de Gobierno de la CDMX y otros estuvieron involucrados en el gobierno de L\u00f3pez Obrador.<\/p>\n\n\n\n<figure class=\"wp-block-image size-full\"><img decoding=\"async\" width=\"821\" height=\"791\" src=\"https:\/\/losperiodistas.com.mx\/portal\/wp-content\/uploads\/2024\/08\/Captura-de-pantalla-2024-08-20-170801.png\" alt=\"\" class=\"wp-image-83073\" srcset=\"https:\/\/losperiodistas.com.mx\/portal\/wp-content\/uploads\/2024\/08\/Captura-de-pantalla-2024-08-20-170801.png 821w, https:\/\/losperiodistas.com.mx\/portal\/wp-content\/uploads\/2024\/08\/Captura-de-pantalla-2024-08-20-170801-300x289.png 300w, https:\/\/losperiodistas.com.mx\/portal\/wp-content\/uploads\/2024\/08\/Captura-de-pantalla-2024-08-20-170801-768x740.png 768w\" sizes=\"(max-width: 821px) 100vw, 821px\" \/><figcaption>La exjefa de Gobierno se reuni\u00f3 con la extitular de la Secretar\u00eda de Econom\u00eda (Twitter\/@Claudiashein)<\/figcaption><\/figure>\n\n\n\n<h2 class=\"wp-block-heading\">\u00bfCu\u00e1l es el grado de estudios de Tatiana Clouthier?<\/h2>\n\n\n\n<p><strong>La morenista<\/strong> que en las pr\u00f3ximas semanas formar\u00e1 parte del gobierno de Claudia Sheinbaum <strong>es licenciada en Lengua Inglesa por el Instituto Tecnol\u00f3gico de Estudios Superiores de Monterrey<\/strong> (ITESM). Adem\u00e1s de tener una maestr\u00eda en Administraci\u00f3n P\u00fablica por la Universidad Aut\u00f3noma de Nuevo Le\u00f3n.<\/p>\n\n\n\n<p>En este sentido, de acuerdo con el Sistema de Informaci\u00f3n Legislativa (SIL), Clouthier tiene un certificado en Cultura de la Legalidad por el National Strategy Information Center y otro en<strong> Gobernanza y Perspectivas Pol\u00edticas mexicanas por la Universidad de Harvard<\/strong>.<\/p>\n\n\n\n<p>En su trayectoria profesional se destaca que fue \u201cdocente en diversas instituciones de educaci\u00f3n media y superior\u201d sin especificar alguna de ellas. A la par, fue directora de educaci\u00f3n media superior en la Universidad Metropolitana de Monterrey.<\/p>\n\n\n\n<figure class=\"wp-block-image size-large\"><img decoding=\"async\" width=\"1024\" height=\"626\" src=\"https:\/\/losperiodistas.com.mx\/portal\/wp-content\/uploads\/2024\/08\/Captura-de-pantalla-2024-08-20-170945-1024x626.png\" alt=\"\" class=\"wp-image-83074\" srcset=\"https:\/\/losperiodistas.com.mx\/portal\/wp-content\/uploads\/2024\/08\/Captura-de-pantalla-2024-08-20-170945-1024x626.png 1024w, https:\/\/losperiodistas.com.mx\/portal\/wp-content\/uploads\/2024\/08\/Captura-de-pantalla-2024-08-20-170945-300x183.png 300w, https:\/\/losperiodistas.com.mx\/portal\/wp-content\/uploads\/2024\/08\/Captura-de-pantalla-2024-08-20-170945-768x470.png 768w, https:\/\/losperiodistas.com.mx\/portal\/wp-content\/uploads\/2024\/08\/Captura-de-pantalla-2024-08-20-170945.png 1099w\" sizes=\"(max-width: 1024px) 100vw, 1024px\" \/><figcaption>Tatiana Clouthier fue titular de la Secretar\u00eda de Econom\u00eda. (Cr\u00e9dito: Cuartoscuro)<\/figcaption><\/figure>\n\n\n\n<p>Tatiana Clouthier form\u00f3 parte de la bancada del Partido de Acci\u00f3n Nacional (PAN) como diputada federal en la LIX legislatura. Sin embargo, despu\u00e9s se sum\u00f3 al Movimiento de Regeneraci\u00f3n Nacional (Morena) y volvi\u00f3 a ser diputada, en la LXIV legislatura.<\/p>\n\n\n\n<p>Ya con Morena, en el proceso electoral 2017-2018, fue la coordinadora de la campa\u00f1a presidencial de Andr\u00e9s Manuel L\u00f3pez Obrador, la cercan\u00eda con el mandatario y su previa experiencia llev\u00f3 a Clouthier a ocupar la Secretar\u00eda de Econom\u00eda.<\/p>\n\n\n\n<p>Fuente: <a href=\"https:\/\/www.infobae.com\/mexico\/2024\/08\/20\/este-es-el-grado-de-estudios-de-tatiana-clouthier-futura-titular-del-instituto-de-mexicanos-en-el-exterior-en-el-gobierno-de-sheinbaum\/\" target=\"_blank\" rel=\"noreferrer noopener\">Infobae<\/a><\/p>\n","protected":false},"excerpt":{"rendered":"<p>Estuvo involucrada en los Comit\u00e9s de Defensa de la Cuarta Transformaci\u00f3n <\/p>\n","protected":false},"author":1,"featured_media":83072,"comment_status":"open","ping_status":"open","sticky":false,"template":"","format":"standard","meta":{"site-sidebar-layout":"default","site-content-layout":"","ast-site-content-layout":"default","site-content-style":"default","site-sidebar-style":"default","ast-global-header-display":"","ast-banner-title-visibility":"","ast-main-header-display":"","ast-hfb-above-header-display":"","ast-hfb-below-header-display":"","ast-hfb-mobile-header-display":"","site-post-title":"","ast-breadcrumbs-content":"","ast-featured-img":"","footer-sml-layout":"","theme-transparent-header-meta":"","adv-header-id-meta":"","stick-header-meta":"","header-above-stick-meta":"","header-main-stick-meta":"","header-below-stick-meta":"","astra-migrate-meta-layouts":"default","ast-page-background-enabled":"default","ast-page-background-meta":{"desktop":{"background-color":"var(--ast-global-color-4)","background-image":"","background-repeat":"repeat","background-position":"center center","background-size":"auto","background-attachment":"scroll","background-type":"","background-media":"","overlay-type":"","overlay-color":"","overlay-opacity":"","overlay-gradient":""},"tablet":{"background-color":"","background-image":"","background-repeat":"repeat","background-position":"center center","background-size":"auto","background-attachment":"scroll","background-type":"","background-media":"","overlay-type":"","overlay-color":"","overlay-opacity":"","overlay-gradient":""},"mobile":{"background-color":"","background-image":"","background-repeat":"repeat","background-position":"center center","background-size":"auto","background-attachment":"scroll","background-type":"","background-media":"","overlay-type":"","overlay-color":"","overlay-opacity":"","overlay-gradient":""}},"ast-content-background-meta":{"desktop":{"background-color":"var(--ast-global-color-5)","background-image":"","background-repeat":"repeat","background-position":"center center","background-size":"auto","background-attachment":"scroll","background-type":"","background-media":"","overlay-type":"","overlay-color":"","overlay-opacity":"","overlay-gradient":""},"tablet":{"background-color":"var(--ast-global-color-5)","background-image":"","background-repeat":"repeat","background-position":"center center","background-size":"auto","background-attachment":"scroll","background-type":"","background-media":"","overlay-type":"","overlay-color":"","overlay-opacity":"","overlay-gradient":""},"mobile":{"background-color":"var(--ast-global-color-5)","background-image":"","background-repeat":"repeat","background-position":"center center","background-size":"auto","background-attachment":"scroll","background-type":"","background-media":"","overlay-type":"","overlay-color":"","overlay-opacity":"","overlay-gradient":""}},"footnotes":""},"categories":[8],"tags":[26063,29107,16903,2097],"class_list":["post-83071","post","type-post","status-publish","format-standard","has-post-thumbnail","hentry","category-noticias","tag-gabinete","tag-ime","tag-sheinbaum","tag-tatiana-clouthier"],"_links":{"self":[{"href":"https:\/\/losperiodistas.com.mx\/portal\/wp-json\/wp\/v2\/posts\/83071","targetHints":{"allow":["GET"]}}],"collection":[{"href":"https:\/\/losperiodistas.com.mx\/portal\/wp-json\/wp\/v2\/posts"}],"about":[{"href":"https:\/\/losperiodistas.com.mx\/portal\/wp-json\/wp\/v2\/types\/post"}],"author":[{"embeddable":true,"href":"https:\/\/losperiodistas.com.mx\/portal\/wp-json\/wp\/v2\/users\/1"}],"replies":[{"embeddable":true,"href":"https:\/\/losperiodistas.com.mx\/portal\/wp-json\/wp\/v2\/comments?post=83071"}],"version-history":[{"count":1,"href":"https:\/\/losperiodistas.com.mx\/portal\/wp-json\/wp\/v2\/posts\/83071\/revisions"}],"predecessor-version":[{"id":83075,"href":"https:\/\/losperiodistas.com.mx\/portal\/wp-json\/wp\/v2\/posts\/83071\/revisions\/83075"}],"wp:featuredmedia":[{"embeddable":true,"href":"https:\/\/losperiodistas.com.mx\/portal\/wp-json\/wp\/v2\/media\/83072"}],"wp:attachment":[{"href":"https:\/\/losperiodistas.com.mx\/portal\/wp-json\/wp\/v2\/media?parent=83071"}],"wp:term":[{"taxonomy":"category","embeddable":true,"href":"https:\/\/losperiodistas.com.mx\/portal\/wp-json\/wp\/v2\/categories?post=83071"},{"taxonomy":"post_tag","embeddable":true,"href":"https:\/\/losperiodistas.com.mx\/portal\/wp-json\/wp\/v2\/tags?post=83071"}],"curies":[{"name":"wp","href":"https:\/\/api.w.org\/{rel}","templated":true}]}}