{"id":8307,"date":"2021-05-24T07:25:30","date_gmt":"2021-05-24T12:25:30","guid":{"rendered":"http:\/\/losperiodistas.com.mx\/portal\/?p=8307"},"modified":"2021-05-24T07:25:32","modified_gmt":"2021-05-24T12:25:32","slug":"lanza-el-pri-nueva-guerra-sucia-en-contra-de-amlo-la-jornada","status":"publish","type":"post","link":"https:\/\/losperiodistas.com.mx\/portal\/lanza-el-pri-nueva-guerra-sucia-en-contra-de-amlo-la-jornada\/","title":{"rendered":"Lanza el PRI nueva &#8216;guerra sucia&#8217; en contra de AMLO | La Jornada"},"content":{"rendered":"\n<p><\/p>\n\n\n\n<figure class=\"wp-block-image size-large\"><img fetchpriority=\"high\" decoding=\"async\" width=\"1024\" height=\"601\" src=\"https:\/\/losperiodistas.com.mx\/portal\/wp-content\/uploads\/2021\/05\/Captura-de-Pantalla-2021-05-24-a-las-7.21.53-1024x601.jpg\" alt=\"\" class=\"wp-image-8308\" srcset=\"https:\/\/losperiodistas.com.mx\/portal\/wp-content\/uploads\/2021\/05\/Captura-de-Pantalla-2021-05-24-a-las-7.21.53-1024x601.jpg 1024w, https:\/\/losperiodistas.com.mx\/portal\/wp-content\/uploads\/2021\/05\/Captura-de-Pantalla-2021-05-24-a-las-7.21.53-300x176.jpg 300w, https:\/\/losperiodistas.com.mx\/portal\/wp-content\/uploads\/2021\/05\/Captura-de-Pantalla-2021-05-24-a-las-7.21.53-768x451.jpg 768w, https:\/\/losperiodistas.com.mx\/portal\/wp-content\/uploads\/2021\/05\/Captura-de-Pantalla-2021-05-24-a-las-7.21.53-1536x901.jpg 1536w, https:\/\/losperiodistas.com.mx\/portal\/wp-content\/uploads\/2021\/05\/Captura-de-Pantalla-2021-05-24-a-las-7.21.53.jpg 1912w\" sizes=\"(max-width: 1024px) 100vw, 1024px\" \/><figcaption>El empresario paquistan\u00ed Mohamad Yusuf Amdani Bai al lado de Alejandro Moreno C\u00e1rdenas.\u00a0Foto\u00a0<strong>tomadas de redes sociales<\/strong><\/figcaption><\/figure>\n\n\n\n<p><\/p>\n\n\n\n<p class=\"has-vivid-cyan-blue-color has-text-color has-medium-font-size\">ENRIQUE M\u00c9NDEZ \/ LA JORNADA<\/p>\n\n\n\n<p><\/p>\n\n\n\n<p><em>Ciudad de M\u00e9xico.<\/em>&nbsp;En paralelo a la campa\u00f1a electoral, la c\u00fapula del Partido Revolucionario Institucional (PRI) ha construido la nueva \u201cguerra sucia\u201d contra el presidente Andr\u00e9s Manuel L\u00f3pez Obrador con un discurso que se difunde en redes y propaganda partidaria, armado por el espa\u00f1ol Antonio Sola y el cubano anticastrista Vladimir de la Torre, contratados como asesores por el dirigente pri\u00edsta Alejandro Moreno C\u00e1rdenas,&nbsp;<em>Alito<\/em>.<\/p>\n\n\n\n<p>Antonio Sola \u2013a quien se atribuye la frase \u201cL\u00f3pez Obrador, un peligro para M\u00e9xico\u201d, de la campa\u00f1a presidencial de Felipe Calder\u00f3n en 2006\u2013 fue reclutado por el ex gobernador de Coahuila y diputado federal Rub\u00e9n Moreira Valdez.<\/p>\n\n\n\n<p>Tambi\u00e9n interviene en el dise\u00f1o del mensaje de la campa\u00f1a por la gubernatura de Campeche de Christian Castro Bello, sobrino de\u00a0<em>Alito<\/em>.<\/p>\n\n\n\n<p>Moreira Valdez \u2013delegado del Comit\u00e9 Ejecutivo Nacional (CEN) del PRI en Campeche\u2013 y Sola fueron fotografiados en marzo pasado, en el contexto de la toma de protesta de Castro Bello como candidato del&nbsp;<em>tricolor<\/em>, en el restaurante de mariscos La Palapa del T\u00edo Fito, donde el diputado federal del PRI es asiduo.<\/p>\n\n\n\n<p>Un usuario en Twitter difundi\u00f3 las im\u00e1genes de Sola y Moreira dentro y fuera del restaurante, que se ubica en la avenida Resurgimiento de la capital del estado.<\/p>\n\n\n\n<p>Moreno C\u00e1rdenas suele presentar a Sola con la siguiente frase: \u201cEs muy ching\u00f3n, es un vago\u201d.<\/p>\n\n\n\n<p>Pero Sola no s\u00f3lo asesora los contenidos de la \u201cguerra sucia\u201d del PRI. Tambi\u00e9n, informaron fuentes del&nbsp;<em>tricolor<\/em>, aconseja al candidato del PVEM a la gubernatura de San Luis Potos\u00ed, Ricardo Gallardo, conocido en la entidad como&nbsp;<em>El Pollo,<\/em>&nbsp;y en la C\u00e1mara de Diputados como&nbsp;<em>El Diputado Metralletas<\/em>.<\/p>\n\n\n\n<p>El otro asesor de Alejandro Moreno en los contenidos contra el presidente L\u00f3pez Obrador es Vladimir de la Torre, quien se presenta como asesor, periodista y columnista.<\/p>\n\n\n\n<p>De la Torre ha acompa\u00f1ado al dirigente pri\u00edsta desde que era gobernador de Campeche. La difusi\u00f3n de mensajes la realiza en conjunto con Jorge Tejero Zapata, titular de \u201cimagen de la presidencia\u201d del PRI (es decir, de Moreno C\u00e1rdenas).<\/p>\n\n\n\n<p>Es tal la influencia de De la Torre en el dirigente pri\u00edsta que logr\u00f3 colocar a Tejero Zapata en el lugar 17 de la lista de candidatos plurinominales del partido por la tercera circunscripci\u00f3n, a pesar de que en la toma de protesta de Christian Castro Bello mand\u00f3 sacar con violencia a un discapacitado.<\/p>\n\n\n\n<p>En un video se observa c\u00f3mo ayudantes del encargado de la \u201cimagen\u201d de Alejandro Moreno arrastran a un hombre conocido como Manuelito y lo dejan tirado en el suelo.<\/p>\n\n\n\n<p>A Vladimir de la Torre y Tejero se le atribuye el contenido del anuncio espectacular que el PRI coloc\u00f3 desde el 10 de mayo en la explanada de su sede nacional, en el que se lee: \u201cM\u00e9xico estaba mejor cuando dec\u00edan que estaba peor\u201d.<\/p>\n\n\n\n<p>Si bien De la Torre no tiene un cargo en el CEN del PRI, pri\u00edstas consultados informaron que sostiene reuniones frecuentes con Alejandro Moreno en su despacho de la avenida Insurgentes Norte.<\/p>\n\n\n\n<h2 class=\"wp-block-heading\">La conexi\u00f3n paquistan\u00ed<\/h2>\n\n\n\n<p>En Campeche se ha documentado la relaci\u00f3n de&nbsp;<em>Alito<\/em>&nbsp;con el empresario paquistan\u00ed, naturalizado hondure\u00f1o, Mohamad Yusuf Amdani Bai, quien pretend\u00eda enviar un lote de supuestas vacunas Sputnik V a Honduras.<\/p>\n\n\n\n<p>El 17 de marzo, en el aeropuerto de Campeche, la Administraci\u00f3n General de Aduanas inform\u00f3 que, en coordinaci\u00f3n con el Ej\u00e9rcito Mexicano, decomis\u00f3 un lote de vacunas rusas que pretend\u00edan ser enviadas a ese pa\u00eds.<\/p>\n\n\n\n<p>Durante una revisi\u00f3n al avi\u00f3n donde se encontraban directivos de la empresa textilera de Amdani Bai, militares encontraron \u201cdos hieleras con mil 155 frascos con el equivalente a 5 mil 775 dosis de la vacuna rusa contra coronavirus, ocultas entre refrescos y golosinas\u201d.<\/p>\n\n\n\n<p>Los pilotos y empleados del empresario escaparon del hotel donde los ten\u00eda detenidos la Fiscal\u00eda General de la Rep\u00fablica.<\/p>\n\n\n\n<p>La conexi\u00f3n de Amdani Bai con los gobiernos pri\u00edstas en Campeche inici\u00f3 durante el mandato de Jos\u00e9 Antonio Gonz\u00e1lez Curi (1997-2003) y continu\u00f3 en la administraci\u00f3n de Moreno C\u00e1rdenas a partir de 2015.<\/p>\n\n\n\n<p>El hombre de negocios es propietario de la maquiladora Karim\u2019s, del hotel Ocean View y de la zona residencial denominada \u201cCampeche Hills\u201d, donde \u00e9l y el dirigente nacional del PRI son vecinos. En el exclusivo fraccionamiento, Moreno C\u00e1rdenas compr\u00f3 un terreno en un solo pago.<\/p>\n\n\n\n<p>Campeche Hills \u2013en referencia al californiano Beverly Hills\u2013 se erige en una zona de reserva, que fue adquirida por Amdani Bai durante el gobierno del dirigente pri\u00edsta, con quien sosten\u00eda continuas reuniones en sus oficinas de la entidad, como consta en fotograf\u00edas .<\/p>\n\n\n\n<p>La relaci\u00f3n es tal que Moreno C\u00e1rdenas le prest\u00f3 el avi\u00f3n del gobierno del estado para viajar a Honduras, como se ha difundido en la entidad a partir de las bit\u00e1coras de vuelo de 2015, 2016 y 2017.<\/p>\n\n\n\n<p>Se trata de un jet Sabreliner que&nbsp;<em>Alito<\/em>&nbsp;ofreci\u00f3 vender desde el inicio de su mandato, lo que no cumpli\u00f3, al igual que compromisos de obra que se quedaron en proyecto y por lo que en la entidad se refieren a \u00e9l como \u201cel gobernador maquetas\u201d.<\/p>\n\n\n\n<p>Moreno C\u00e1rdenas tambi\u00e9n es conocido como coleccionista. A sus allegados les presume una habitaci\u00f3n blindada en su casa donde resguarda m\u00e1s de 400 relojes de lujo.<\/p>\n\n\n\n<p>Fuente: https:\/\/www.jornada.com.mx\/notas\/2021\/05\/24\/politica\/lanza-el-pri-nueva-guerra-sucia-en-contra-de-amlo\/<\/p>\n","protected":false},"excerpt":{"rendered":"<p>ENRIQUE M\u00c9NDEZ \/ LA JORNADA Ciudad de M\u00e9xico.&nbsp;En paralelo a la campa\u00f1a electoral, la c\u00fapula del Partido Revolucionario Institucional (PRI) [&hellip;]<\/p>\n","protected":false},"author":1,"featured_media":8308,"comment_status":"open","ping_status":"open","sticky":false,"template":"","format":"standard","meta":{"site-sidebar-layout":"default","site-content-layout":"","ast-site-content-layout":"default","site-content-style":"default","site-sidebar-style":"default","ast-global-header-display":"","ast-banner-title-visibility":"","ast-main-header-display":"","ast-hfb-above-header-display":"","ast-hfb-below-header-display":"","ast-hfb-mobile-header-display":"","site-post-title":"","ast-breadcrumbs-content":"","ast-featured-img":"","footer-sml-layout":"","theme-transparent-header-meta":"","adv-header-id-meta":"","stick-header-meta":"","header-above-stick-meta":"","header-main-stick-meta":"","header-below-stick-meta":"","astra-migrate-meta-layouts":"default","ast-page-background-enabled":"default","ast-page-background-meta":{"desktop":{"background-color":"var(--ast-global-color-4)","background-image":"","background-repeat":"repeat","background-position":"center center","background-size":"auto","background-attachment":"scroll","background-type":"","background-media":"","overlay-type":"","overlay-color":"","overlay-opacity":"","overlay-gradient":""},"tablet":{"background-color":"","background-image":"","background-repeat":"repeat","background-position":"center center","background-size":"auto","background-attachment":"scroll","background-type":"","background-media":"","overlay-type":"","overlay-color":"","overlay-opacity":"","overlay-gradient":""},"mobile":{"background-color":"","background-image":"","background-repeat":"repeat","background-position":"center center","background-size":"auto","background-attachment":"scroll","background-type":"","background-media":"","overlay-type":"","overlay-color":"","overlay-opacity":"","overlay-gradient":""}},"ast-content-background-meta":{"desktop":{"background-color":"var(--ast-global-color-5)","background-image":"","background-repeat":"repeat","background-position":"center center","background-size":"auto","background-attachment":"scroll","background-type":"","background-media":"","overlay-type":"","overlay-color":"","overlay-opacity":"","overlay-gradient":""},"tablet":{"background-color":"var(--ast-global-color-5)","background-image":"","background-repeat":"repeat","background-position":"center center","background-size":"auto","background-attachment":"scroll","background-type":"","background-media":"","overlay-type":"","overlay-color":"","overlay-opacity":"","overlay-gradient":""},"mobile":{"background-color":"var(--ast-global-color-5)","background-image":"","background-repeat":"repeat","background-position":"center center","background-size":"auto","background-attachment":"scroll","background-type":"","background-media":"","overlay-type":"","overlay-color":"","overlay-opacity":"","overlay-gradient":""}},"footnotes":""},"categories":[8],"tags":[1647,1646,1649,1648],"class_list":["post-8307","post","type-post","status-publish","format-standard","has-post-thumbnail","hentry","category-noticias","tag-antonio-sola","tag-campana-anti-amlo","tag-mohamad-yusuf-amdani-bai","tag-vladimir-de-la-torre"],"_links":{"self":[{"href":"https:\/\/losperiodistas.com.mx\/portal\/wp-json\/wp\/v2\/posts\/8307","targetHints":{"allow":["GET"]}}],"collection":[{"href":"https:\/\/losperiodistas.com.mx\/portal\/wp-json\/wp\/v2\/posts"}],"about":[{"href":"https:\/\/losperiodistas.com.mx\/portal\/wp-json\/wp\/v2\/types\/post"}],"author":[{"embeddable":true,"href":"https:\/\/losperiodistas.com.mx\/portal\/wp-json\/wp\/v2\/users\/1"}],"replies":[{"embeddable":true,"href":"https:\/\/losperiodistas.com.mx\/portal\/wp-json\/wp\/v2\/comments?post=8307"}],"version-history":[{"count":1,"href":"https:\/\/losperiodistas.com.mx\/portal\/wp-json\/wp\/v2\/posts\/8307\/revisions"}],"predecessor-version":[{"id":8309,"href":"https:\/\/losperiodistas.com.mx\/portal\/wp-json\/wp\/v2\/posts\/8307\/revisions\/8309"}],"wp:featuredmedia":[{"embeddable":true,"href":"https:\/\/losperiodistas.com.mx\/portal\/wp-json\/wp\/v2\/media\/8308"}],"wp:attachment":[{"href":"https:\/\/losperiodistas.com.mx\/portal\/wp-json\/wp\/v2\/media?parent=8307"}],"wp:term":[{"taxonomy":"category","embeddable":true,"href":"https:\/\/losperiodistas.com.mx\/portal\/wp-json\/wp\/v2\/categories?post=8307"},{"taxonomy":"post_tag","embeddable":true,"href":"https:\/\/losperiodistas.com.mx\/portal\/wp-json\/wp\/v2\/tags?post=8307"}],"curies":[{"name":"wp","href":"https:\/\/api.w.org\/{rel}","templated":true}]}}