{"id":83059,"date":"2024-08-20T17:25:32","date_gmt":"2024-08-20T22:25:32","guid":{"rendered":"http:\/\/losperiodistas.com.mx\/portal\/?p=83059"},"modified":"2024-08-20T17:25:35","modified_gmt":"2024-08-20T22:25:35","slug":"jueces-y-trabajadores-del-pjf-del-edomex-cumplen-24-horas-de-paro","status":"publish","type":"post","link":"https:\/\/losperiodistas.com.mx\/portal\/jueces-y-trabajadores-del-pjf-del-edomex-cumplen-24-horas-de-paro\/","title":{"rendered":"Jueces y trabajadores del Poder Judicial Federal del Edomex cumplen 24 horas de paro activo | El Universal"},"content":{"rendered":"\n<p>Cerca de 1200 empleados protestan contra la elecci\u00f3n de jueces por voto popular, exigiendo la preservaci\u00f3n de la carrera judicial; el paro no interrumpe la circulaci\u00f3n en la zona<\/p>\n\n\n\n<figure class=\"wp-block-image size-large\"><img fetchpriority=\"high\" decoding=\"async\" width=\"1024\" height=\"615\" src=\"https:\/\/losperiodistas.com.mx\/portal\/wp-content\/uploads\/2024\/08\/Captura-de-pantalla-2024-08-20-162104-1024x615.png\" alt=\"Paro del Poder Judicial\" class=\"wp-image-83060\" srcset=\"https:\/\/losperiodistas.com.mx\/portal\/wp-content\/uploads\/2024\/08\/Captura-de-pantalla-2024-08-20-162104-1024x615.png 1024w, https:\/\/losperiodistas.com.mx\/portal\/wp-content\/uploads\/2024\/08\/Captura-de-pantalla-2024-08-20-162104-300x180.png 300w, https:\/\/losperiodistas.com.mx\/portal\/wp-content\/uploads\/2024\/08\/Captura-de-pantalla-2024-08-20-162104-768x461.png 768w, https:\/\/losperiodistas.com.mx\/portal\/wp-content\/uploads\/2024\/08\/Captura-de-pantalla-2024-08-20-162104.png 1236w\" sizes=\"(max-width: 1024px) 100vw, 1024px\" \/><figcaption>Jueces y trabajadores del Poder Judicial Federal del Edomex cumplen 24 horas de paro activo. Foto: Rebeca Jim\u00e9nez<\/figcaption><\/figure>\n\n\n\n<p class=\"has-vivid-red-color has-text-color\">Rebeca Jim\u00e9nez \/ El Universal<\/p>\n\n\n\n<p>Cerca de 1200 jueces y trabajadores del <strong>Poder Judicial Federal del II Circuito del Estado de M\u00e9xico<\/strong>, con cabecera en Cuatro Caminos en Naucalpan, cumplieron m\u00e1s de 24 horas en paro activo.<\/p>\n\n\n\n<p>\u201c\u00a1Carrera judicial Si, jueces por voto popular no!\u201d, es la demanda central de esta protesta que mantienen sobre el <strong>Boulevard Toluca en Cuatro Caminos.<\/strong><\/p>\n\n\n\n<p>En estos juzgados federales mixtos penal, civil, laboral, mercantil administrativos laboran entre mil a mil 200 trabajadores que atienden a poblaci\u00f3n del Estado de M\u00e9xico desde Huixquilucan, pasando por Naucalpan, Tlalnepantla, Cuautitl\u00e1n Izcalli y hasta Ecatepec.<\/p>\n\n\n\n<figure class=\"wp-block-image size-large\"><img decoding=\"async\" width=\"1024\" height=\"634\" src=\"https:\/\/losperiodistas.com.mx\/portal\/wp-content\/uploads\/2024\/08\/Captura-de-pantalla-2024-08-20-162230-1024x634.png\" alt=\"\" class=\"wp-image-83061\" srcset=\"https:\/\/losperiodistas.com.mx\/portal\/wp-content\/uploads\/2024\/08\/Captura-de-pantalla-2024-08-20-162230-1024x634.png 1024w, https:\/\/losperiodistas.com.mx\/portal\/wp-content\/uploads\/2024\/08\/Captura-de-pantalla-2024-08-20-162230-300x186.png 300w, https:\/\/losperiodistas.com.mx\/portal\/wp-content\/uploads\/2024\/08\/Captura-de-pantalla-2024-08-20-162230-768x476.png 768w, https:\/\/losperiodistas.com.mx\/portal\/wp-content\/uploads\/2024\/08\/Captura-de-pantalla-2024-08-20-162230.png 1190w\" sizes=\"(max-width: 1024px) 100vw, 1024px\" \/><figcaption>Jueces y trabajadores del Poder Judicial Federal del Edomex cumplen 24 horas de paro activo.<br>Foto: Rebeca Jim\u00e9nez<\/figcaption><\/figure>\n\n\n\n<p>Pese al paro estos juzgados est\u00e1n atendiendo temas urgentes como juicios de amparo, libertad, incomunicaci\u00f3n, destierro, personas desaparecidas, derecho al agua, atenci\u00f3n m\u00e9dica y servicio el\u00e9ctrica, puntualizaron jueces paristas.<\/p>\n\n\n\n<p>\u201cLos foros fueron una simulaci\u00f3n, por ellos estamos en paro\u201d, al cumplir m\u00e1s de 24 horas de protesta.<\/p>\n\n\n\n<p>Ser\u00e1 ma\u00f1ana cuando jueces y trabajadores del poder judicial federal decidan si mantiene este paro, que en Cuatro Caminos no obstruye la circulaci\u00f3n de la avenida de acceso al paradero del Metro Cuatro Caminos.<\/p>\n\n\n\n<p>Fuente:<a href=\"https:\/\/www.eluniversal.com.mx\/edomex\/jueces-y-trabajadores-del-poder-judicial-federal-del-edomex-cumplen-24-horas-de-paro-activo\/\" target=\"_blank\" rel=\"noreferrer noopener\"> El Universal<\/a><\/p>\n","protected":false},"excerpt":{"rendered":"<p>Cerca de 1200 empleados protestan contra la elecci\u00f3n de jueces por voto popular, exigiendo la preservaci\u00f3n de la carrera judicial; el paro no interrumpe la circulaci\u00f3n en la zona<\/p>\n","protected":false},"author":1,"featured_media":83060,"comment_status":"open","ping_status":"open","sticky":false,"template":"","format":"standard","meta":{"site-sidebar-layout":"default","site-content-layout":"","ast-site-content-layout":"default","site-content-style":"default","site-sidebar-style":"default","ast-global-header-display":"","ast-banner-title-visibility":"","ast-main-header-display":"","ast-hfb-above-header-display":"","ast-hfb-below-header-display":"","ast-hfb-mobile-header-display":"","site-post-title":"","ast-breadcrumbs-content":"","ast-featured-img":"","footer-sml-layout":"","theme-transparent-header-meta":"","adv-header-id-meta":"","stick-header-meta":"","header-above-stick-meta":"","header-main-stick-meta":"","header-below-stick-meta":"","astra-migrate-meta-layouts":"default","ast-page-background-enabled":"default","ast-page-background-meta":{"desktop":{"background-color":"var(--ast-global-color-4)","background-image":"","background-repeat":"repeat","background-position":"center center","background-size":"auto","background-attachment":"scroll","background-type":"","background-media":"","overlay-type":"","overlay-color":"","overlay-opacity":"","overlay-gradient":""},"tablet":{"background-color":"","background-image":"","background-repeat":"repeat","background-position":"center center","background-size":"auto","background-attachment":"scroll","background-type":"","background-media":"","overlay-type":"","overlay-color":"","overlay-opacity":"","overlay-gradient":""},"mobile":{"background-color":"","background-image":"","background-repeat":"repeat","background-position":"center center","background-size":"auto","background-attachment":"scroll","background-type":"","background-media":"","overlay-type":"","overlay-color":"","overlay-opacity":"","overlay-gradient":""}},"ast-content-background-meta":{"desktop":{"background-color":"var(--ast-global-color-5)","background-image":"","background-repeat":"repeat","background-position":"center center","background-size":"auto","background-attachment":"scroll","background-type":"","background-media":"","overlay-type":"","overlay-color":"","overlay-opacity":"","overlay-gradient":""},"tablet":{"background-color":"var(--ast-global-color-5)","background-image":"","background-repeat":"repeat","background-position":"center center","background-size":"auto","background-attachment":"scroll","background-type":"","background-media":"","overlay-type":"","overlay-color":"","overlay-opacity":"","overlay-gradient":""},"mobile":{"background-color":"var(--ast-global-color-5)","background-image":"","background-repeat":"repeat","background-position":"center center","background-size":"auto","background-attachment":"scroll","background-type":"","background-media":"","overlay-type":"","overlay-color":"","overlay-opacity":"","overlay-gradient":""}},"footnotes":""},"categories":[8],"tags":[29103,24586,18121,12124],"class_list":["post-83059","post","type-post","status-publish","format-standard","has-post-thumbnail","hentry","category-noticias","tag-eleccion-de-jueves","tag-paro-de-labores","tag-pjf","tag-poder-judicial"],"_links":{"self":[{"href":"https:\/\/losperiodistas.com.mx\/portal\/wp-json\/wp\/v2\/posts\/83059","targetHints":{"allow":["GET"]}}],"collection":[{"href":"https:\/\/losperiodistas.com.mx\/portal\/wp-json\/wp\/v2\/posts"}],"about":[{"href":"https:\/\/losperiodistas.com.mx\/portal\/wp-json\/wp\/v2\/types\/post"}],"author":[{"embeddable":true,"href":"https:\/\/losperiodistas.com.mx\/portal\/wp-json\/wp\/v2\/users\/1"}],"replies":[{"embeddable":true,"href":"https:\/\/losperiodistas.com.mx\/portal\/wp-json\/wp\/v2\/comments?post=83059"}],"version-history":[{"count":1,"href":"https:\/\/losperiodistas.com.mx\/portal\/wp-json\/wp\/v2\/posts\/83059\/revisions"}],"predecessor-version":[{"id":83062,"href":"https:\/\/losperiodistas.com.mx\/portal\/wp-json\/wp\/v2\/posts\/83059\/revisions\/83062"}],"wp:featuredmedia":[{"embeddable":true,"href":"https:\/\/losperiodistas.com.mx\/portal\/wp-json\/wp\/v2\/media\/83060"}],"wp:attachment":[{"href":"https:\/\/losperiodistas.com.mx\/portal\/wp-json\/wp\/v2\/media?parent=83059"}],"wp:term":[{"taxonomy":"category","embeddable":true,"href":"https:\/\/losperiodistas.com.mx\/portal\/wp-json\/wp\/v2\/categories?post=83059"},{"taxonomy":"post_tag","embeddable":true,"href":"https:\/\/losperiodistas.com.mx\/portal\/wp-json\/wp\/v2\/tags?post=83059"}],"curies":[{"name":"wp","href":"https:\/\/api.w.org\/{rel}","templated":true}]}}