{"id":83056,"date":"2024-08-21T08:51:01","date_gmt":"2024-08-21T13:51:01","guid":{"rendered":"https:\/\/losperiodistas.com.mx\/portal\/?p=83056"},"modified":"2024-08-21T08:51:01","modified_gmt":"2024-08-21T13:51:01","slug":"es-oficial-el-paro-nacional-del-poder-judicial-esta-es-la-declaratoria-infobae","status":"publish","type":"post","link":"https:\/\/losperiodistas.com.mx\/portal\/es-oficial-el-paro-nacional-del-poder-judicial-esta-es-la-declaratoria-infobae\/","title":{"rendered":"Es oficial el Paro Nacional del Poder Judicial: esta es la declaratoria | Infobae"},"content":{"rendered":"\n<h2 class=\"wp-block-heading\">La suspensi\u00f3n de actividades de todos los \u00f3rganos de esta instituci\u00f3n comenzar\u00e1 a partir de las cero horas del 21 de agosto<\/h2>\n\n\n\n<figure class=\"wp-block-image size-full\"><img fetchpriority=\"high\" decoding=\"async\" width=\"1000\" height=\"561\" src=\"https:\/\/losperiodistas.com.mx\/portal\/wp-content\/uploads\/2024\/08\/paro.jpg\" alt=\"\" class=\"wp-image-83091\" srcset=\"https:\/\/losperiodistas.com.mx\/portal\/wp-content\/uploads\/2024\/08\/paro.jpg 1000w, https:\/\/losperiodistas.com.mx\/portal\/wp-content\/uploads\/2024\/08\/paro-300x168.jpg 300w, https:\/\/losperiodistas.com.mx\/portal\/wp-content\/uploads\/2024\/08\/paro-768x431.jpg 768w\" sizes=\"(max-width: 1000px) 100vw, 1000px\" \/><figcaption>Trabajadores del Poder Judicial de la Federaci\u00f3n realizar\u00e1n paro de labores en protesta por la reforma de AMLO a partir del mi\u00e9rcoles 21 de agosto. (Captura de Pantalla | @RedVialRC)<\/figcaption><\/figure>\n\n\n\n<p>Ale Huitr\u00f3n \/ Infobae<\/p>\n\n\n\n<p>La Asociaci\u00f3n Nacional de Magistrados de Circuito y Jueces de Distrito del Poder Judicial de la Federaci\u00f3n emiti\u00f3 la tarde de este martes 20 de agosto la&nbsp;<strong>declaratoria formal de suspensi\u00f3n de actividades&nbsp;<\/strong>en todos los \u00f3rganos jurisdiccionales que conforman el&nbsp;<strong>Poder Judicial de la Federaci\u00f3n,&nbsp;<\/strong>esto luego de que los trabajadores comenzaran un paro de actividades el pasado lunes 19 de agosto.<a href=\"https:\/\/www.infobae.com\/mexico\/2024\/08\/21\/arranca-paro-nacional-del-poder-judicial-cuales-son-los-casos-que-si-recibiran-atencion\/\" target=\"_blank\" rel=\"noreferrer noopener\">Te puede interesar:<strong>Inicia paro nacional del Poder Judicial por reforma de AMLO; advierten riesgo de crisis constitucional<\/strong><\/a><\/p>\n\n\n\n<p>Este hecho ocurre luego de que los trabajadores iniciaran un&nbsp;<strong>paro nacional indefinido<\/strong>&nbsp;de labores como protesta para impedir el dictamen de&nbsp;<a rel=\"noreferrer noopener\" href=\"https:\/\/www.infobae.com\/mexico\/2024\/08\/21\/scjn-continuara-con-el-analisis-de-la-reforma-al-poder-judicial-federal\/\" target=\"_blank\">reforma al Poder Judicial<\/a>&nbsp;propuesta por el presidente Andr\u00e9s Manuel L\u00f3pez Obrador, que propone, entre otros puntos, la elecci\u00f3n de jueces y magistrados por voto popular.https:\/\/0b751a2620dc5248de73204b933700e9.safeframe.googlesyndication.com\/safeframe\/1-0-40\/html\/container.html<\/p>\n\n\n\n<p>Tras la&nbsp;<a rel=\"noreferrer noopener\" href=\"https:\/\/www.infobae.com\/mexico\/2024\/08\/19\/trabajadores-del-poder-judicial-inician-paro-indefinido-contra-agresiva-iniciativa-de-amlo\/\" target=\"_blank\">clausura simb\u00f3lica de sedes del Poder Judicial&nbsp;<\/a>en cerca de 16 estados del pa\u00eds, magistrados y jueces federales aprobaron este lunes sumarse a partir del primer minuto del mi\u00e9rcoles al paro nacional, esto tras obtener mil 202 votos a favor y 201 en contra.<a href=\"https:\/\/www.infobae.com\/mexico\/2024\/08\/21\/scjn-continuara-con-el-analisis-de-la-reforma-al-poder-judicial-federal\/\" target=\"_blank\" rel=\"noreferrer noopener\">Te puede interesar:<strong>SCJN continuar\u00e1 con el an\u00e1lisis de la reforma al Poder Judicial Federal<\/strong><\/a><\/p>\n\n\n\n<p>Seg\u00fan el documento, compartido a trav\u00e9s de X, la suspensi\u00f3n de actividades se realizar\u00e1 en los siguientes \u00f3rganos jurisdiccionales:<\/p>\n\n\n\n<ul class=\"wp-block-list\"><li>Plenos regionales.<\/li><li>Tribunales colegiados de circuito.<\/li><li>Tribunales colegiados de circuito auxiliares.<\/li><li>Tribunales colegiados de apelaci\u00f3n.<\/li><li>Juzgados de distrito.<\/li><li>Juzgados de distrito auxiliares.<\/li><li>Tribunales laborales federales.<\/li><li>Centros de justicia penal federal.<\/li><li>Centro Nacional de Justicia Especializado en T\u00e9cnicas de Investigaci\u00f3n, Arraigo e Intervenci\u00f3n de Comunicaciones.<\/li><\/ul>\n\n\n\n<figure class=\"wp-block-embed\"><div class=\"wp-block-embed__wrapper\">\nhttps:\/\/0b751a2620dc5248de73204b933700e9.safeframe.googlesyndication.com\/safeframe\/1-0-40\/html\/container.html\n<\/div><\/figure>\n\n\n\n<p>En lo que respecta a la Suprema Corte de Justicia de la Naci\u00f3n y el Tribunal Electoral del Poder Judicial de la Federaci\u00f3n, estar\u00e1n excluidas de la suspensi\u00f3n indefinida de labores, seg\u00fan inform\u00f3 el comunicado.<a href=\"https:\/\/www.infobae.com\/mexico\/2024\/08\/21\/por-reforma-al-poder-judicial-banco-morgan-stanley-rebaja-nivel-de-inversion-en-mexico\/\" target=\"_blank\" rel=\"noreferrer noopener\">Te puede interesar:<strong>Por Reforma al Poder Judicial, Morgan Stanley rebaja recomendaci\u00f3n de inversi\u00f3n en M\u00e9xico<\/strong><\/a><\/p>\n\n\n\n<p>El documento, emitido por las juzgadoras y juzgadores federales (JUFED), fue constituido seg\u00fan la voluntad de la mayor\u00eda de magistradas, magistrados, juezas y jueces federales, secretarios y secretarias en funciones en dichos cargos, vencedores y vencedoras de los concursos de oposici\u00f3n en funciones en dichos cargos o pendientes de adscripci\u00f3n, quienes participaron en la votaci\u00f3n del lunes 19 de agosto, seg\u00fan lo establece el comunicado.<\/p>\n\n\n\n<h2 class=\"wp-block-heading\">Paro de labores a partir de las cero horas del 21 de agosto<\/h2>\n\n\n\n<p><img decoding=\"async\" alt=\"FOTO DE ARCHIVO: Varias personas se paran frente al edificio del Consejo de la Judicatura Federal mientras los trabajadores judiciales de M\u00e9xico inician una huelga nacional indefinida antes de las votaciones de los legisladores sobre la revisi\u00f3n del poder judicial del pa\u00eds, incluyendo el paso a la elecci\u00f3n popular de los jueces, en la Ciudad de M\u00e9xico, M\u00e9xico. 19 de agosto de 2024. REUTERS\/Paola Garc\u00eda\/\" height=\"533\" width=\"800\" class=\"\" src=\"https:\/\/www.infobae.com\/new-resizer\/qYu_qwkNyj8Ii0k4iTCFv3vPMgc=\/420x280\/filters:format(webp):quality(85)\/cloudfront-us-east-1.images.arcpublishing.com\/infobae\/3MAQOKQD475D4ZK2RJQVD2KSKI.jpg%20420w\" srcset=\"https:\/\/www.infobae.com\/new-resizer\/qYu_qwkNyj8Ii0k4iTCFv3vPMgc=\/420x280\/filters:format(webp):quality(85)\/cloudfront-us-east-1.images.arcpublishing.com\/infobae\/3MAQOKQD475D4ZK2RJQVD2KSKI.jpg 420w,https:\/\/www.infobae.com\/new-resizer\/gop3YucJ8LA52p_FwU-Ri0dCavY=\/768x512\/filters:format(webp):quality(85)\/cloudfront-us-east-1.images.arcpublishing.com\/infobae\/3MAQOKQD475D4ZK2RJQVD2KSKI.jpg 768w,https:\/\/www.infobae.com\/new-resizer\/a-_RvaIQo7vNLHPre9ODCznZpps=\/992x661\/filters:format(webp):quality(85)\/cloudfront-us-east-1.images.arcpublishing.com\/infobae\/3MAQOKQD475D4ZK2RJQVD2KSKI.jpg 992w,https:\/\/www.infobae.com\/new-resizer\/nGAjpkk5iLC9ocyIf_pllbEgiCU=\/1200x800\/filters:format(webp):quality(85)\/cloudfront-us-east-1.images.arcpublishing.com\/infobae\/3MAQOKQD475D4ZK2RJQVD2KSKI.jpg 1200w,https:\/\/www.infobae.com\/new-resizer\/7FC8czlAOVokFLChr0ZY0YQrTpQ=\/1440x960\/filters:format(webp):quality(85)\/cloudfront-us-east-1.images.arcpublishing.com\/infobae\/3MAQOKQD475D4ZK2RJQVD2KSKI.jpg 1440w\">FOTO DE ARCHIVO: Varias personas se paran frente al edificio del Consejo de la Judicatura Federal mientras los trabajadores judiciales de M\u00e9xico inician una huelga nacional indefinida antes de las votaciones de los legisladores sobre la revisi\u00f3n del poder judicial del pa\u00eds, incluyendo el paso a la elecci\u00f3n popular de los jueces, en la Ciudad de M\u00e9xico, M\u00e9xico. 19 de agosto de 2024. REUTERS\/Paola Garc\u00eda\/<\/p>\n\n\n\n<p>La&nbsp;<strong>suspensi\u00f3n de actividades&nbsp;<\/strong>de los \u00f3rganos del&nbsp;<strong>Poder Judicial&nbsp;<\/strong>iniciar\u00e1 a partir de las&nbsp;<strong>cero horas del mi\u00e9rcoles 21 de agosto de 2024<\/strong>, el cual planean termine hasta que \u201cse satisfaga la petici\u00f3n\u201d de los trabajadores, la cual consiste en detener el proceso de reforma \u201cdadas sus tantas imperfecciones\u201d, para proponer una con el objetivo de enfrentar las causas estructurales que debilitan la calidad de la justicia.<\/p>\n\n\n\n<p>Adem\u00e1s, se exige la instalaci\u00f3n inmediata de una mesa de di\u00e1logo con los grupos parlamentarios del Congreso de la Uni\u00f3n, que tenga las facultades amplias para celebrar los acuerdos l\u00edcitos que sean necesarios y para \u201cejecutarlos o proveer su ejecuci\u00f3n\u201d.<\/p>\n\n\n\n<p>Finalmente, la JUFED se\u00f1al\u00f3 que dicha Declaratoria de suspensi\u00f3n indefinida de labores tiene un car\u00e1cter pac\u00edfico al tenor de la Observaci\u00f3n General 37 del Comit\u00e9 de Derechos Humanos de la Organizaci\u00f3n de las Naciones Unidas (ONU), por lo que bajo ning\u00fan concepto se podr\u00e1 configurar como delito, causal de juicio pol\u00edtico ni causa de responsabilidad administrativa, ya que su finalidad es defender el Estado de Derecho y la independencia judicial de las personas juzgadoras de dicho organismo.<\/p>\n\n\n\n<p>Fuente: <a href=\"https:\/\/www.infobae.com\/mexico\/2024\/08\/21\/es-oficial-el-paro-nacional-del-poder-judicial-esta-es-la-declaratoria\/\">https:\/\/www.infobae.com\/mexico\/2024\/08\/21\/es-oficial-el-paro-nacional-del-poder-judicial-esta-es-la-declaratoria\/<\/a><\/p>\n","protected":false},"excerpt":{"rendered":"<p>La suspensi\u00f3n de actividades de todos los \u00f3rganos de esta instituci\u00f3n comenzar\u00e1 a partir de las cero horas del 21 [&hellip;]<\/p>\n","protected":false},"author":1,"featured_media":83091,"comment_status":"open","ping_status":"open","sticky":false,"template":"","format":"standard","meta":{"site-sidebar-layout":"default","site-content-layout":"","ast-site-content-layout":"default","site-content-style":"default","site-sidebar-style":"default","ast-global-header-display":"","ast-banner-title-visibility":"","ast-main-header-display":"","ast-hfb-above-header-display":"","ast-hfb-below-header-display":"","ast-hfb-mobile-header-display":"","site-post-title":"","ast-breadcrumbs-content":"","ast-featured-img":"","footer-sml-layout":"","theme-transparent-header-meta":"","adv-header-id-meta":"","stick-header-meta":"","header-above-stick-meta":"","header-main-stick-meta":"","header-below-stick-meta":"","astra-migrate-meta-layouts":"default","ast-page-background-enabled":"default","ast-page-background-meta":{"desktop":{"background-color":"var(--ast-global-color-4)","background-image":"","background-repeat":"repeat","background-position":"center center","background-size":"auto","background-attachment":"scroll","background-type":"","background-media":"","overlay-type":"","overlay-color":"","overlay-opacity":"","overlay-gradient":""},"tablet":{"background-color":"","background-image":"","background-repeat":"repeat","background-position":"center center","background-size":"auto","background-attachment":"scroll","background-type":"","background-media":"","overlay-type":"","overlay-color":"","overlay-opacity":"","overlay-gradient":""},"mobile":{"background-color":"","background-image":"","background-repeat":"repeat","background-position":"center center","background-size":"auto","background-attachment":"scroll","background-type":"","background-media":"","overlay-type":"","overlay-color":"","overlay-opacity":"","overlay-gradient":""}},"ast-content-background-meta":{"desktop":{"background-color":"var(--ast-global-color-5)","background-image":"","background-repeat":"repeat","background-position":"center center","background-size":"auto","background-attachment":"scroll","background-type":"","background-media":"","overlay-type":"","overlay-color":"","overlay-opacity":"","overlay-gradient":""},"tablet":{"background-color":"var(--ast-global-color-5)","background-image":"","background-repeat":"repeat","background-position":"center center","background-size":"auto","background-attachment":"scroll","background-type":"","background-media":"","overlay-type":"","overlay-color":"","overlay-opacity":"","overlay-gradient":""},"mobile":{"background-color":"var(--ast-global-color-5)","background-image":"","background-repeat":"repeat","background-position":"center center","background-size":"auto","background-attachment":"scroll","background-type":"","background-media":"","overlay-type":"","overlay-color":"","overlay-opacity":"","overlay-gradient":""}},"footnotes":""},"categories":[8],"tags":[29111],"class_list":["post-83056","post","type-post","status-publish","format-standard","has-post-thumbnail","hentry","category-noticias","tag-paro-poder-judicial"],"_links":{"self":[{"href":"https:\/\/losperiodistas.com.mx\/portal\/wp-json\/wp\/v2\/posts\/83056","targetHints":{"allow":["GET"]}}],"collection":[{"href":"https:\/\/losperiodistas.com.mx\/portal\/wp-json\/wp\/v2\/posts"}],"about":[{"href":"https:\/\/losperiodistas.com.mx\/portal\/wp-json\/wp\/v2\/types\/post"}],"author":[{"embeddable":true,"href":"https:\/\/losperiodistas.com.mx\/portal\/wp-json\/wp\/v2\/users\/1"}],"replies":[{"embeddable":true,"href":"https:\/\/losperiodistas.com.mx\/portal\/wp-json\/wp\/v2\/comments?post=83056"}],"version-history":[{"count":1,"href":"https:\/\/losperiodistas.com.mx\/portal\/wp-json\/wp\/v2\/posts\/83056\/revisions"}],"predecessor-version":[{"id":83092,"href":"https:\/\/losperiodistas.com.mx\/portal\/wp-json\/wp\/v2\/posts\/83056\/revisions\/83092"}],"wp:featuredmedia":[{"embeddable":true,"href":"https:\/\/losperiodistas.com.mx\/portal\/wp-json\/wp\/v2\/media\/83091"}],"wp:attachment":[{"href":"https:\/\/losperiodistas.com.mx\/portal\/wp-json\/wp\/v2\/media?parent=83056"}],"wp:term":[{"taxonomy":"category","embeddable":true,"href":"https:\/\/losperiodistas.com.mx\/portal\/wp-json\/wp\/v2\/categories?post=83056"},{"taxonomy":"post_tag","embeddable":true,"href":"https:\/\/losperiodistas.com.mx\/portal\/wp-json\/wp\/v2\/tags?post=83056"}],"curies":[{"name":"wp","href":"https:\/\/api.w.org\/{rel}","templated":true}]}}