{"id":83051,"date":"2024-08-20T11:30:08","date_gmt":"2024-08-20T16:30:08","guid":{"rendered":"https:\/\/losperiodistas.com.mx\/portal\/?p=83051"},"modified":"2024-08-20T11:30:10","modified_gmt":"2024-08-20T16:30:10","slug":"el-fraude-electoral-en-venezuela-agrieta-al-grupo-de-puebla-abc","status":"publish","type":"post","link":"https:\/\/losperiodistas.com.mx\/portal\/el-fraude-electoral-en-venezuela-agrieta-al-grupo-de-puebla-abc\/","title":{"rendered":"El fraude electoral en Venezuela agrieta al Grupo de Puebla | ABC"},"content":{"rendered":"\n<h2 class=\"wp-block-heading\">La represi\u00f3n por parte de Maduro y su enrocamiento en el poder erosionan la unidad de este colectivo de l\u00edderes de la izquierda latinoamericana<\/h2>\n\n\n\n<figure class=\"wp-block-image size-large\"><img fetchpriority=\"high\" decoding=\"async\" width=\"1024\" height=\"717\" src=\"https:\/\/losperiodistas.com.mx\/portal\/wp-content\/uploads\/2024\/08\/grupo-de-puebla-Rw2bBun133pWB5HgN8SuizM-1200x840@diario_abc-1024x717.webp\" alt=\"\" class=\"wp-image-83052\" srcset=\"https:\/\/losperiodistas.com.mx\/portal\/wp-content\/uploads\/2024\/08\/grupo-de-puebla-Rw2bBun133pWB5HgN8SuizM-1200x840@diario_abc-1024x717.webp 1024w, https:\/\/losperiodistas.com.mx\/portal\/wp-content\/uploads\/2024\/08\/grupo-de-puebla-Rw2bBun133pWB5HgN8SuizM-1200x840@diario_abc-300x210.webp 300w, https:\/\/losperiodistas.com.mx\/portal\/wp-content\/uploads\/2024\/08\/grupo-de-puebla-Rw2bBun133pWB5HgN8SuizM-1200x840@diario_abc-768x538.webp 768w, https:\/\/losperiodistas.com.mx\/portal\/wp-content\/uploads\/2024\/08\/grupo-de-puebla-Rw2bBun133pWB5HgN8SuizM-1200x840@diario_abc.webp 1200w\" sizes=\"(max-width: 1024px) 100vw, 1024px\" \/><figcaption>Los ex Presidentes Jos\u00e9 Luis Rodr\u00edguez Zapatero y Leonel Fern\u00e1ndez, y el coordinador del Grupo de Puebla Marco Enr\u00edquez-Ominami, en Caracas durante las elecciones\u00a0ABC<\/figcaption><\/figure>\n\n\n\n<p class=\"has-vivid-red-color has-text-color has-medium-font-size\"><strong>Milton Merlo \/ Corresponsal Ciudad de M\u00e9xico \/ ABC<\/strong><\/p>\n\n\n\n<p>El Grupo de Puebla, asociaci\u00f3n de dirigentes y expresidentes de centro\u2013izquierda en Iberoam\u00e9rica, vive sus d\u00edas m\u00e1s turbulentos. Por un lado, la&nbsp;<a href=\"https:\/\/www.abc.es\/internacional\/crisis-venezuela-pasa-factura-lula-irritado-maduro-20240816043603-nt.html\">crisis pol\u00edtica en Venezuela,<\/a>&nbsp;detonada por los resultados de las elecciones presidenciales del pasado 28 de julio y sobre los que este colectivo ha sido incapaz de fijar un posicionamiento, ni siquiera de criticar a Nicol\u00e1s Maduro, ante un proceso a todas luces fraudulento; por otro, la imputaci\u00f3n judicial contra el expresidente argentino&nbsp;<a href=\"https:\/\/www.abc.es\/internacional\/alberto-fernandez-abandona-presidencia-partido-justicialista-argentina-20240815025131-nt.html\">Alberto Fern\u00e1ndez por lesiones<\/a>&nbsp;graves, abuso de poder y amenazas a su expareja, Fabiola Y\u00e1\u00f1ez.<\/p>\n\n\n\n<p>Esta asociaci\u00f3n se gest\u00f3 en la ciudad mexicana de Puebla en julio del 2019. El momento era propicio, pues a la presidencia en M\u00e9xico de Andr\u00e9s Manuel L\u00f3pez Obrador, alcanzada en 2018, se sumaban las de Luis Arce en Bolivia y Alberto Fern\u00e1ndez en Argentina. Los tres pa\u00edses ven\u00edan de administraciones de centro\u2013derecha y buscaban desarrollar una plataforma regional de corte progresista. Al poco, se sumar\u00eda Luiz Inacio Lula Da Silva, quien m\u00e1s tarde derrotar\u00eda a Jair Bolsonaro en Brasil.<\/p>\n\n\n\n<p>La organizaci\u00f3n operativa del Grupo, sus foros, comunicados, giras y presentaciones, est\u00e1 en manos, desde sus inicios, del pol\u00edtico chileno Marco Enr\u00edquez-Ominami, eterno candidato presidencial, aunque siempre en posiciones marginales.<\/p>\n\n\n\n<h3 class=\"wp-block-heading\">Doctrina del &#8216;lawfare&#8217;<\/h3>\n\n\n\n<p>La organizaci\u00f3n alcanzar\u00eda un nivel m\u00e1s amplio con la llegada de Jos\u00e9 Luis Rodr\u00edguez Zapatero y el exjuez Baltazar Garz\u00f3n. Este \u00faltimo ser\u00eda crucial para instalar en el Grupo de Puebla, y como eje principal, la doctrina del &#8216;lawfare&#8217;, que viene a proponer una suerte de confluencia entre tribunales, medios de comunicaci\u00f3n y empresas que tendr\u00edan por finalidad perseguir a los gobiernos de centro-izquierda en Am\u00e9rica Latina y Espa\u00f1a. Una ret\u00f3rica que, adem\u00e1s, resultaba muy conveniente para los pol\u00edticos del Partido de los Trabajadores en Brasil y del peronismo en Argentina: Lula fue a prisi\u00f3n por el expediente del caso Lava Jato en 2018 y Cristina Fern\u00e1ndez de Kirchner, expresidenta de Argentina \u2013abandon\u00f3 el Gobierno en 2015\u2013, tiene causas judiciales abiertas por supuesta corrupci\u00f3n.Noticia Relacionada<\/p>\n\n\n\n<div class=\"wp-block-image\"><figure class=\"alignleft\"><a href=\"https:\/\/www.abc.es\/espana\/tension-grupo-puebla-silencio-zapatero-sobre-venezuela-20240806195730-nt.html#vca=modulo-rel-uno&amp;vso=abc&amp;vmc=noticias-rel&amp;vli=internacional\"><img decoding=\"async\" src=\"https:\/\/s1.abcstatics.com\/abc\/www\/multimedia\/espana\/2024\/08\/06\/maduro-zp-kn4G--366x256@diario_abc.jpg\" alt=\"Tensi\u00f3n en el Grupo de Puebla por el silencio de Zapatero sobre Venezuela\"\/><\/a><\/figure><\/div>\n\n\n\n<h3 class=\"wp-block-heading\"><a href=\"https:\/\/www.abc.es\/espana\/tension-grupo-puebla-silencio-zapatero-sobre-venezuela-20240806195730-nt.html#vca=modulo-rel-uno&amp;vso=abc&amp;vmc=noticias-rel&amp;vli=internacional\">Tensi\u00f3n en el Grupo de Puebla por el silencio de Zapatero sobre Venezuela<\/a><\/h3>\n\n\n\n<p>Milton Merlo | Corresponsal en M\u00e9xico<\/p>\n\n\n\n<p><\/p>\n\n\n\n<p><\/p>\n\n\n\n<p><\/p>\n\n\n\n<p>Fuentes de ese foro afirman que teme que denunciar el fraude beneficie a la oposici\u00f3n<\/p>\n\n\n\n<p>Precisamente, sobre el papel que est\u00e1 jugando Zapatero en la crisis pol\u00edtica de Venezuela \u2013fue uno de los invitados por el CNE chavista, junto a los exmandatarios Ernesto S\u00e1mper, de Colombia, y Leonel Fern\u00e1ndez, de Republica Dominicana, as\u00ed como el chileno Enr\u00edquez-Ominam\u2013 se ha abierto el primer frente interno para un colectivo que hasta hace poco parec\u00eda unido. La noche del pasado 28 de julio, el ex presidente del Gobierno de Espa\u00f1a y ex secretario general del PSOE no quiso firmar la declaraci\u00f3n de los observadores del Grupo de Puebla en las elecciones venezolana. El colombiano Ernesto S\u00e1mper y el dominicano Leonel Fern\u00e1ndez fueron los primeros en pedir que Nicol\u00e1s Maduro mostrara las actas que acreditar\u00edan una supuesta victoria de Nicol\u00e1s Maduro, con un 51,8% de los votos, sobre el candidato de la oposici\u00f3n, Edmundo Gonz\u00e1lez. Pero<a href=\"https:\/\/www.abc.es\/espana\/felipe-gonzalez-reprocha-zapatero-unico-grupo-puebla-20240806190543-nt.html\">&nbsp;Zapatero se resisti\u00f3 a sumarse<\/a>&nbsp;a esa petici\u00f3n y opt\u00f3 por guardar silencio frente al abismo al que se asomaba el pa\u00eds.<\/p>\n\n\n\n<h3 class=\"wp-block-heading\">Nervios y malestar<\/h3>\n\n\n\n<p>Integrantes del Grupo de Puebla, en declaraciones a ABC y bajo condici\u00f3n de anonimato, reconocen que el silencio respecto al manejo del chavismo de los resultados electorales ha generado malestar entre miembros de la agrupaci\u00f3n. Y lo que es m\u00e1s: Zapatero pidi\u00f3 a diversos miembros del Grupo que no tildaran de \u00abfraudulentos\u00bb los datos ofrecidos por el r\u00e9gimen la misma noche electoral porque eso implicaba legitimar a la oposici\u00f3n, liderada por Mar\u00eda Corina Machado. Genera gran nerviosismo, adem\u00e1s, el hecho de que la dictadura de Maduro haya endurecido a\u00fan m\u00e1s la represi\u00f3n, con m\u00e1s de una veintena de muertos y miles de detenidos.<\/p>\n\n\n\n<p>S\u00e1mper, consultado por ABC, se\u00f1ala que de momento el Grupo no realizar\u00e1 nuevos pronunciamientos, en espera de \u00ablos resultados de la mediaci\u00f3n de M\u00e9xico, Colombia y Brasil\u00bb. El expresidente dominicano Fern\u00e1ndez, por su parte, tambi\u00e9n declina emitir opini\u00f3n alguna de la crisis desatada por el chavismo. Desde su oficina, comentan a este peri\u00f3dico que prefiere guardar silencio para no ser atacado pol\u00edticamente desde su propio pa\u00eds.<\/p>\n\n\n\n<figure class=\"wp-block-pullquote\"><blockquote><p><strong><em>Ernesto Samper se\u00f1ala a ABC que guarda silencio, a la espera de \u00ablos resultados de la mediaci\u00f3n de M\u00e9xico, Colombia y Brasil\u00bb<\/em><\/strong><\/p><\/blockquote><\/figure>\n\n\n\n<p>Ernesto S\u00e1mper, seg\u00fan explican en el colectivo, lleg\u00f3 a Caracas, junto a Fern\u00e1ndez, Zapatero y Enr\u00edquez-Ominami, con un \u00e1nimo casi triunfal. Se reunieron con dirigentes opositores y confiaban en jugar, a trav\u00e9s de los nexos de Zapatero con el chavismo, un papel a favor del regreso de la democracia a Venezuela. Pero la madrugada de ese domingo se toparon con un pa\u00eds convulsionado despu\u00e9s de que el Consejo Nacional Electoral, en boca de su presidente, Elvis Amoroso, proclamara vencedor a Maduro sin pruebas.<\/p>\n\n\n\n<p>El chileno Enr\u00edquez-Ominami public\u00f3 el 29 de julio en redes sociales: \u00abHe sido prudente sobre la controversia por resultados de la elecci\u00f3n en Venezuela para colaborar con esfuerzos de gobiernos y organismos para contrastar resultados. El pueblo habl\u00f3. Se sabr\u00e1 su veredicto cuando se publiquen actas del CNE. As\u00ed se disipar\u00e1n las dudas y habr\u00e1 certezas\u00bb. Tras ese mensaje, ni una palabras. Lo que iba a ser un triunfo para el Grupo ha derivado en un silencio atronador.<\/p>\n\n\n\n<p>El coste pol\u00edtico a ciertos integrantes del colectivo bien por su silencio, bien&nbsp;<a href=\"https:\/\/www.abc.es\/espana\/voces-criticas-psoe-papel-zapatero-deberia-pedir-20240807041146-nt.html\">por su ausencia de cr\u00edticas a Maduro<\/a>, ya es evidente. Es el caso de Fern\u00e1ndez en Rep\u00fablica Dominicana, pero tambi\u00e9n de Lula en Brasil, donde en su propia coalici\u00f3n de Gobierno ya hay quienes tildan al presidente de Venezuela de dictador; la canciller mexicana Alicia B\u00e1rcena tambi\u00e9n es objeto de ataques pol\u00edticos internos.<\/p>\n\n\n\n<p>Pero no s\u00f3lo lo que pasa en Caracas preocupa, y mucho: tambi\u00e9n en Buenos Aires. La semana pasada se conocieron pruebas que confirmar\u00edan violencia de g\u00e9nero del expresidente Alberto Fern\u00e1ndez contra la ex primera dama Fabiola Y\u00e1\u00f1ez, quien present\u00f3 una denuncia. Asegura que el exmandatario le pegaba, incluso estando ella embarazada. Tambi\u00e9n, que cuando pidi\u00f3 ayuda al Ministerio de la Mujer, creado en el Gobierno de Fern\u00e1ndez, se la negaron.<\/p>\n\n\n\n<h3 class=\"wp-block-heading\">Un golpe duro<\/h3>\n\n\n\n<p>El Grupo de Puebla, en este caso, no ha tenido demasiado margen para la ambig\u00fcedad y ha suspendido al exmandatario argentino a toda velocidad. Pero el golpe ha sido duro: Fern\u00e1ndez es amigo personal de Enr\u00edquez-Ominami y ambos organizaron el inicio del Grupo. Incluso, siendo Fern\u00e1ndez presidente, el pol\u00edtico chileno lo acompa\u00f1aba en algunos viajes oficiales como su asesor.<\/p>\n\n\n\n<p>Alberto Fern\u00e1ndez, desde la atalaya de su mandato, dec\u00eda que \u00e9l \u00abterminar\u00eda con el patriarcado\u00bb. El esc\u00e1ndalo ya ha calado hondo en M\u00e9xico, donde el Grupo de Puebla ech\u00f3 a andar hace un lustro: la pr\u00f3xima presidenta del pa\u00eds, Claudia Sheinbaum, ha excluido a Fern\u00e1ndez a su toma de protesta el pr\u00f3ximo octubre.<\/p>\n\n\n\n<p>Fuente: <a href=\"https:\/\/www.abc.es\/internacional\/fraude-electoral-venezuela-agrieta-grupo-puebla-20240817040852-nt.html\">https:\/\/www.abc.es\/internacional\/fraude-electoral-venezuela-agrieta-grupo-puebla-20240817040852-nt.html<\/a><\/p>\n","protected":false},"excerpt":{"rendered":"<p>La represi\u00f3n por parte de Maduro y su enrocamiento en el poder erosionan la unidad de este colectivo de l\u00edderes [&hellip;]<\/p>\n","protected":false},"author":1,"featured_media":83052,"comment_status":"open","ping_status":"open","sticky":false,"template":"","format":"standard","meta":{"site-sidebar-layout":"default","site-content-layout":"","ast-site-content-layout":"default","site-content-style":"default","site-sidebar-style":"default","ast-global-header-display":"","ast-banner-title-visibility":"","ast-main-header-display":"","ast-hfb-above-header-display":"","ast-hfb-below-header-display":"","ast-hfb-mobile-header-display":"","site-post-title":"","ast-breadcrumbs-content":"","ast-featured-img":"","footer-sml-layout":"","theme-transparent-header-meta":"","adv-header-id-meta":"","stick-header-meta":"","header-above-stick-meta":"","header-main-stick-meta":"","header-below-stick-meta":"","astra-migrate-meta-layouts":"default","ast-page-background-enabled":"default","ast-page-background-meta":{"desktop":{"background-color":"var(--ast-global-color-4)","background-image":"","background-repeat":"repeat","background-position":"center center","background-size":"auto","background-attachment":"scroll","background-type":"","background-media":"","overlay-type":"","overlay-color":"","overlay-opacity":"","overlay-gradient":""},"tablet":{"background-color":"","background-image":"","background-repeat":"repeat","background-position":"center center","background-size":"auto","background-attachment":"scroll","background-type":"","background-media":"","overlay-type":"","overlay-color":"","overlay-opacity":"","overlay-gradient":""},"mobile":{"background-color":"","background-image":"","background-repeat":"repeat","background-position":"center center","background-size":"auto","background-attachment":"scroll","background-type":"","background-media":"","overlay-type":"","overlay-color":"","overlay-opacity":"","overlay-gradient":""}},"ast-content-background-meta":{"desktop":{"background-color":"var(--ast-global-color-5)","background-image":"","background-repeat":"repeat","background-position":"center center","background-size":"auto","background-attachment":"scroll","background-type":"","background-media":"","overlay-type":"","overlay-color":"","overlay-opacity":"","overlay-gradient":""},"tablet":{"background-color":"var(--ast-global-color-5)","background-image":"","background-repeat":"repeat","background-position":"center center","background-size":"auto","background-attachment":"scroll","background-type":"","background-media":"","overlay-type":"","overlay-color":"","overlay-opacity":"","overlay-gradient":""},"mobile":{"background-color":"var(--ast-global-color-5)","background-image":"","background-repeat":"repeat","background-position":"center center","background-size":"auto","background-attachment":"scroll","background-type":"","background-media":"","overlay-type":"","overlay-color":"","overlay-opacity":"","overlay-gradient":""}},"footnotes":""},"categories":[8],"tags":[2024,2023,29101],"class_list":["post-83051","post","type-post","status-publish","format-standard","has-post-thumbnail","hentry","category-noticias","tag-alberto-fernandez","tag-grupo-puebla","tag-rodriguez-zapatero"],"_links":{"self":[{"href":"https:\/\/losperiodistas.com.mx\/portal\/wp-json\/wp\/v2\/posts\/83051","targetHints":{"allow":["GET"]}}],"collection":[{"href":"https:\/\/losperiodistas.com.mx\/portal\/wp-json\/wp\/v2\/posts"}],"about":[{"href":"https:\/\/losperiodistas.com.mx\/portal\/wp-json\/wp\/v2\/types\/post"}],"author":[{"embeddable":true,"href":"https:\/\/losperiodistas.com.mx\/portal\/wp-json\/wp\/v2\/users\/1"}],"replies":[{"embeddable":true,"href":"https:\/\/losperiodistas.com.mx\/portal\/wp-json\/wp\/v2\/comments?post=83051"}],"version-history":[{"count":1,"href":"https:\/\/losperiodistas.com.mx\/portal\/wp-json\/wp\/v2\/posts\/83051\/revisions"}],"predecessor-version":[{"id":83053,"href":"https:\/\/losperiodistas.com.mx\/portal\/wp-json\/wp\/v2\/posts\/83051\/revisions\/83053"}],"wp:featuredmedia":[{"embeddable":true,"href":"https:\/\/losperiodistas.com.mx\/portal\/wp-json\/wp\/v2\/media\/83052"}],"wp:attachment":[{"href":"https:\/\/losperiodistas.com.mx\/portal\/wp-json\/wp\/v2\/media?parent=83051"}],"wp:term":[{"taxonomy":"category","embeddable":true,"href":"https:\/\/losperiodistas.com.mx\/portal\/wp-json\/wp\/v2\/categories?post=83051"},{"taxonomy":"post_tag","embeddable":true,"href":"https:\/\/losperiodistas.com.mx\/portal\/wp-json\/wp\/v2\/tags?post=83051"}],"curies":[{"name":"wp","href":"https:\/\/api.w.org\/{rel}","templated":true}]}}