{"id":8301,"date":"2021-05-24T06:52:14","date_gmt":"2021-05-24T11:52:14","guid":{"rendered":"http:\/\/losperiodistas.com.mx\/portal\/?p=8301"},"modified":"2021-05-24T06:52:15","modified_gmt":"2021-05-24T11:52:15","slug":"mexico-perdio-liderazgo-en-generacion-eolica-en-latam-gwec-el-economista","status":"publish","type":"post","link":"https:\/\/losperiodistas.com.mx\/portal\/mexico-perdio-liderazgo-en-generacion-eolica-en-latam-gwec-el-economista\/","title":{"rendered":"M\u00e9xico perdi\u00f3 liderazgo en generaci\u00f3n e\u00f3lica en Latam: GWEC | El Economista"},"content":{"rendered":"\n<p style=\"font-size:18px\"><em>De los 4,673 megawatts e\u00f3licos instalados en la regi\u00f3n, M\u00e9xico s\u00f3lo abon\u00f3 el 12.3%; lideran Brasil, Argentina y Chile.<\/em><\/p>\n\n\n\n<p><\/p>\n\n\n\n<figure class=\"wp-block-image size-large\"><img fetchpriority=\"high\" decoding=\"async\" width=\"1024\" height=\"581\" src=\"https:\/\/losperiodistas.com.mx\/portal\/wp-content\/uploads\/2021\/05\/Captura-de-Pantalla-2021-05-24-a-las-6.50.11-1024x581.jpg\" alt=\"\" class=\"wp-image-8302\" srcset=\"https:\/\/losperiodistas.com.mx\/portal\/wp-content\/uploads\/2021\/05\/Captura-de-Pantalla-2021-05-24-a-las-6.50.11-1024x581.jpg 1024w, https:\/\/losperiodistas.com.mx\/portal\/wp-content\/uploads\/2021\/05\/Captura-de-Pantalla-2021-05-24-a-las-6.50.11-300x170.jpg 300w, https:\/\/losperiodistas.com.mx\/portal\/wp-content\/uploads\/2021\/05\/Captura-de-Pantalla-2021-05-24-a-las-6.50.11-768x436.jpg 768w, https:\/\/losperiodistas.com.mx\/portal\/wp-content\/uploads\/2021\/05\/Captura-de-Pantalla-2021-05-24-a-las-6.50.11.jpg 1516w\" sizes=\"(max-width: 1024px) 100vw, 1024px\" \/><\/figure>\n\n\n\n<p><\/p>\n\n\n\n<p class=\"has-vivid-cyan-blue-color has-text-color has-medium-font-size\">KAROL GARC\u00cdA \/ EL ECONOMISTA<\/p>\n\n\n\n<p>El presidente del Global Wind Energy Council (GWEC) para Latinoam\u00e9rica, Ram\u00f3n Fiestas, explic\u00f3 a El Economista que el a\u00f1o pasado M\u00e9xico cay\u00f3 del segundo al cuarto lugar en nueva infraestructura de generaci\u00f3n de electricidad e\u00f3lica, luego de los cambios que la presente administraci\u00f3n ha planteado para modificar el marco legal y que se encuentran en an\u00e1lisis en el poder judicial.<\/p>\n\n\n\n<p>Y es que en el 2020 se instalaron 4,673 megawatts e\u00f3licos en Am\u00e9rica Latina, de los cuales, 49.5% correspondi\u00f3 a Brasil; 21.7% a Argentina; 14.6% a Chile, y M\u00e9xico s\u00f3lo abon\u00f3 con 12.3% de est\u00e1 infraestructura, cuando desde hace seis a\u00f1os nuestro pa\u00eds aportaba por lo menos 25% de la nueva capacidad, siempre detr\u00e1s del primer lugar que ha sido Brasil con un promedio de 50% anual.<\/p>\n\n\n\n<p>\u00abVemos un entorno que nos resulta adverso porque la voluntad pol\u00edtica ha cambiado completamente para admitir la energ\u00eda e\u00f3lica y la transici\u00f3n energ\u00e9tica\u00bb, dijo el experto del organismo internacional.<\/p>\n\n\n\n<p>En Brasil, que es el mayor productor de energ\u00eda e\u00f3lica en la regi\u00f3n, se instalaron 2,290 megawatts en 2020, a pesar de que fue un a\u00f1o complejo para el pa\u00eds sudamericano debido a la contingencia sanitaria. Con ello, Brasil cuenta con m\u00e1s de 16,000 megawatts instalados mediante esta tecnolog\u00eda, el doble de lo que se ha colocado en M\u00e9xico y la quinta parte de la capacidad en Estados Unidos.<\/p>\n\n\n\n<p>Tambi\u00e9n a pesar de la complejidad del entorno econ\u00f3mico tanto por cambios pol\u00edticos como por la crisis del Covid-19, la administraci\u00f3n de Argentina junto con el empresariado fue ejemplo de la necesidad de migrar a una matriz de generaci\u00f3n no s\u00f3lo m\u00e1s amigable con el medio ambiente, sino m\u00e1s eficiente en t\u00e9rminos de rentabilidad, con lo que el a\u00f1o pasado ese pa\u00eds rompi\u00f3 un r\u00e9cord de instalaciones e\u00f3licas sumando 1,000 megawatts a su canasta, que lleg\u00f3 a 2,700 megawatts instalados, con lo que el pa\u00eds es el 27 productor de est\u00e1 energ\u00eda en el mundo.<\/p>\n\n\n\n<p>En tanto, Chile registr\u00f3 la entrada en operaci\u00f3n de 680 megawatts de nueva capacidad e\u00f3lica, con un aumento de m\u00e1s de 40% en su capacidad de est\u00e1 tecnolog\u00eda, que es de casi 2,500 megawatts instalados y en momentos de fuertes vientos ha logrado generar en 9% de la energ\u00eda que se consume en el pa\u00eds andino.<\/p>\n\n\n\n<p>En tanto, de un ritmo de m\u00e1s de 1,000 megawatts nuevos cada a\u00f1o desde hace cinco a\u00f1os, el a\u00f1o pasado se instalaron 575 megawatts en M\u00e9xico. Esto fue menos del 13% de la nueva capacidad que inici\u00f3 operaciones en la regi\u00f3n en 2020 y correspondi\u00f3 casi en su totalidad a los proyectos ya contratados de las subastas de largo plazo que la Comisi\u00f3n Federal de Electricidad (CFE) realiz\u00f3 en la administraci\u00f3n pasada para ampliar la capacidad de generaci\u00f3n mediante energ\u00eda renovable para el suministro b\u00e1sico que adquiere de privados.<\/p>\n\n\n\n<p>Sin embargo, desde el primer trimestre del a\u00f1o pasado se public\u00f3 primero un acuerdo de confiabilidad del sistema el\u00e9ctrico en que el Centro Nacional de Control de Energ\u00eda plante\u00f3 suspender nuevas conexiones renovables por su intermitencia durante la pandemia; despu\u00e9s una pol\u00edtica integral sectorial de la Secretar\u00eda de Energ\u00eda para ponderar a menor precio la energ\u00eda renovable de privados, y finalmente una reforma a la Ley de la Industria El\u00e9ctrica que pon\u00eda en \u00faltimo lugar al despacho de las renovables, despu\u00e9s de la hidroel\u00e9ctrica, la generaci\u00f3n de la CFE. Los dos primeros ordenamientos ya fueron suspendidos mediante amparos y una controversia constitucional en qu\u00e9 la Corte fall\u00f3 a favor de la Comisi\u00f3n Federal de Competencia Econ\u00f3mica, y el tercero se encuentra en an\u00e1lisis del juez especializado en competencia econ\u00f3mica, aunque con una suspensi\u00f3n definitiva hasta la sentencia.<\/p>\n\n\n\n<p><a href=\"mailto:karol.garcia@eleconomista.mx\">karol.garcia@eleconomista.mx<\/a><\/p>\n\n\n\n<p>Fuente: https:\/\/www.eleconomista.com.mx\/empresas\/Mexico-perdio-liderazgo-en-generacion-eolica-en-Latam-GWEC-20210524-0029.html<\/p>\n","protected":false},"excerpt":{"rendered":"<p>De los 4,673 megawatts e\u00f3licos instalados en la regi\u00f3n, M\u00e9xico s\u00f3lo abon\u00f3 el 12.3%; lideran Brasil, Argentina y Chile. KAROL [&hellip;]<\/p>\n","protected":false},"author":1,"featured_media":8302,"comment_status":"open","ping_status":"open","sticky":false,"template":"","format":"standard","meta":{"site-sidebar-layout":"default","site-content-layout":"","ast-site-content-layout":"default","site-content-style":"default","site-sidebar-style":"default","ast-global-header-display":"","ast-banner-title-visibility":"","ast-main-header-display":"","ast-hfb-above-header-display":"","ast-hfb-below-header-display":"","ast-hfb-mobile-header-display":"","site-post-title":"","ast-breadcrumbs-content":"","ast-featured-img":"","footer-sml-layout":"","theme-transparent-header-meta":"","adv-header-id-meta":"","stick-header-meta":"","header-above-stick-meta":"","header-main-stick-meta":"","header-below-stick-meta":"","astra-migrate-meta-layouts":"default","ast-page-background-enabled":"default","ast-page-background-meta":{"desktop":{"background-color":"var(--ast-global-color-4)","background-image":"","background-repeat":"repeat","background-position":"center center","background-size":"auto","background-attachment":"scroll","background-type":"","background-media":"","overlay-type":"","overlay-color":"","overlay-opacity":"","overlay-gradient":""},"tablet":{"background-color":"","background-image":"","background-repeat":"repeat","background-position":"center center","background-size":"auto","background-attachment":"scroll","background-type":"","background-media":"","overlay-type":"","overlay-color":"","overlay-opacity":"","overlay-gradient":""},"mobile":{"background-color":"","background-image":"","background-repeat":"repeat","background-position":"center center","background-size":"auto","background-attachment":"scroll","background-type":"","background-media":"","overlay-type":"","overlay-color":"","overlay-opacity":"","overlay-gradient":""}},"ast-content-background-meta":{"desktop":{"background-color":"var(--ast-global-color-5)","background-image":"","background-repeat":"repeat","background-position":"center center","background-size":"auto","background-attachment":"scroll","background-type":"","background-media":"","overlay-type":"","overlay-color":"","overlay-opacity":"","overlay-gradient":""},"tablet":{"background-color":"var(--ast-global-color-5)","background-image":"","background-repeat":"repeat","background-position":"center center","background-size":"auto","background-attachment":"scroll","background-type":"","background-media":"","overlay-type":"","overlay-color":"","overlay-opacity":"","overlay-gradient":""},"mobile":{"background-color":"var(--ast-global-color-5)","background-image":"","background-repeat":"repeat","background-position":"center center","background-size":"auto","background-attachment":"scroll","background-type":"","background-media":"","overlay-type":"","overlay-color":"","overlay-opacity":"","overlay-gradient":""}},"footnotes":""},"categories":[8],"tags":[1644,1645],"class_list":["post-8301","post","type-post","status-publish","format-standard","has-post-thumbnail","hentry","category-noticias","tag-global-wind-energy-council","tag-mexico-4o-lugar-en-generacion-energia-eolica"],"_links":{"self":[{"href":"https:\/\/losperiodistas.com.mx\/portal\/wp-json\/wp\/v2\/posts\/8301","targetHints":{"allow":["GET"]}}],"collection":[{"href":"https:\/\/losperiodistas.com.mx\/portal\/wp-json\/wp\/v2\/posts"}],"about":[{"href":"https:\/\/losperiodistas.com.mx\/portal\/wp-json\/wp\/v2\/types\/post"}],"author":[{"embeddable":true,"href":"https:\/\/losperiodistas.com.mx\/portal\/wp-json\/wp\/v2\/users\/1"}],"replies":[{"embeddable":true,"href":"https:\/\/losperiodistas.com.mx\/portal\/wp-json\/wp\/v2\/comments?post=8301"}],"version-history":[{"count":1,"href":"https:\/\/losperiodistas.com.mx\/portal\/wp-json\/wp\/v2\/posts\/8301\/revisions"}],"predecessor-version":[{"id":8303,"href":"https:\/\/losperiodistas.com.mx\/portal\/wp-json\/wp\/v2\/posts\/8301\/revisions\/8303"}],"wp:featuredmedia":[{"embeddable":true,"href":"https:\/\/losperiodistas.com.mx\/portal\/wp-json\/wp\/v2\/media\/8302"}],"wp:attachment":[{"href":"https:\/\/losperiodistas.com.mx\/portal\/wp-json\/wp\/v2\/media?parent=8301"}],"wp:term":[{"taxonomy":"category","embeddable":true,"href":"https:\/\/losperiodistas.com.mx\/portal\/wp-json\/wp\/v2\/categories?post=8301"},{"taxonomy":"post_tag","embeddable":true,"href":"https:\/\/losperiodistas.com.mx\/portal\/wp-json\/wp\/v2\/tags?post=8301"}],"curies":[{"name":"wp","href":"https:\/\/api.w.org\/{rel}","templated":true}]}}