{"id":830,"date":"2020-11-03T19:05:55","date_gmt":"2020-11-04T01:05:55","guid":{"rendered":"http:\/\/losperiodistas.com.mx\/portal\/?p=830"},"modified":"2020-11-03T19:08:11","modified_gmt":"2020-11-04T01:08:11","slug":"el-colmo-se-gastaron-560-millones-en-uniformes-que-este-ano-no-se-necesitaban","status":"publish","type":"post","link":"https:\/\/losperiodistas.com.mx\/portal\/el-colmo-se-gastaron-560-millones-en-uniformes-que-este-ano-no-se-necesitaban\/","title":{"rendered":"\u00a1El colmo: se gastaron 560 millones en uniformes que este a\u00f1o no se necesitaban!"},"content":{"rendered":"\n<p style=\"font-size:26px\"><em>Por Fernando Manzanilla Prieto<\/em><\/p>\n\n\n\n<p>Hace unos d\u00edas nos enteramos de la preocupante deserci\u00f3n escolar en todo el pa\u00eds y que, en Puebla, al menos 100 mil alumnos abandonaron la escuela por no contar con las condiciones necesarias para tomar clases a distancia, espec\u00edficamente, una televisi\u00f3n digital o una computadora.<\/p>\n\n\n\n<p>Bueno, pues ahora nos enteramos que, al inicio de la pandemia, el gobierno del estado de Puebla decidi\u00f3 gastar 560 millones de pesos en la compra de uniformes escolares que nadie iba a necesitar este a\u00f1o ya que, como en el resto del planeta, la pandemia oblig\u00f3 a todos a impartir las clases \u00a1a distancia!<\/p>\n\n\n\n<p>Se supone que la responsabilidad de la autoridad es garantizar el acceso pleno a la educaci\u00f3n. Y si \u00e9sta se va a realizar bajo la modalidad a distancia, es su obligaci\u00f3n destinar los pocos recursos con los que cuenta a generar las condiciones necesarias para que nadie se quede sin acceso a clases remotas. Esos 560 millones que se gastaron en uniformes bien hubieran alcanzado para adquirir o rentar 100 mil computadoras con conexi\u00f3n a internet o para 100 mil televisores digitales; y tal vez ahora no estar\u00edamos hablando de 100 mil ni\u00f1as y ni\u00f1os poblanos que tuvieron que abandonar la escuela.<\/p>\n\n\n\n<p>Se podr\u00e1 argumentar que no se pierde nada si este a\u00f1o no se usan los uniformes adquiridos y que, seguramente, m\u00e1s adelante le quedar\u00e1n a alguien m\u00e1s y los podr\u00e1n usar en el siguiente ciclo escolar. El tema es que mientras son peras o son manzanas miles de madres y padres de familia viven momentos de angustia porque sus hijas e hijos no tienen los medios para recibir la educaci\u00f3n b\u00e1sica que necesitan para salir adelante.<\/p>\n\n\n\n<p>Como ya lo he dicho en otros espacios, era previsible que se presentara una alta deserci\u00f3n escolar. Pero tambi\u00e9n desde que se anunci\u00f3 el programa Aprende en Casa, advert\u00ed que, como sociedad, no pod\u00edamos permitir que una ni\u00f1a o ni\u00f1o se quedara sin educaci\u00f3n por no tener televisi\u00f3n digital.<\/p>\n\n\n\n<p>Si no queremos que esta crisis se profundice y se traduzca en mayor pobreza y desigualdad, es responsabilidad de la autoridad educativa reparar el error y hacer valer el derecho constitucional de que la educaci\u00f3n impartida por el Estado, adem\u00e1s de obligatoria, laica y gratuita, sea verdaderamente universal e inclusiva.<\/p>\n\n\n\n<p>Cuando en todo el mundo las autoridades sanitarias tomaban la decisi\u00f3n de no permitir clases presenciales, aqu\u00ed en Puebla se decid\u00eda comprar uniformes a pesar de la inminente emergencia sanitaria y la alta probabilidad de que se decidiera no impartir clases en las aulas, como de hecho ocurri\u00f3. Haber destinado 560 millones de pesos a un rubro que no era necesario, en medio de una pandemia, fue una muestra m\u00e1s de incompetencia y falta de visi\u00f3n de parte del equipo de gobierno.<\/p>\n\n\n\n<p>Creo que las madres y padres de familia de los 100 mil alumnos que tuvieron que abandonar la escuela se merecen una explicaci\u00f3n. Al igual que con el tema de las patrullas, muchos cuestionamos desde el principio esta decisi\u00f3n de pol\u00edtica p\u00fablica, a todas luces err\u00f3nea e insensible. Estamos hablando de la educaci\u00f3n y, por tanto, del futuro de 100 mil ni\u00f1as y ni\u00f1os poblanos. Y cuando se trata de la formaci\u00f3n y desarrollo de las nuevas generaciones, un a\u00f1o sin educaci\u00f3n puede tener efectos devastadores.<\/p>\n","protected":false},"excerpt":{"rendered":"<p>Por Fernando Manzanilla Prieto Hace unos d\u00edas nos enteramos de la preocupante deserci\u00f3n escolar en todo el pa\u00eds y que, [&hellip;]<\/p>\n","protected":false},"author":1,"featured_media":555,"comment_status":"open","ping_status":"open","sticky":false,"template":"","format":"standard","meta":{"site-sidebar-layout":"default","site-content-layout":"","ast-site-content-layout":"default","site-content-style":"default","site-sidebar-style":"default","ast-global-header-display":"","ast-banner-title-visibility":"","ast-main-header-display":"","ast-hfb-above-header-display":"","ast-hfb-below-header-display":"","ast-hfb-mobile-header-display":"","site-post-title":"","ast-breadcrumbs-content":"","ast-featured-img":"","footer-sml-layout":"","theme-transparent-header-meta":"","adv-header-id-meta":"","stick-header-meta":"","header-above-stick-meta":"","header-main-stick-meta":"","header-below-stick-meta":"","astra-migrate-meta-layouts":"default","ast-page-background-enabled":"default","ast-page-background-meta":{"desktop":{"background-color":"var(--ast-global-color-4)","background-image":"","background-repeat":"repeat","background-position":"center center","background-size":"auto","background-attachment":"scroll","background-type":"","background-media":"","overlay-type":"","overlay-color":"","overlay-opacity":"","overlay-gradient":""},"tablet":{"background-color":"","background-image":"","background-repeat":"repeat","background-position":"center center","background-size":"auto","background-attachment":"scroll","background-type":"","background-media":"","overlay-type":"","overlay-color":"","overlay-opacity":"","overlay-gradient":""},"mobile":{"background-color":"","background-image":"","background-repeat":"repeat","background-position":"center center","background-size":"auto","background-attachment":"scroll","background-type":"","background-media":"","overlay-type":"","overlay-color":"","overlay-opacity":"","overlay-gradient":""}},"ast-content-background-meta":{"desktop":{"background-color":"var(--ast-global-color-5)","background-image":"","background-repeat":"repeat","background-position":"center center","background-size":"auto","background-attachment":"scroll","background-type":"","background-media":"","overlay-type":"","overlay-color":"","overlay-opacity":"","overlay-gradient":""},"tablet":{"background-color":"var(--ast-global-color-5)","background-image":"","background-repeat":"repeat","background-position":"center center","background-size":"auto","background-attachment":"scroll","background-type":"","background-media":"","overlay-type":"","overlay-color":"","overlay-opacity":"","overlay-gradient":""},"mobile":{"background-color":"var(--ast-global-color-5)","background-image":"","background-repeat":"repeat","background-position":"center center","background-size":"auto","background-attachment":"scroll","background-type":"","background-media":"","overlay-type":"","overlay-color":"","overlay-opacity":"","overlay-gradient":""}},"footnotes":""},"categories":[24],"tags":[],"class_list":["post-830","post","type-post","status-publish","format-standard","has-post-thumbnail","hentry","category-fernando-manzanilla"],"_links":{"self":[{"href":"https:\/\/losperiodistas.com.mx\/portal\/wp-json\/wp\/v2\/posts\/830","targetHints":{"allow":["GET"]}}],"collection":[{"href":"https:\/\/losperiodistas.com.mx\/portal\/wp-json\/wp\/v2\/posts"}],"about":[{"href":"https:\/\/losperiodistas.com.mx\/portal\/wp-json\/wp\/v2\/types\/post"}],"author":[{"embeddable":true,"href":"https:\/\/losperiodistas.com.mx\/portal\/wp-json\/wp\/v2\/users\/1"}],"replies":[{"embeddable":true,"href":"https:\/\/losperiodistas.com.mx\/portal\/wp-json\/wp\/v2\/comments?post=830"}],"version-history":[{"count":1,"href":"https:\/\/losperiodistas.com.mx\/portal\/wp-json\/wp\/v2\/posts\/830\/revisions"}],"predecessor-version":[{"id":831,"href":"https:\/\/losperiodistas.com.mx\/portal\/wp-json\/wp\/v2\/posts\/830\/revisions\/831"}],"wp:featuredmedia":[{"embeddable":true,"href":"https:\/\/losperiodistas.com.mx\/portal\/wp-json\/wp\/v2\/media\/555"}],"wp:attachment":[{"href":"https:\/\/losperiodistas.com.mx\/portal\/wp-json\/wp\/v2\/media?parent=830"}],"wp:term":[{"taxonomy":"category","embeddable":true,"href":"https:\/\/losperiodistas.com.mx\/portal\/wp-json\/wp\/v2\/categories?post=830"},{"taxonomy":"post_tag","embeddable":true,"href":"https:\/\/losperiodistas.com.mx\/portal\/wp-json\/wp\/v2\/tags?post=830"}],"curies":[{"name":"wp","href":"https:\/\/api.w.org\/{rel}","templated":true}]}}