{"id":82545,"date":"2024-08-14T09:14:38","date_gmt":"2024-08-14T14:14:38","guid":{"rendered":"https:\/\/losperiodistas.com.mx\/portal\/?p=82545"},"modified":"2024-08-14T09:14:40","modified_gmt":"2024-08-14T14:14:40","slug":"suicidios-rompen-record-en-mexico-en-2023-hombres-son-los-mas-afectados-la-cadera-de-eva","status":"publish","type":"post","link":"https:\/\/losperiodistas.com.mx\/portal\/suicidios-rompen-record-en-mexico-en-2023-hombres-son-los-mas-afectados-la-cadera-de-eva\/","title":{"rendered":"Suicidios rompen r\u00e9cord en M\u00e9xico en 2023; hombres son los m\u00e1s afectados | La Cadera de Eva"},"content":{"rendered":"\n<h2 class=\"has-background has-medium-font-size wp-block-heading\" style=\"background-color:#d09dff\">2023 fue el a\u00f1o con m\u00e1s casos de suicidio en M\u00e9xico, reporta el INEGI. La presi\u00f3n por cumplir con los est\u00e1ndares tradicionales de masculinidad lleva a los hombres a la ansiedad, depresi\u00f3n y suicidio, se\u00f1alan expertos.<\/h2>\n\n\n\n<figure class=\"wp-block-image size-large\"><img fetchpriority=\"high\" decoding=\"async\" width=\"1024\" height=\"853\" src=\"https:\/\/losperiodistas.com.mx\/portal\/wp-content\/uploads\/2024\/08\/suicidios-1024x853.jpg\" alt=\"\" class=\"wp-image-82546\" srcset=\"https:\/\/losperiodistas.com.mx\/portal\/wp-content\/uploads\/2024\/08\/suicidios-1024x853.jpg 1024w, https:\/\/losperiodistas.com.mx\/portal\/wp-content\/uploads\/2024\/08\/suicidios-300x250.jpg 300w, https:\/\/losperiodistas.com.mx\/portal\/wp-content\/uploads\/2024\/08\/suicidios-768x640.jpg 768w, https:\/\/losperiodistas.com.mx\/portal\/wp-content\/uploads\/2024\/08\/suicidios.jpg 1260w\" sizes=\"(max-width: 1024px) 100vw, 1024px\" \/><\/figure>\n\n\n\n<p><\/p>\n\n\n\n<p class=\"has-vivid-red-color has-text-color has-medium-font-size\"><strong>SANDRA ROJAS \/ La Cadera de Eva<\/strong><\/p>\n\n\n\n<p>El\u00a0<strong><a href=\"http:\/\/lacaderadeeva.com\/actualidad\/colectivos-exigen-justicia-por-14-mujeres-que-murieron-en-cefereso-16\/10216\" target=\"_blank\" rel=\"noreferrer noopener\">suicidio<\/a><\/strong>\u00a0es una problem\u00e1tica que va creciendo como escalera en M\u00e9xico, durante 2023 se registraron 8 mil 837 incidentes, 598 m\u00e1s que en 2022. Pero no solo eso,\u00a0la tasa de suicidios por cada 100 mil habitantes se posicion\u00f3 en un hist\u00f3rico 6.8, manteniendo el incremento casi constante en los \u00faltimos 10 a\u00f1os. En 2013 la tasa fue de 5.9, de acuerdo con el reporte de Estad\u00edsticas de Defunciones Registradas (EDR) del INEGI.<\/p>\n\n\n\n<figure class=\"wp-block-image size-large\"><img decoding=\"async\" width=\"1020\" height=\"1024\" src=\"https:\/\/losperiodistas.com.mx\/portal\/wp-content\/uploads\/2024\/08\/Captura-de-pantalla-2024-08-14-a-las-8.09.20\u202fa.m.-1020x1024.png\" alt=\"\" class=\"wp-image-82547\" srcset=\"https:\/\/losperiodistas.com.mx\/portal\/wp-content\/uploads\/2024\/08\/Captura-de-pantalla-2024-08-14-a-las-8.09.20\u202fa.m.-1020x1024.png 1020w, https:\/\/losperiodistas.com.mx\/portal\/wp-content\/uploads\/2024\/08\/Captura-de-pantalla-2024-08-14-a-las-8.09.20\u202fa.m.-300x300.png 300w, https:\/\/losperiodistas.com.mx\/portal\/wp-content\/uploads\/2024\/08\/Captura-de-pantalla-2024-08-14-a-las-8.09.20\u202fa.m.-150x150.png 150w, https:\/\/losperiodistas.com.mx\/portal\/wp-content\/uploads\/2024\/08\/Captura-de-pantalla-2024-08-14-a-las-8.09.20\u202fa.m.-768x771.png 768w, https:\/\/losperiodistas.com.mx\/portal\/wp-content\/uploads\/2024\/08\/Captura-de-pantalla-2024-08-14-a-las-8.09.20\u202fa.m.-1531x1536.png 1531w, https:\/\/losperiodistas.com.mx\/portal\/wp-content\/uploads\/2024\/08\/Captura-de-pantalla-2024-08-14-a-las-8.09.20\u202fa.m..png 1682w\" sizes=\"(max-width: 1020px) 100vw, 1020px\" \/><\/figure>\n\n\n\n<p>Chihuahua es la entidad con la tasa no estandarizada m\u00e1s alta, por cada 100 mil habitantes, con 14.6 puntos; seguida por Yucat\u00e1n, con 14.4; y Aguascalientes, con 10.2. Los estados que presentaron las tasas m\u00e1s bajas fueron: Guerrero, con 2.0; Ciudad de M\u00e9xico, con 3.5 y Chiapas, con 4.3.<\/p>\n\n\n\n<figure class=\"wp-block-image size-large\"><img decoding=\"async\" width=\"1024\" height=\"932\" src=\"https:\/\/losperiodistas.com.mx\/portal\/wp-content\/uploads\/2024\/08\/Captura-de-pantalla-2024-08-14-a-las-8.11.43\u202fa.m.-1024x932.png\" alt=\"\" class=\"wp-image-82548\" srcset=\"https:\/\/losperiodistas.com.mx\/portal\/wp-content\/uploads\/2024\/08\/Captura-de-pantalla-2024-08-14-a-las-8.11.43\u202fa.m.-1024x932.png 1024w, https:\/\/losperiodistas.com.mx\/portal\/wp-content\/uploads\/2024\/08\/Captura-de-pantalla-2024-08-14-a-las-8.11.43\u202fa.m.-300x273.png 300w, https:\/\/losperiodistas.com.mx\/portal\/wp-content\/uploads\/2024\/08\/Captura-de-pantalla-2024-08-14-a-las-8.11.43\u202fa.m.-768x699.png 768w, https:\/\/losperiodistas.com.mx\/portal\/wp-content\/uploads\/2024\/08\/Captura-de-pantalla-2024-08-14-a-las-8.11.43\u202fa.m.-1536x1398.png 1536w, https:\/\/losperiodistas.com.mx\/portal\/wp-content\/uploads\/2024\/08\/Captura-de-pantalla-2024-08-14-a-las-8.11.43\u202fa.m.-396x360.png 396w, https:\/\/losperiodistas.com.mx\/portal\/wp-content\/uploads\/2024\/08\/Captura-de-pantalla-2024-08-14-a-las-8.11.43\u202fa.m..png 1686w\" sizes=\"(max-width: 1024px) 100vw, 1024px\" \/><\/figure>\n\n\n\n<p>Las principales causas que resultaron en un\u00a0<strong><a href=\"http:\/\/lacaderadeeva.com\/glosario-feminista\/que-es-un-suicidio-feminicida-\/10132\" target=\"_blank\" rel=\"noreferrer noopener\">suicidio<\/a><\/strong>\u00a0son: ahorcamiento, estrangulamiento o sofocaci\u00f3n, con 85.5 %, arma de fuego (5.5%), envenenamiento (5.2%) y arma blanca (1.4%).<\/p>\n\n\n\n<p>Los datos revelan que&nbsp;son los hombres quienes m\u00e1s se suicidan, representando el 81.1% de los casos, las mujeres el 18.9%.&nbsp;Los grupos de 15 a 24 a\u00f1os y de 25 a 34 concentraron el mayor porcentaje de suicidios, con 24.4 y 28.2 %, respectivamente.<\/p>\n\n\n\n<h2 class=\"wp-block-heading\"><strong>\u00bfPor qu\u00e9 se suicidan m\u00e1s los hombres?<\/strong><\/h2>\n\n\n\n<p>La presi\u00f3n para cumplir con los est\u00e1ndares tradicionales de masculinidad, dificultades en las relaciones interpersonales y una cultura de competencia y agresi\u00f3n fomentada por el machismo, son algunos de los factores que llevan a los hombres a la soledad, ansiedad,&nbsp;<strong>depresi\u00f3n<\/strong>&nbsp;y sucidio, se\u00f1ala en entrevista con La Cadera de Eva Ricardo Ayll\u00f3n, director de GENDES, una organizaci\u00f3n que promueve las relaciones igualitarias entre hombres y mujeres.<\/p>\n\n\n\n<blockquote class=\"wp-block-quote is-layout-flow wp-block-quote-is-layout-flow\"><p>\u00abSeguir estos mandatos tradicionales tiene impactos en nuestra salud f\u00edsica y emocional, hay una relaci\u00f3n con temas de&nbsp;<strong>depresi\u00f3n<\/strong>, suicidio, enfermedades como diabetes, infartos, derrame cerebral, es decir, se nos va la vida tambi\u00e9n al seguir ejerciendo esas formas machistas de ser hombres\u00bb (Ricardo Ayll\u00f3n, director de GENDES)<\/p><\/blockquote>\n\n\n\n<p>El desempleo, la p\u00e9rdida econ\u00f3mica, el diagn\u00f3stico de alguna enfermedad o cuando son abandonados por sus parejas, son situaciones que les afectan mucho a los hombres, pues la mayor\u00eda de ellos no cuentan con una red de apoyo.<\/p>\n\n\n\n<blockquote class=\"wp-block-quote is-layout-flow wp-block-quote-is-layout-flow\"><p>\u00abHablamos de hombres que a lo largo del tiempo se van quedando solos porque han ejercido violencia\u00bb (Ricardo Ayll\u00f3n, director de GENDES)<\/p><\/blockquote>\n\n\n\n<p>Ricardo Ayll\u00f3n explica que, la&nbsp;<strong>cultura patriarcal<\/strong>&nbsp;ha educado a los hombres para que sean \u201cfuertes\u201d y no expresen lo que est\u00e1n sintiendo. Esto no solo normaliza comportamientos violentos y el abuso de sustancias como el alcohol o drogas como una soluci\u00f3n a los problemas, ocasiona que empleen soluciones riesgosas que los orillan a terminar con su vida.<\/p>\n\n\n\n<h4 class=\"has-cyan-bluish-gray-background-color has-background wp-block-heading\">TE PODR\u00cdA INTERESAR<\/h4>\n\n\n\n<p><a href=\"https:\/\/lacaderadeeva.com\/glosario-feminista\/todo-lo-que-debes-saber-sobre-masculinidad-toxica\/10819\">Glosario FeministaDel \u201cfuckboy\u201d al \u201cFifas\u201d: el glosario de las&nbsp;<strong>masculinidades<\/strong>&nbsp;t\u00f3xicasPor Sandra Rojas<\/a><\/p>\n\n\n\n<h2 class=\"wp-block-heading\"><strong>La&nbsp;depresi\u00f3n, una constante en M\u00e9xico<\/strong><\/h2>\n\n\n\n<p>La&nbsp;<strong><a href=\"http:\/\/lacaderadeeva.com\/entrevistas\/que-es-ser-una-persona-no-binaria-y-como-viven-\/10539\" target=\"_blank\" rel=\"noreferrer noopener\"><strong>depresi\u00f3n<\/strong><\/a><\/strong>&nbsp;es uno de los padecimientos mentales m\u00e1s comunes entre la poblaci\u00f3n,&nbsp;en M\u00e9xico 3.6 millones de personas adultas la padecen, de ellas, 1% son casos severos, revela un estudio realizado en 2021 por los Servicios de Atenci\u00f3n Psiqui\u00e1trica (SAP) de la Secretar\u00eda de Salud.<\/p>\n\n\n\n<p>A pesar de esto muchas personas pueden pasar a\u00f1os sin tener un diagn\u00f3stico ni tratamiento. Este padecimiento implica un \u00e1nimo deprimido o la p\u00e9rdida del placer o el inter\u00e9s por actividades durante largos per\u00edodos de tiempo, de acuerdo con la Organizaci\u00f3n Mundial de la Salud (OMS).<\/p>\n\n\n\n<p>Del total de personas que dicen tener sentimientos de&nbsp;<strong>depresi\u00f3n<\/strong>&nbsp;o haberlos tenido en alg\u00fan momento cerca del 67% los experimenta algunas veces al a\u00f1o, un 23% dice tener estos sentimientos mensual o semanalmente.<strong>&nbsp;Y casi 10% de ellos lidia con estas sensaciones todos los d\u00edas de su vida.<\/strong><\/p>\n\n\n\n<p>Adem\u00e1s de la&nbsp;<strong>depresi\u00f3n<\/strong>, los trastornos de&nbsp;<strong>salud mental<\/strong>&nbsp;m\u00e1s frecuentes en M\u00e9xico son trastorno bipolar, esquizofrenia, trastornos de p\u00e1nico y trastorno obsesivo compulsivo. Una cuarta parte de las personas con estos padecimientos transitan hacia la severidad, frente a una brecha de atenci\u00f3n de cerca del 80%, de acuerdo con los Servicios de Atenci\u00f3n Psiqui\u00e1trica, de la Secretar\u00eda de Salud.<\/p>\n\n\n\n<p>\u00abAl considerar los datos del sistema de la Secretar\u00eda de Salud los servicios de&nbsp;<strong><a href=\"http:\/\/lacaderadeeva.com\/voces\/simone-biles-un-salto-por-la-salud-mental-\/10782\" target=\"_blank\" rel=\"noreferrer noopener\"><strong>salud mental<\/strong><\/a><\/strong>&nbsp;y adicciones solo representan el 2.7% de los centros de atenci\u00f3n primaria, el 4.8% de los consultorios y el 6.5% de las camas censables\u00bb, explica un informe del SAP.<\/p>\n\n\n\n<h2 class=\"wp-block-heading\"><strong>\u00bfD\u00f3nde pedir ayuda?<\/strong><\/h2>\n\n\n\n<p>Si tienes s\u00edntomas de&nbsp;<strong>depresi\u00f3n<\/strong>, estr\u00e9s, ansiedad o alg\u00fan otro padecimiento mental o buscas acompa\u00f1ar a alguien que est\u00e1 pasando por esto puedes contactar a estas instituciones:<\/p>\n\n\n\n<h3 class=\"wp-block-heading\">Consejo Nacional contra las Adicciones (CONADIC)<\/h3>\n\n\n\n<p>Atenci\u00f3n en riesgo de suicidio, consumo de sustancias, y violencia: 55 41 65 70 00<\/p>\n\n\n\n<p>L\u00ednea de la Vida: 80 09 11 20 00 \/ @LineaDe_LaVida<\/p>\n\n\n\n<h3 class=\"wp-block-heading\">Instituto Nacional de Psiquiatr\u00eda Ram\u00f3n de la Fuente Mu\u00f1iz de la Secretar\u00eda de Salud<\/h3>\n\n\n\n<p>Tel\u00e9fonos: 80 09 53 17 04 \/ 55 56 55 30 80<\/p>\n\n\n\n<h3 class=\"wp-block-heading\">Instituto Nacional de la Juventud (INJUVE)<\/h3>\n\n\n\n<p>L\u00ednea Joven: 55 56 58 11 11 \/ 55 53 41 74 88 \/ 55 57 95 20 54<\/p>\n\n\n\n<h3 class=\"wp-block-heading\">Direcci\u00f3n General de Atenci\u00f3n a la Salud (DGAS)<\/h3>\n\n\n\n<p>Servicio de ayuda en situaci\u00f3n de crisis: 55 56 22 01 27<\/p>\n\n\n\n<h3 class=\"wp-block-heading\">Consejo Ciudadano para la Seguridad y Justicia Ciudad M\u00e9xico<\/h3>\n\n\n\n<p>L\u00ednea DI S\u00cd a la vida<\/p>\n\n\n\n<p>Chat de confianza<\/p>\n\n\n\n<p>55 \u00b7 5533 \u00b7 5533<\/p>\n\n\n\n<figure class=\"wp-block-image\"><img decoding=\"async\" src=\"https:\/\/blob.lacaderadeeva.com\/images\/2024\/08\/13\/masculinidad.png\" alt=\"Imagen\"\/><\/figure>\n\n\n\n<p>Foto: Cuartoscuro<\/p>\n\n\n\n<p>Fuente: <a href=\"https:\/\/lacaderadeeva.com\/actualidad\/por-que-hay-mas-suicidios-en-mexico-de-hombres\/10880\">https:\/\/lacaderadeeva.com\/actualidad\/por-que-hay-mas-suicidios-en-mexico-de-hombres\/10880<\/a><\/p>\n","protected":false},"excerpt":{"rendered":"<p>2023 fue el a\u00f1o con m\u00e1s casos de suicidio en M\u00e9xico, reporta el INEGI. La presi\u00f3n por cumplir con los [&hellip;]<\/p>\n","protected":false},"author":1,"featured_media":82546,"comment_status":"open","ping_status":"open","sticky":false,"template":"","format":"standard","meta":{"site-sidebar-layout":"default","site-content-layout":"","ast-site-content-layout":"default","site-content-style":"default","site-sidebar-style":"default","ast-global-header-display":"","ast-banner-title-visibility":"","ast-main-header-display":"","ast-hfb-above-header-display":"","ast-hfb-below-header-display":"","ast-hfb-mobile-header-display":"","site-post-title":"","ast-breadcrumbs-content":"","ast-featured-img":"","footer-sml-layout":"","theme-transparent-header-meta":"","adv-header-id-meta":"","stick-header-meta":"","header-above-stick-meta":"","header-main-stick-meta":"","header-below-stick-meta":"","astra-migrate-meta-layouts":"default","ast-page-background-enabled":"default","ast-page-background-meta":{"desktop":{"background-color":"var(--ast-global-color-4)","background-image":"","background-repeat":"repeat","background-position":"center center","background-size":"auto","background-attachment":"scroll","background-type":"","background-media":"","overlay-type":"","overlay-color":"","overlay-opacity":"","overlay-gradient":""},"tablet":{"background-color":"","background-image":"","background-repeat":"repeat","background-position":"center center","background-size":"auto","background-attachment":"scroll","background-type":"","background-media":"","overlay-type":"","overlay-color":"","overlay-opacity":"","overlay-gradient":""},"mobile":{"background-color":"","background-image":"","background-repeat":"repeat","background-position":"center center","background-size":"auto","background-attachment":"scroll","background-type":"","background-media":"","overlay-type":"","overlay-color":"","overlay-opacity":"","overlay-gradient":""}},"ast-content-background-meta":{"desktop":{"background-color":"var(--ast-global-color-5)","background-image":"","background-repeat":"repeat","background-position":"center center","background-size":"auto","background-attachment":"scroll","background-type":"","background-media":"","overlay-type":"","overlay-color":"","overlay-opacity":"","overlay-gradient":""},"tablet":{"background-color":"var(--ast-global-color-5)","background-image":"","background-repeat":"repeat","background-position":"center center","background-size":"auto","background-attachment":"scroll","background-type":"","background-media":"","overlay-type":"","overlay-color":"","overlay-opacity":"","overlay-gradient":""},"mobile":{"background-color":"var(--ast-global-color-5)","background-image":"","background-repeat":"repeat","background-position":"center center","background-size":"auto","background-attachment":"scroll","background-type":"","background-media":"","overlay-type":"","overlay-color":"","overlay-opacity":"","overlay-gradient":""}},"footnotes":""},"categories":[8],"tags":[28860,28859,9011],"class_list":["post-82545","post","type-post","status-publish","format-standard","has-post-thumbnail","hentry","category-noticias","tag-estandares-de-masculinidad","tag-hombres-quienes-mas-se-suicidan","tag-suicidios-mexico"],"_links":{"self":[{"href":"https:\/\/losperiodistas.com.mx\/portal\/wp-json\/wp\/v2\/posts\/82545","targetHints":{"allow":["GET"]}}],"collection":[{"href":"https:\/\/losperiodistas.com.mx\/portal\/wp-json\/wp\/v2\/posts"}],"about":[{"href":"https:\/\/losperiodistas.com.mx\/portal\/wp-json\/wp\/v2\/types\/post"}],"author":[{"embeddable":true,"href":"https:\/\/losperiodistas.com.mx\/portal\/wp-json\/wp\/v2\/users\/1"}],"replies":[{"embeddable":true,"href":"https:\/\/losperiodistas.com.mx\/portal\/wp-json\/wp\/v2\/comments?post=82545"}],"version-history":[{"count":1,"href":"https:\/\/losperiodistas.com.mx\/portal\/wp-json\/wp\/v2\/posts\/82545\/revisions"}],"predecessor-version":[{"id":82549,"href":"https:\/\/losperiodistas.com.mx\/portal\/wp-json\/wp\/v2\/posts\/82545\/revisions\/82549"}],"wp:featuredmedia":[{"embeddable":true,"href":"https:\/\/losperiodistas.com.mx\/portal\/wp-json\/wp\/v2\/media\/82546"}],"wp:attachment":[{"href":"https:\/\/losperiodistas.com.mx\/portal\/wp-json\/wp\/v2\/media?parent=82545"}],"wp:term":[{"taxonomy":"category","embeddable":true,"href":"https:\/\/losperiodistas.com.mx\/portal\/wp-json\/wp\/v2\/categories?post=82545"},{"taxonomy":"post_tag","embeddable":true,"href":"https:\/\/losperiodistas.com.mx\/portal\/wp-json\/wp\/v2\/tags?post=82545"}],"curies":[{"name":"wp","href":"https:\/\/api.w.org\/{rel}","templated":true}]}}