{"id":82533,"date":"2024-08-14T08:05:42","date_gmt":"2024-08-14T13:05:42","guid":{"rendered":"https:\/\/losperiodistas.com.mx\/portal\/?p=82533"},"modified":"2024-08-14T08:05:44","modified_gmt":"2024-08-14T13:05:44","slug":"dia-mundial-de-la-caligrafia-did","status":"publish","type":"post","link":"https:\/\/losperiodistas.com.mx\/portal\/dia-mundial-de-la-caligrafia-did\/","title":{"rendered":"D\u00eda Mundial de la Caligraf\u00eda | DID"},"content":{"rendered":"\n<div class=\"wp-block-image\"><figure class=\"alignright size-full is-resized\"><img fetchpriority=\"high\" decoding=\"async\" src=\"https:\/\/losperiodistas.com.mx\/portal\/wp-content\/uploads\/2024\/08\/08-10_dia-mundial-caligrafia.jpg\" alt=\"\" class=\"wp-image-82534\" width=\"458\" height=\"305\" srcset=\"https:\/\/losperiodistas.com.mx\/portal\/wp-content\/uploads\/2024\/08\/08-10_dia-mundial-caligrafia.jpg 305w, https:\/\/losperiodistas.com.mx\/portal\/wp-content\/uploads\/2024\/08\/08-10_dia-mundial-caligrafia-300x200.jpg 300w\" sizes=\"(max-width: 458px) 100vw, 458px\" \/><\/figure><\/div>\n\n\n\n<p><\/p>\n\n\n\n<p><\/p>\n\n\n\n<p class=\"has-vivid-red-color has-text-color has-medium-font-size\"><strong>REDACCI\u00d3N D\u00cdA INTERNACIONAL DE<\/strong><\/p>\n\n\n\n<p>El segundo mi\u00e9rcoles de agosto se rinde homenaje a la letra escrita a mano y al arte de la caligraf\u00eda. Se celebra el<strong>&nbsp;D\u00eda Mundial de la Caligraf\u00eda<\/strong>.<\/p>\n\n\n\n<h2 class=\"wp-block-heading\" id=\"resTit_1\">Origen del D\u00eda Mundial de la Caligraf\u00eda<\/h2>\n\n\n\n<p>Esta efem\u00e9ride se cre\u00f3 en el a\u00f1o 2017 por iniciativa de&nbsp;<strong>Manuscript Pen Company<\/strong>. Su objetivo es reunir a expertos y novatos de todo el mundo para debatir, practicar, aprender y celebrar el arte de la Caligraf\u00eda y las letras creativas.<\/p>\n\n\n\n<p>Con la celebraci\u00f3n de este d\u00eda se pretende destacar la relevancia de esta antigua t\u00e9cnica art\u00edstica de la escritura cursiva a mano, que a\u00fan prevalece en la era de la digitalizaci\u00f3n.<\/p>\n\n\n\n<h2 class=\"wp-block-heading\" id=\"resTit_2\">La caligraf\u00eda: un arte milenario<\/h2>\n\n\n\n<p>La caligraf\u00eda es considerada como el arte de escribir a mano letras, n\u00fameros y palabras, mediante diversos estilos. Su origen se remonta al a\u00f1o 200 a.C, en China.<\/p>\n\n\n\n<p>Diversos estudios e investigaciones han demostrado que el aprendizaje de las habilidades de escribir a mano benefician del desarrollo cognitivo y las habilidades motoras. Contribuye a potenciar la comprensi\u00f3n de lectura y estimula la creatividad.<\/p>\n\n\n\n<p>Algunos de los tipos de caligraf\u00eda son los siguientes:<\/p>\n\n\n\n<ul class=\"wp-block-list\"><li><strong>Caligraf\u00eda occidental:&nbsp;<\/strong>basada en el alfabeto grecorromano.<\/li><li><strong>Caligraf\u00eda \u00e1rabe:<\/strong>&nbsp;las letras se escriben de derecha a izquierda.<\/li><li><strong>Caligraf\u00eda china:<\/strong>&nbsp;utiliza diversos s\u00edmbolos.<\/li><li><strong>Caligraf\u00eda shodo o japonesa:<\/strong>&nbsp;se origin\u00f3 de la escritura china.<\/li><\/ul>\n\n\n\n<p>Como dato curioso e interesante la&nbsp;<strong>caligraf\u00eda \u00e1rabe&nbsp;<\/strong>ha sido declarada por la UNESCO como&nbsp;<em><strong>Patrimonio Inmaterial de la Humanidad<\/strong><\/em>.<\/p>\n\n\n\n<h2 class=\"wp-block-heading\" id=\"resTit_3\">\u00bfC\u00f3mo se celebra este d\u00eda?<\/h2>\n\n\n\n<p>En la celebraci\u00f3n de esta efem\u00e9ride se llevan a cabo seminarios y talleres sobre caligraf\u00eda dictados por profesionales y dirigidos al p\u00fablico en general, para practicar y aprender esta forma de arte.<\/p>\n\n\n\n<p>Comparte informaci\u00f3n \u00fatil e interesante sobre el\u00a0<strong>D\u00eda Mundial de la Caligraf\u00eda<\/strong>, en las redes sociales. Utiliza los hashtags\u00a0<em><strong>#WorldCalligraphyDay #caligraf\u00eda<\/strong><\/em><\/p>\n\n\n\n<p>Fuente: <a href=\"https:\/\/www.diainternacionalde.com\/ficha\/dia-mundial-caligrafia\">https:\/\/www.diainternacionalde.com\/ficha\/dia-mundial-caligrafia<\/a><\/p>\n","protected":false},"excerpt":{"rendered":"<p>REDACCI\u00d3N D\u00cdA INTERNACIONAL DE El segundo mi\u00e9rcoles de agosto se rinde homenaje a la letra escrita a mano y al [&hellip;]<\/p>\n","protected":false},"author":1,"featured_media":82534,"comment_status":"open","ping_status":"open","sticky":false,"template":"","format":"standard","meta":{"site-sidebar-layout":"default","site-content-layout":"","ast-site-content-layout":"default","site-content-style":"default","site-sidebar-style":"default","ast-global-header-display":"","ast-banner-title-visibility":"","ast-main-header-display":"","ast-hfb-above-header-display":"","ast-hfb-below-header-display":"","ast-hfb-mobile-header-display":"","site-post-title":"","ast-breadcrumbs-content":"","ast-featured-img":"","footer-sml-layout":"","theme-transparent-header-meta":"","adv-header-id-meta":"","stick-header-meta":"","header-above-stick-meta":"","header-main-stick-meta":"","header-below-stick-meta":"","astra-migrate-meta-layouts":"default","ast-page-background-enabled":"default","ast-page-background-meta":{"desktop":{"background-color":"var(--ast-global-color-4)","background-image":"","background-repeat":"repeat","background-position":"center center","background-size":"auto","background-attachment":"scroll","background-type":"","background-media":"","overlay-type":"","overlay-color":"","overlay-opacity":"","overlay-gradient":""},"tablet":{"background-color":"","background-image":"","background-repeat":"repeat","background-position":"center center","background-size":"auto","background-attachment":"scroll","background-type":"","background-media":"","overlay-type":"","overlay-color":"","overlay-opacity":"","overlay-gradient":""},"mobile":{"background-color":"","background-image":"","background-repeat":"repeat","background-position":"center center","background-size":"auto","background-attachment":"scroll","background-type":"","background-media":"","overlay-type":"","overlay-color":"","overlay-opacity":"","overlay-gradient":""}},"ast-content-background-meta":{"desktop":{"background-color":"var(--ast-global-color-5)","background-image":"","background-repeat":"repeat","background-position":"center center","background-size":"auto","background-attachment":"scroll","background-type":"","background-media":"","overlay-type":"","overlay-color":"","overlay-opacity":"","overlay-gradient":""},"tablet":{"background-color":"var(--ast-global-color-5)","background-image":"","background-repeat":"repeat","background-position":"center center","background-size":"auto","background-attachment":"scroll","background-type":"","background-media":"","overlay-type":"","overlay-color":"","overlay-opacity":"","overlay-gradient":""},"mobile":{"background-color":"var(--ast-global-color-5)","background-image":"","background-repeat":"repeat","background-position":"center center","background-size":"auto","background-attachment":"scroll","background-type":"","background-media":"","overlay-type":"","overlay-color":"","overlay-opacity":"","overlay-gradient":""}},"footnotes":""},"categories":[8],"tags":[28852,28851],"class_list":["post-82533","post","type-post","status-publish","format-standard","has-post-thumbnail","hentry","category-noticias","tag-worldcalligraphyday","tag-dia-mundial-de-la-caligrafia"],"_links":{"self":[{"href":"https:\/\/losperiodistas.com.mx\/portal\/wp-json\/wp\/v2\/posts\/82533","targetHints":{"allow":["GET"]}}],"collection":[{"href":"https:\/\/losperiodistas.com.mx\/portal\/wp-json\/wp\/v2\/posts"}],"about":[{"href":"https:\/\/losperiodistas.com.mx\/portal\/wp-json\/wp\/v2\/types\/post"}],"author":[{"embeddable":true,"href":"https:\/\/losperiodistas.com.mx\/portal\/wp-json\/wp\/v2\/users\/1"}],"replies":[{"embeddable":true,"href":"https:\/\/losperiodistas.com.mx\/portal\/wp-json\/wp\/v2\/comments?post=82533"}],"version-history":[{"count":1,"href":"https:\/\/losperiodistas.com.mx\/portal\/wp-json\/wp\/v2\/posts\/82533\/revisions"}],"predecessor-version":[{"id":82535,"href":"https:\/\/losperiodistas.com.mx\/portal\/wp-json\/wp\/v2\/posts\/82533\/revisions\/82535"}],"wp:featuredmedia":[{"embeddable":true,"href":"https:\/\/losperiodistas.com.mx\/portal\/wp-json\/wp\/v2\/media\/82534"}],"wp:attachment":[{"href":"https:\/\/losperiodistas.com.mx\/portal\/wp-json\/wp\/v2\/media?parent=82533"}],"wp:term":[{"taxonomy":"category","embeddable":true,"href":"https:\/\/losperiodistas.com.mx\/portal\/wp-json\/wp\/v2\/categories?post=82533"},{"taxonomy":"post_tag","embeddable":true,"href":"https:\/\/losperiodistas.com.mx\/portal\/wp-json\/wp\/v2\/tags?post=82533"}],"curies":[{"name":"wp","href":"https:\/\/api.w.org\/{rel}","templated":true}]}}