{"id":82530,"date":"2024-08-14T07:49:21","date_gmt":"2024-08-14T12:49:21","guid":{"rendered":"https:\/\/losperiodistas.com.mx\/portal\/?p=82530"},"modified":"2024-08-14T07:49:23","modified_gmt":"2024-08-14T12:49:23","slug":"avalan-prision-preventiva-oficiosa-para-factureras-el-economista","status":"publish","type":"post","link":"https:\/\/losperiodistas.com.mx\/portal\/avalan-prision-preventiva-oficiosa-para-factureras-el-economista\/","title":{"rendered":"Avalan prisi\u00f3n preventiva oficiosa para \u201cfactureras\u201d | El Economista"},"content":{"rendered":"\n<p class=\"has-medium-font-size\">Los cambios efectuados se dieron bajo el argumento de que el contexto delictivo en el pa\u00eds lo hace necesario, pero con la promesa de que en un futuro ser\u00e1 modificada.<\/p>\n\n\n\n<figure class=\"wp-block-image size-full\"><img fetchpriority=\"high\" decoding=\"async\" width=\"1000\" height=\"622\" src=\"https:\/\/losperiodistas.com.mx\/portal\/wp-content\/uploads\/2024\/08\/factureras.jpg\" alt=\"\" class=\"wp-image-82531\" srcset=\"https:\/\/losperiodistas.com.mx\/portal\/wp-content\/uploads\/2024\/08\/factureras.jpg 1000w, https:\/\/losperiodistas.com.mx\/portal\/wp-content\/uploads\/2024\/08\/factureras-300x187.jpg 300w, https:\/\/losperiodistas.com.mx\/portal\/wp-content\/uploads\/2024\/08\/factureras-768x478.jpg 768w\" sizes=\"(max-width: 1000px) 100vw, 1000px\" \/><figcaption>Durante la discusi\u00f3n, legisladores de diversas bancadas expusieron los pros y contras de los cambios a la Constituci\u00f3n. Foto: Especial<\/figcaption><\/figure>\n\n\n\n<p class=\"has-vivid-red-color has-text-color has-medium-font-size\"><strong>Maritza P\u00e9rez \/ El Economista<\/strong><\/p>\n\n\n\n<p>Sin el apoyo de la oposici\u00f3n, la Comisi\u00f3n de Puntos Constitucionales de la C\u00e1mara de Diputados aval\u00f3 otras dos reformas constitucional del llamado \u201cPlan C\u201d del presidente Andr\u00e9s Manuel L\u00f3pez Obrador; en esta ocasi\u00f3n se avanz\u00f3 para ampliar el cat\u00e1logo de delitos que merecen prisi\u00f3n preventiva oficiosa, adem\u00e1s de que se prohibi\u00f3 la venta y uso de vapeadores y la producci\u00f3n, distribuci\u00f3n y enajenaci\u00f3n de sustancias t\u00f3xicas como el fentanilo.<\/p>\n\n\n\n<p>Con 26 votos a favor, 14 en contra, la mayor\u00eda encabezada por Morena y sus aliados votaron por modificar el art\u00edculo 19 de la Constituci\u00f3n para ampliar el cat\u00e1logo de los delitos que ameritan prisi\u00f3n preventiva oficiosa, por lo que il\u00edcitos como la extorsi\u00f3n; narcomenudeo y producci\u00f3n, distribuci\u00f3n y enajenaci\u00f3n il\u00edcita de drogas sint\u00e9ticas, como el fentanilo; delitos de defraudaci\u00f3n fiscal y la emisi\u00f3n il\u00edcita de comprobantes para combatir a las llamadas \u201cfactureras\u201d, se encaminan a ser parte de esta medida cautelar.<\/p>\n\n\n\n<p>Cabe se\u00f1alar que desde hace m\u00e1s de un a\u00f1o, la Corte Interamericana de Derechos Humanos, declar\u00f3 que el Estado mexicano viola los derechos a la integridad personal, libertad personal, a las garant\u00edas judiciales y a la protecci\u00f3n judicial al aplicar medidas como el arraigo y la prisi\u00f3n preventiva oficiosa, por lo que llam\u00f3 a nuestro pa\u00eds a modificar los ordenamientos legales para eliminar dichas medidas cautelares.<\/p>\n\n\n\n<p>No obstante, las y los diputados de esta comisi\u00f3n no s\u00f3lo no eliminan esta medida, sino que la ampliaron bajo el argumento de que el contexto delictivo lo hace necesario, pero con la promesa de que en un futuro ser\u00e1 modificada.<\/p>\n\n\n\n<p>Asimismo, esta comisi\u00f3n aprob\u00f3 una reserva que se\u00f1ala que \u201cpara la interpretaci\u00f3n y aplicaci\u00f3n de las normas previstas en este p\u00e1rrafo, los \u00f3rganos del Estado deber\u00e1n atenerse a su literalidad, quedando prohibida cualquier interpretaci\u00f3n an\u00e1loga o extensiva que pretenda inaplicar, suspender, modificar o hacer nugatorios sus t\u00e9rminos o su vigencia, ya sea de manera total o parcial\u201d.<\/p>\n\n\n\n<p>Durante la discusi\u00f3n, el diputado Marco Antonio Mendoza Bustamante (PRI) record\u00f3 que datos oficiales indican que en 2023 hab\u00eda 38,000 personas encarceladas sin sentencia y se estima que 20% de los detenidos son inocentes.<\/p>\n\n\n\n<p>En tanto, el diputado Ismael Brito Mazariegos (Morena) sostuvo que en el pa\u00eds existe una extendida pr\u00e1ctica de evasi\u00f3n fiscal; por ello, dijo, es importante aprobar esta reforma porque con ello se va a impulsar el desarrollo y tapar \u201clos hoyos derivados de las lagunas en las leyes\u201d.<\/p>\n\n\n\n<p>Por su parte, el diputado \u00d3scar Cant\u00f3n Zetina (Morena) subray\u00f3 que la extorsi\u00f3n es una realidad y por m\u00e1s esfuerzos institucionales que se hagan, no se logra contener; adem\u00e1s, la delincuencia evoluciona y encuentra nuevas conductas y por ello se debe actuar con esta reforma que va en beneficio de la poblaci\u00f3n. Afirm\u00f3 que es bienvenido en todo momento el principio de defensa de los derechos humanos, pero no se debe olvidar la realidad que hay en la calle.<\/p>\n\n\n\n<h2 class=\"wp-block-heading\">Vapeadores y fentanilo<\/h2>\n\n\n\n<p>Por otro lado, con 34 votos a favor y dos en contra, la Comisi\u00f3n de Puntos Constitucionales tambi\u00e9n avanz\u00f3 por prohibir la producci\u00f3n y venta de vapeadores y cigarros electr\u00f3nicos, as\u00ed como la producci\u00f3n, distribuci\u00f3n y enajenaci\u00f3n de sustancias t\u00f3xicas, precursores qu\u00edmicos y drogas sint\u00e9ticas no autorizadas legalmente, como el uso il\u00edcito del fentanilo.<\/p>\n\n\n\n<p>Al reformar los art\u00edculos 4 y 5 de la Constituci\u00f3n en materia de protecci\u00f3n de la salud por uso de sustancias t\u00f3xicas, y a propuesta del presidente Andr\u00e9s Manuel L\u00f3pez Obrador, las y los diputados se posicionaron por prohibir la producci\u00f3n, distribuci\u00f3n y enajenaci\u00f3n de cigarrillos electr\u00f3nicos, vapeadores y dem\u00e1s sistemas o dispositivos electr\u00f3nicos an\u00e1logos.<\/p>\n\n\n\n<p>As\u00ed como la producci\u00f3n, distribuci\u00f3n y enajenaci\u00f3n de sustancias t\u00f3xicas, precursores qu\u00edmicos y drogas sint\u00e9ticas no autorizadas legalmente, como el uso il\u00edcito del fentanilo.<\/p>\n\n\n\n<p>Lo anterior, al argumentar que se debe garantizar el derecho de protecci\u00f3n a la salud de las personas, al tiempo que se ha disparado el uso de estos dispositivos electr\u00f3nicos para consumir nicotina en adolescentes.<\/p>\n\n\n\n<p>Pese a que la oposici\u00f3n reconoci\u00f3 los riesgos que implica el uso de estos dispositivos, criticaron que esta prohibici\u00f3n se haya plasmando a nivel constitucional, y no en leyes reglamentarias como se propuso en un inicio.<\/p>\n\n\n\n<p><a href=\"mailto:maritza.perez@eleconomista.mx\">maritza.perez@eleconomista.mx<\/a><\/p>\n\n\n\n<p>Fuente: <a href=\"https:\/\/www.eleconomista.com.mx\/politica\/Avalan-prision-preventiva-oficiosa-para-factureras-20240813-0163.html\">https:\/\/www.eleconomista.com.mx\/politica\/Avalan-prision-preventiva-oficiosa-para-factureras-20240813-0163.html<\/a><\/p>\n","protected":false},"excerpt":{"rendered":"<p>Los cambios efectuados se dieron bajo el argumento de que el contexto delictivo en el pa\u00eds lo hace necesario, pero [&hellip;]<\/p>\n","protected":false},"author":1,"featured_media":82531,"comment_status":"open","ping_status":"open","sticky":false,"template":"","format":"standard","meta":{"site-sidebar-layout":"default","site-content-layout":"","ast-site-content-layout":"default","site-content-style":"default","site-sidebar-style":"default","ast-global-header-display":"","ast-banner-title-visibility":"","ast-main-header-display":"","ast-hfb-above-header-display":"","ast-hfb-below-header-display":"","ast-hfb-mobile-header-display":"","site-post-title":"","ast-breadcrumbs-content":"","ast-featured-img":"","footer-sml-layout":"","theme-transparent-header-meta":"","adv-header-id-meta":"","stick-header-meta":"","header-above-stick-meta":"","header-main-stick-meta":"","header-below-stick-meta":"","astra-migrate-meta-layouts":"default","ast-page-background-enabled":"default","ast-page-background-meta":{"desktop":{"background-color":"var(--ast-global-color-4)","background-image":"","background-repeat":"repeat","background-position":"center center","background-size":"auto","background-attachment":"scroll","background-type":"","background-media":"","overlay-type":"","overlay-color":"","overlay-opacity":"","overlay-gradient":""},"tablet":{"background-color":"","background-image":"","background-repeat":"repeat","background-position":"center center","background-size":"auto","background-attachment":"scroll","background-type":"","background-media":"","overlay-type":"","overlay-color":"","overlay-opacity":"","overlay-gradient":""},"mobile":{"background-color":"","background-image":"","background-repeat":"repeat","background-position":"center center","background-size":"auto","background-attachment":"scroll","background-type":"","background-media":"","overlay-type":"","overlay-color":"","overlay-opacity":"","overlay-gradient":""}},"ast-content-background-meta":{"desktop":{"background-color":"var(--ast-global-color-5)","background-image":"","background-repeat":"repeat","background-position":"center center","background-size":"auto","background-attachment":"scroll","background-type":"","background-media":"","overlay-type":"","overlay-color":"","overlay-opacity":"","overlay-gradient":""},"tablet":{"background-color":"var(--ast-global-color-5)","background-image":"","background-repeat":"repeat","background-position":"center center","background-size":"auto","background-attachment":"scroll","background-type":"","background-media":"","overlay-type":"","overlay-color":"","overlay-opacity":"","overlay-gradient":""},"mobile":{"background-color":"var(--ast-global-color-5)","background-image":"","background-repeat":"repeat","background-position":"center center","background-size":"auto","background-attachment":"scroll","background-type":"","background-media":"","overlay-type":"","overlay-color":"","overlay-opacity":"","overlay-gradient":""}},"footnotes":""},"categories":[8],"tags":[28850,12326,13256],"class_list":["post-82530","post","type-post","status-publish","format-standard","has-post-thumbnail","hentry","category-noticias","tag-factureras","tag-prision-preventiva-oficiosa","tag-vapeadores"],"_links":{"self":[{"href":"https:\/\/losperiodistas.com.mx\/portal\/wp-json\/wp\/v2\/posts\/82530","targetHints":{"allow":["GET"]}}],"collection":[{"href":"https:\/\/losperiodistas.com.mx\/portal\/wp-json\/wp\/v2\/posts"}],"about":[{"href":"https:\/\/losperiodistas.com.mx\/portal\/wp-json\/wp\/v2\/types\/post"}],"author":[{"embeddable":true,"href":"https:\/\/losperiodistas.com.mx\/portal\/wp-json\/wp\/v2\/users\/1"}],"replies":[{"embeddable":true,"href":"https:\/\/losperiodistas.com.mx\/portal\/wp-json\/wp\/v2\/comments?post=82530"}],"version-history":[{"count":1,"href":"https:\/\/losperiodistas.com.mx\/portal\/wp-json\/wp\/v2\/posts\/82530\/revisions"}],"predecessor-version":[{"id":82532,"href":"https:\/\/losperiodistas.com.mx\/portal\/wp-json\/wp\/v2\/posts\/82530\/revisions\/82532"}],"wp:featuredmedia":[{"embeddable":true,"href":"https:\/\/losperiodistas.com.mx\/portal\/wp-json\/wp\/v2\/media\/82531"}],"wp:attachment":[{"href":"https:\/\/losperiodistas.com.mx\/portal\/wp-json\/wp\/v2\/media?parent=82530"}],"wp:term":[{"taxonomy":"category","embeddable":true,"href":"https:\/\/losperiodistas.com.mx\/portal\/wp-json\/wp\/v2\/categories?post=82530"},{"taxonomy":"post_tag","embeddable":true,"href":"https:\/\/losperiodistas.com.mx\/portal\/wp-json\/wp\/v2\/tags?post=82530"}],"curies":[{"name":"wp","href":"https:\/\/api.w.org\/{rel}","templated":true}]}}