{"id":82527,"date":"2024-08-14T07:14:40","date_gmt":"2024-08-14T12:14:40","guid":{"rendered":"https:\/\/losperiodistas.com.mx\/portal\/?p=82527"},"modified":"2024-08-14T07:14:42","modified_gmt":"2024-08-14T12:14:42","slug":"luchan-ambulantes-por-regresar-al-centro-para-vender-utiles-escolares-granaderos-se-lo-impiden-ljo","status":"publish","type":"post","link":"https:\/\/losperiodistas.com.mx\/portal\/luchan-ambulantes-por-regresar-al-centro-para-vender-utiles-escolares-granaderos-se-lo-impiden-ljo\/","title":{"rendered":"Luchan ambulantes por regresar al centro para vender \u00fatiles escolares; granaderos se lo impiden | LJO"},"content":{"rendered":"\n<p class=\"has-medium-font-size\">Tras reuni\u00f3n con la Segom, los comerciantes afirmaron que Jorge Cruz Lepe se niega a ceder<\/p>\n\n\n\n<figure class=\"wp-block-embed is-type-video is-provider-youtube wp-block-embed-youtube wp-embed-aspect-16-9 wp-has-aspect-ratio\"><div class=\"wp-block-embed__wrapper\">\n<iframe title=\"Tensi\u00f3n en Avenida 8 Pte por intento de ambulantes de instalarse para ventas; granaderos lo impiden\" width=\"500\" height=\"281\" src=\"https:\/\/www.youtube.com\/embed\/07P6Oze_75g?feature=oembed\" frameborder=\"0\" allow=\"accelerometer; autoplay; clipboard-write; encrypted-media; gyroscope; picture-in-picture; web-share\" referrerpolicy=\"strict-origin-when-cross-origin\" allowfullscreen><\/iframe>\n<\/div><\/figure>\n\n\n\n<p><\/p>\n\n\n\n<p class=\"has-vivid-red-color has-text-color has-medium-font-size\"><strong>EFRA\u00cdN N\u00da\u00d1EZ \/ LA JORNADA DE ORIENTE<\/strong><\/p>\n\n\n\n<p>Cientos de vendedores ambulantes intentaron instalarse este mi\u00e9rcoles en las avenidas 6, 8, 10 y 12 Oriente-Poniente para vender productos relacionados con el regreso a clases, por lo que desde la ma\u00f1ana \u201ctorearon\u201d a la autoridad municipal pero varios grupos de granaderos de la Polic\u00eda municipal se lo impidieron.<\/p>\n\n\n\n<p>Despu\u00e9s del mediod\u00eda los l\u00edderes de cuatro organizaciones, Mart\u00edn Ju\u00e1rez, de la agrupaci\u00f3n de la 11 de Noviembre; Carlos Ram\u00edrez, de la 6 Oriente, as\u00ed como las representantes de vendedores de la Avenida 5 de Mayo, mejor conocida como Berenice y de la 8 Poniente y 3 Norte, \u201cLola\u201d, exigieron al&nbsp;<a href=\"https:\/\/x.com\/PueblaAyto\" target=\"_blank\" rel=\"noreferrer noopener\">gobierno municipal<\/a>&nbsp;que les permita vender para llevar sustento a sus familias previo al inicio de clases.<\/p>\n\n\n\n<p>Desde la semana pasada los granaderos se apostaron sobre el corredor de la 5 de Mayo, en tanto que este martes cerraron el paso vehicular en la 6, 8, 10 y 12 Oriente-Poniente para\u00a0<a href=\"https:\/\/www.lajornadadeoriente.com.mx\/puebla\/puebla-tercera-entidad-con-mas-vendedores-ambulantes-de-comida-data-mexico\/\">evitar la instalaci\u00f3n de los vendedores<\/a>.<\/p>\n\n\n\n<p>Tras la conferencia de medios los comerciantes iniciaron el toreo, lo que provoc\u00f3 la movilizaci\u00f3n de decenas de polic\u00edas con toletes y escudos.<\/p>\n\n\n\n<figure class=\"wp-block-embed is-type-video is-provider-youtube wp-block-embed-youtube wp-embed-aspect-16-9 wp-has-aspect-ratio\"><div class=\"wp-block-embed__wrapper\">\n<iframe title=\"Asociaci\u00f3n de Vendedores ambulantes protesta ante negativa para instalarse en Centro Hist\u00f3rico\" width=\"500\" height=\"281\" src=\"https:\/\/www.youtube.com\/embed\/u31vnQE7u5A?feature=oembed\" frameborder=\"0\" allow=\"accelerometer; autoplay; clipboard-write; encrypted-media; gyroscope; picture-in-picture; web-share\" referrerpolicy=\"strict-origin-when-cross-origin\" allowfullscreen><\/iframe>\n<\/div><\/figure>\n\n\n\n<p><\/p>\n\n\n\n<p>Los comercios establecidos bajaron sus cortinas ante el miedo de un enfrentamiento entre polic\u00edas y vendedores, cuyo n\u00famero ya rondaba los 500.<\/p>\n\n\n\n<p>Algunos comerciantes informales lograron instalarse pero en seguida&nbsp;<a href=\"https:\/\/www.lajornadadeoriente.com.mx\/puebla\/ambulantes-que-torean-a-la-autoridad-centro-historico-dominguez\/\">los polic\u00edas llegaban para levantar sus puestos.&nbsp;<\/a><\/p>\n\n\n\n<p>En la esquina de la avenida 5 de Mayo y 12 de Oriente, los vendedores identificaron a una mujer a quien se\u00f1alaron como trabajadora de V\u00eda P\u00fablica, a la cual acusaron de quitarle su mercanc\u00eda y agredir a un ni\u00f1o.<\/p>\n\n\n\n<p>La mujer fue retenida pero la dejaron ir despu\u00e9s de unos minutos, en tanto que los l\u00edderes fueron llamados a dialogar con representantes de la&nbsp;<a href=\"https:\/\/x.com\/segom_puebla\" target=\"_blank\" rel=\"noreferrer noopener\">Secretar\u00eda de Gobernaci\u00f3n<\/a>&nbsp;(Segom).<\/p>\n\n\n\n<p>Un polic\u00eda cay\u00f3 mientras corr\u00eda sobre la Avenida 5 de Mayo, hechos por los cuales los comerciantes fueron se\u00f1alados de agredirlo, sin embargo Mart\u00edn Ju\u00e1rez afirm\u00f3 que el agente se tropez\u00f3, por lo que no se debe iniciar una carpeta de investigaci\u00f3n, ya que no hubo una intensi\u00f3n de golpear a nadie.<\/p>\n\n\n\n<p>El l\u00edder de ambulantes subray\u00f3 que tras casi dos horas de di\u00e1logo la dependencia les dej\u00f3 en claro que no va a ceder y si contin\u00faan con su intenci\u00f3n de instalarse les enviar\u00e1n m\u00e1s agentes de la Polic\u00eda municipal.<\/p>\n\n\n\n<p>Expuso que para los comerciantes es claro que la negativa se debe a un acuerdo con la pr\u00f3xima administraci\u00f3n de Jos\u00e9 Chedraui Budib para que al rendir protesta no los encuentre en las principales calles del Centro Hist\u00f3rico.<\/p>\n\n\n\n<p>\u201cLa Segom contin\u00faa en su cerraz\u00f3n, no se han dado cuenta de la necesidad del pueblo. Nos dicen que las indicaciones son del presidente municipal, dice el secretario -Jorge Cruz Lepe- que la soluci\u00f3n no est\u00e1 en sus manos y no puede hacer nada, que si insistimos en lo mismo van a traer m\u00e1s fuerza p\u00fablica para reprimirnos\u201d.<\/p>\n\n\n\n<p>Manifest\u00f3 que el gobierno municipal \u00fanicamente acept\u00f3 dialogar con \u00e9l y no se le permiti\u00f3 a los dem\u00e1s l\u00edderes ser parte de los acuerdos por razones que desconoce.<\/p>\n\n\n\n<p>\u201cEl di\u00e1logo va a continuar todav\u00eda ma\u00f1ana -hoy-. A lo mejor est\u00e1 trabajando para la pr\u00f3xima administraci\u00f3n, vemos que por ah\u00ed va la cosa pero nuestros compa\u00f1eros llevan varias semanas sin trabajar, as\u00ed no se puede subsistir. A pesar de las amenazas nos vamos a tener que instalar, no nos queda de otra\u201d, indic\u00f3.<\/p>\n\n\n\n<p>Fuente: <a href=\"https:\/\/www.lajornadadeoriente.com.mx\/puebla\/ambulantes-vender-utiles-escolares-granaderos-se-lo-impiden\/\">https:\/\/www.lajornadadeoriente.com.mx\/puebla\/ambulantes-vender-utiles-escolares-granaderos-se-lo-impiden\/<\/a><\/p>\n","protected":false},"excerpt":{"rendered":"<p>Tras reuni\u00f3n con la Segom, los comerciantes afirmaron que Jorge Cruz Lepe se niega a ceder EFRA\u00cdN N\u00da\u00d1EZ \/ LA [&hellip;]<\/p>\n","protected":false},"author":1,"featured_media":82528,"comment_status":"open","ping_status":"open","sticky":false,"template":"","format":"standard","meta":{"site-sidebar-layout":"default","site-content-layout":"","ast-site-content-layout":"default","site-content-style":"default","site-sidebar-style":"default","ast-global-header-display":"","ast-banner-title-visibility":"","ast-main-header-display":"","ast-hfb-above-header-display":"","ast-hfb-below-header-display":"","ast-hfb-mobile-header-display":"","site-post-title":"","ast-breadcrumbs-content":"","ast-featured-img":"","footer-sml-layout":"","theme-transparent-header-meta":"","adv-header-id-meta":"","stick-header-meta":"","header-above-stick-meta":"","header-main-stick-meta":"","header-below-stick-meta":"","astra-migrate-meta-layouts":"default","ast-page-background-enabled":"default","ast-page-background-meta":{"desktop":{"background-color":"var(--ast-global-color-4)","background-image":"","background-repeat":"repeat","background-position":"center center","background-size":"auto","background-attachment":"scroll","background-type":"","background-media":"","overlay-type":"","overlay-color":"","overlay-opacity":"","overlay-gradient":""},"tablet":{"background-color":"","background-image":"","background-repeat":"repeat","background-position":"center center","background-size":"auto","background-attachment":"scroll","background-type":"","background-media":"","overlay-type":"","overlay-color":"","overlay-opacity":"","overlay-gradient":""},"mobile":{"background-color":"","background-image":"","background-repeat":"repeat","background-position":"center center","background-size":"auto","background-attachment":"scroll","background-type":"","background-media":"","overlay-type":"","overlay-color":"","overlay-opacity":"","overlay-gradient":""}},"ast-content-background-meta":{"desktop":{"background-color":"var(--ast-global-color-5)","background-image":"","background-repeat":"repeat","background-position":"center center","background-size":"auto","background-attachment":"scroll","background-type":"","background-media":"","overlay-type":"","overlay-color":"","overlay-opacity":"","overlay-gradient":""},"tablet":{"background-color":"var(--ast-global-color-5)","background-image":"","background-repeat":"repeat","background-position":"center center","background-size":"auto","background-attachment":"scroll","background-type":"","background-media":"","overlay-type":"","overlay-color":"","overlay-opacity":"","overlay-gradient":""},"mobile":{"background-color":"var(--ast-global-color-5)","background-image":"","background-repeat":"repeat","background-position":"center center","background-size":"auto","background-attachment":"scroll","background-type":"","background-media":"","overlay-type":"","overlay-color":"","overlay-opacity":"","overlay-gradient":""}},"footnotes":""},"categories":[8],"tags":[4243,1928,28849],"class_list":["post-82527","post","type-post","status-publish","format-standard","has-post-thumbnail","hentry","category-noticias","tag-centro-historico","tag-puebla-capital","tag-vendedores-ambulantes"],"_links":{"self":[{"href":"https:\/\/losperiodistas.com.mx\/portal\/wp-json\/wp\/v2\/posts\/82527","targetHints":{"allow":["GET"]}}],"collection":[{"href":"https:\/\/losperiodistas.com.mx\/portal\/wp-json\/wp\/v2\/posts"}],"about":[{"href":"https:\/\/losperiodistas.com.mx\/portal\/wp-json\/wp\/v2\/types\/post"}],"author":[{"embeddable":true,"href":"https:\/\/losperiodistas.com.mx\/portal\/wp-json\/wp\/v2\/users\/1"}],"replies":[{"embeddable":true,"href":"https:\/\/losperiodistas.com.mx\/portal\/wp-json\/wp\/v2\/comments?post=82527"}],"version-history":[{"count":1,"href":"https:\/\/losperiodistas.com.mx\/portal\/wp-json\/wp\/v2\/posts\/82527\/revisions"}],"predecessor-version":[{"id":82529,"href":"https:\/\/losperiodistas.com.mx\/portal\/wp-json\/wp\/v2\/posts\/82527\/revisions\/82529"}],"wp:featuredmedia":[{"embeddable":true,"href":"https:\/\/losperiodistas.com.mx\/portal\/wp-json\/wp\/v2\/media\/82528"}],"wp:attachment":[{"href":"https:\/\/losperiodistas.com.mx\/portal\/wp-json\/wp\/v2\/media?parent=82527"}],"wp:term":[{"taxonomy":"category","embeddable":true,"href":"https:\/\/losperiodistas.com.mx\/portal\/wp-json\/wp\/v2\/categories?post=82527"},{"taxonomy":"post_tag","embeddable":true,"href":"https:\/\/losperiodistas.com.mx\/portal\/wp-json\/wp\/v2\/tags?post=82527"}],"curies":[{"name":"wp","href":"https:\/\/api.w.org\/{rel}","templated":true}]}}