{"id":8244,"date":"2021-05-22T08:07:22","date_gmt":"2021-05-22T13:07:22","guid":{"rendered":"http:\/\/losperiodistas.com.mx\/portal\/?p=8244"},"modified":"2021-05-22T08:07:22","modified_gmt":"2021-05-22T13:07:22","slug":"cuauhtemoc-cardenas-el-de-amlo-no-es-un-gobierno-de-izquierda-expansion","status":"publish","type":"post","link":"https:\/\/losperiodistas.com.mx\/portal\/cuauhtemoc-cardenas-el-de-amlo-no-es-un-gobierno-de-izquierda-expansion\/","title":{"rendered":"Cuauht\u00e9moc C\u00e1rdenas: \u00abEl de AMLO no es un gobierno de izquierda\u00bb | Expansi\u00f3n"},"content":{"rendered":"\n<p style=\"font-size:18px\"><em>El tres veces candidato a la Presidencia dict\u00f3 una conferencia en el Foro Jes\u00fas Silva-Herzog Flores, y plante\u00f3 que en dos a\u00f1os, 10 millones de mexicanos se sumaron a la condici\u00f3n de pobreza.<\/em><\/p>\n\n\n\n<p><\/p>\n\n\n\n<figure class=\"wp-block-image size-large\"><img fetchpriority=\"high\" decoding=\"async\" width=\"1024\" height=\"578\" src=\"https:\/\/losperiodistas.com.mx\/portal\/wp-content\/uploads\/2021\/05\/Captura-de-Pantalla-2021-05-22-a-las-8.03.29-1024x578.jpg\" alt=\"\" class=\"wp-image-8245\" srcset=\"https:\/\/losperiodistas.com.mx\/portal\/wp-content\/uploads\/2021\/05\/Captura-de-Pantalla-2021-05-22-a-las-8.03.29-1024x578.jpg 1024w, https:\/\/losperiodistas.com.mx\/portal\/wp-content\/uploads\/2021\/05\/Captura-de-Pantalla-2021-05-22-a-las-8.03.29-300x169.jpg 300w, https:\/\/losperiodistas.com.mx\/portal\/wp-content\/uploads\/2021\/05\/Captura-de-Pantalla-2021-05-22-a-las-8.03.29-768x434.jpg 768w, https:\/\/losperiodistas.com.mx\/portal\/wp-content\/uploads\/2021\/05\/Captura-de-Pantalla-2021-05-22-a-las-8.03.29.jpg 1162w\" sizes=\"(max-width: 1024px) 100vw, 1024px\" \/><figcaption>El hombre que en 1987 se separ\u00f3 del PRI para fundar el PRD y quien busc\u00f3 tres veces ser Presidente, no reconoce ning\u00fan logro del gobierno de AMLO.\u00a0(Especial)<\/figcaption><\/figure>\n\n\n\n<p><\/p>\n\n\n\n<p class=\"has-vivid-cyan-blue-color has-text-color has-medium-font-size\">CARINA GARC\u00cdA EXPANSI\u00d3N POLITICA<\/p>\n\n\n\n<p><\/p>\n\n\n\n<p>El ex candidato presidencial, Cuauht\u00e9moc C\u00e1rdenas, propuso un viraje en las pol\u00edticas del gobierno del presidente Andr\u00e9s Manuel L\u00f3pez Obrador en combate a la inseguridad p\u00fablica, conducci\u00f3n econ\u00f3mica y combate a la pobreza. \u201cDif\u00edcilmente dir\u00eda yo que tenemos un gobierno de izquierda, por m\u00e1s que se digan de izquierda\u201d, estableci\u00f3.<\/p>\n\n\n\n<p>En la conferencia \u201cEl futuro de la izquierda\u00bb en el Foro Jes\u00fas Silva-Herzog Flores, C\u00e1rdenas hizo un balance cr\u00edtico sobre la situaci\u00f3n del pa\u00eds, en el que inseguridad, desempleo y pobreza han aumentado y la pol\u00edtica de austeridad ha disminuido la calidad de la administraci\u00f3n.<\/p>\n\n\n\n<p>\u201cEst\u00e1 visto que la pol\u00edtica de encomendar estas tareas (de combate a la inseguridad) a las fuerzas armadas est\u00e1 muy lejos de haber dado resultados\u201d, por lo que pidi\u00f3 su retiro gradual.<\/p>\n\n\n\n<p>Propuso responsabilizar de esa labor a un cuerpo civil que se coordine con la autoridad civil y la sociedad. \u201cImagino un amplio y bien conducido programa para desplazar a la delincuencia del territorio, porci\u00f3n por porci\u00f3n, y municipio por municipio\u201d, expres\u00f3.<\/p>\n\n\n\n<p>Tampoco consider\u00f3 exitoso el programa econ\u00f3mico pues \u201csi no invierte el Estado (o) los particulares. Si no llega inversi\u00f3n del exterior; a la pura esperanza, la econom\u00eda no crece\u201d, aunque hubo una \u201cd\u00e9bil recuperaci\u00f3n este a\u00f1o\u201d, pero una ca\u00edda de 8 puntos en 2020.<\/p>\n\n\n\n<p>Adem\u00e1s \u201cse viene dando una cada vez m\u00e1s fuerte desigualdad social, la pobreza afecta a 62 millones, 49% de la poblaci\u00f3n total, 10 millones m\u00e1s que hace dos a\u00f1os\u201d; es decir, cuando comenz\u00f3 el actual gobierno de L\u00f3pez Obrador.<\/p>\n\n\n\n<p>Sin embargo, admiti\u00f3 \u201chay pol\u00edticas sociales que podr\u00edan enmarcarse en las izquierdas\u201d.<\/p>\n\n\n\n<p>En su exposici\u00f3n, C\u00e1rdenas plante\u00f3 \u201cun proyecto alternativo al proyecto alternativo\u201d del actual gobierno, subray\u00f3 Jes\u00fas Silva Herzog M\u00e1rquez, conductor del foro.<\/p>\n\n\n\n<p>En materia de petr\u00f3leo plante\u00f3 que gradualmente se debe abandonar su transformaci\u00f3n en combustibles, y que Pemex y la industria el\u00e9ctrica tengan autonom\u00eda financiera y de gesti\u00f3n efectivas.<\/p>\n\n\n\n<p>El tres veces candidato presidencial hizo \u00e9nfasis en que no aprecia en los partidos y candidatos que participan en el proceso electoral que haya propuestas. Por eso, incluso pidi\u00f3 volver al principio de no reelecci\u00f3n de los legisladores, pues qued\u00f3 en evidencia que se privilegi\u00f3 a las burocracias partidistas, \u201cparentescos y compadrazgos\u201d.<\/p>\n\n\n\n<p>Fuente: https:\/\/politica.expansion.mx\/mexico\/2021\/05\/20\/el-de-amlo-no-es-un-gobierno-de-izquierda-cuauhtemoc-cardenas<\/p>\n","protected":false},"excerpt":{"rendered":"<p>El tres veces candidato a la Presidencia dict\u00f3 una conferencia en el Foro Jes\u00fas Silva-Herzog Flores, y plante\u00f3 que en [&hellip;]<\/p>\n","protected":false},"author":1,"featured_media":8245,"comment_status":"open","ping_status":"open","sticky":false,"template":"","format":"standard","meta":{"site-sidebar-layout":"default","site-content-layout":"","ast-site-content-layout":"default","site-content-style":"default","site-sidebar-style":"default","ast-global-header-display":"","ast-banner-title-visibility":"","ast-main-header-display":"","ast-hfb-above-header-display":"","ast-hfb-below-header-display":"","ast-hfb-mobile-header-display":"","site-post-title":"","ast-breadcrumbs-content":"","ast-featured-img":"","footer-sml-layout":"","theme-transparent-header-meta":"","adv-header-id-meta":"","stick-header-meta":"","header-above-stick-meta":"","header-main-stick-meta":"","header-below-stick-meta":"","astra-migrate-meta-layouts":"default","ast-page-background-enabled":"default","ast-page-background-meta":{"desktop":{"background-color":"var(--ast-global-color-4)","background-image":"","background-repeat":"repeat","background-position":"center center","background-size":"auto","background-attachment":"scroll","background-type":"","background-media":"","overlay-type":"","overlay-color":"","overlay-opacity":"","overlay-gradient":""},"tablet":{"background-color":"","background-image":"","background-repeat":"repeat","background-position":"center center","background-size":"auto","background-attachment":"scroll","background-type":"","background-media":"","overlay-type":"","overlay-color":"","overlay-opacity":"","overlay-gradient":""},"mobile":{"background-color":"","background-image":"","background-repeat":"repeat","background-position":"center center","background-size":"auto","background-attachment":"scroll","background-type":"","background-media":"","overlay-type":"","overlay-color":"","overlay-opacity":"","overlay-gradient":""}},"ast-content-background-meta":{"desktop":{"background-color":"var(--ast-global-color-5)","background-image":"","background-repeat":"repeat","background-position":"center center","background-size":"auto","background-attachment":"scroll","background-type":"","background-media":"","overlay-type":"","overlay-color":"","overlay-opacity":"","overlay-gradient":""},"tablet":{"background-color":"var(--ast-global-color-5)","background-image":"","background-repeat":"repeat","background-position":"center center","background-size":"auto","background-attachment":"scroll","background-type":"","background-media":"","overlay-type":"","overlay-color":"","overlay-opacity":"","overlay-gradient":""},"mobile":{"background-color":"var(--ast-global-color-5)","background-image":"","background-repeat":"repeat","background-position":"center center","background-size":"auto","background-attachment":"scroll","background-type":"","background-media":"","overlay-type":"","overlay-color":"","overlay-opacity":"","overlay-gradient":""}},"footnotes":""},"categories":[8],"tags":[1618,1619,1620],"class_list":["post-8244","post","type-post","status-publish","format-standard","has-post-thumbnail","hentry","category-noticias","tag-amlo-dificilmente-es-de-izquierda","tag-cuauhtemoc-cardenas","tag-el-futuro-de-la-izquierda"],"_links":{"self":[{"href":"https:\/\/losperiodistas.com.mx\/portal\/wp-json\/wp\/v2\/posts\/8244","targetHints":{"allow":["GET"]}}],"collection":[{"href":"https:\/\/losperiodistas.com.mx\/portal\/wp-json\/wp\/v2\/posts"}],"about":[{"href":"https:\/\/losperiodistas.com.mx\/portal\/wp-json\/wp\/v2\/types\/post"}],"author":[{"embeddable":true,"href":"https:\/\/losperiodistas.com.mx\/portal\/wp-json\/wp\/v2\/users\/1"}],"replies":[{"embeddable":true,"href":"https:\/\/losperiodistas.com.mx\/portal\/wp-json\/wp\/v2\/comments?post=8244"}],"version-history":[{"count":1,"href":"https:\/\/losperiodistas.com.mx\/portal\/wp-json\/wp\/v2\/posts\/8244\/revisions"}],"predecessor-version":[{"id":8246,"href":"https:\/\/losperiodistas.com.mx\/portal\/wp-json\/wp\/v2\/posts\/8244\/revisions\/8246"}],"wp:featuredmedia":[{"embeddable":true,"href":"https:\/\/losperiodistas.com.mx\/portal\/wp-json\/wp\/v2\/media\/8245"}],"wp:attachment":[{"href":"https:\/\/losperiodistas.com.mx\/portal\/wp-json\/wp\/v2\/media?parent=8244"}],"wp:term":[{"taxonomy":"category","embeddable":true,"href":"https:\/\/losperiodistas.com.mx\/portal\/wp-json\/wp\/v2\/categories?post=8244"},{"taxonomy":"post_tag","embeddable":true,"href":"https:\/\/losperiodistas.com.mx\/portal\/wp-json\/wp\/v2\/tags?post=8244"}],"curies":[{"name":"wp","href":"https:\/\/api.w.org\/{rel}","templated":true}]}}