{"id":8241,"date":"2021-05-21T08:24:01","date_gmt":"2021-05-21T13:24:01","guid":{"rendered":"http:\/\/losperiodistas.com.mx\/portal\/?p=8241"},"modified":"2021-05-21T08:24:03","modified_gmt":"2021-05-21T13:24:03","slug":"economia-seguridad-y-soberania-los-frentes-que-tensan-la-relacion-con-ee-uu-ante-la-visita-de-kamala-harris-el-pais","status":"publish","type":"post","link":"https:\/\/losperiodistas.com.mx\/portal\/economia-seguridad-y-soberania-los-frentes-que-tensan-la-relacion-con-ee-uu-ante-la-visita-de-kamala-harris-el-pais\/","title":{"rendered":"Econom\u00eda, seguridad y soberan\u00eda: los frentes que tensan la relaci\u00f3n con EE UU ante la visita de Kamala Harris | El Pa\u00eds"},"content":{"rendered":"\n<p style=\"font-size:18px\"><em>Las fricciones entre M\u00e9xico y Washington se multiplican, de los pleitos comerciales a la lucha contra el narco, la migraci\u00f3n, la pol\u00edtica energ\u00e9tica y las acusaciones sobre injerencia<\/em><\/p>\n\n\n\n<p><\/p>\n\n\n\n<figure class=\"wp-block-image size-large\"><img fetchpriority=\"high\" decoding=\"async\" width=\"1024\" height=\"654\" src=\"https:\/\/losperiodistas.com.mx\/portal\/wp-content\/uploads\/2021\/05\/Captura-de-Pantalla-2021-05-21-a-las-8.21.17-1024x654.jpg\" alt=\"\" class=\"wp-image-8242\" srcset=\"https:\/\/losperiodistas.com.mx\/portal\/wp-content\/uploads\/2021\/05\/Captura-de-Pantalla-2021-05-21-a-las-8.21.17-1024x654.jpg 1024w, https:\/\/losperiodistas.com.mx\/portal\/wp-content\/uploads\/2021\/05\/Captura-de-Pantalla-2021-05-21-a-las-8.21.17-300x192.jpg 300w, https:\/\/losperiodistas.com.mx\/portal\/wp-content\/uploads\/2021\/05\/Captura-de-Pantalla-2021-05-21-a-las-8.21.17-768x491.jpg 768w, https:\/\/losperiodistas.com.mx\/portal\/wp-content\/uploads\/2021\/05\/Captura-de-Pantalla-2021-05-21-a-las-8.21.17.jpg 1290w\" sizes=\"(max-width: 1024px) 100vw, 1024px\" \/><figcaption>oe Biden, presidente de EE UU, junto a Antony Blinken, secretario de Estado, y Alejandro Mayorkas, secretario de Seguridad Nacional, durante una reuni\u00f3n virtual con el mandatario mexicano, Andr\u00e9s Manuel L\u00f3pez Obrador, en marzo pasado.KEVIN LAMARQUE \/ REUTERS<\/figcaption><\/figure>\n\n\n\n<p><\/p>\n\n\n\n<p class=\"has-vivid-cyan-blue-color has-text-color has-medium-font-size\">FRANCESCO MANETTO \/ EL PA\u00cdS<\/p>\n\n\n\n<p><\/p>\n\n\n\n<p>La relaci\u00f3n entre M\u00e9xico y Washington se enreda cuando faltan menos de tres semanas para la visita anunciada por la vicepresidenta de Estados Unidos, Kamala Harris. La \u00faltima estocada a la agenda bilateral ha sido un cambio cualitativo del tono empleado por Andr\u00e9s Manuel L\u00f3pez Obrador&nbsp;<a href=\"https:\/\/elpais.com\/mexico\/elecciones-mexicanas\/2021-05-19\/lopez-obrador-eleva-el-tono-con-ee-uu-por-apoyar-a-organizaciones-civiles-se-estan-tardando.html\">para exigir a la Administraci\u00f3n de Joe Biden que suspenda el supuesto respaldo econ\u00f3mico<\/a>&nbsp;a algunas organizaciones civiles. \u201cSe est\u00e1n tardando\u201d, ha instado el presidente en referencia al apoyo de la agencia de cooperaci\u00f3n USAID, un organismo independiente vinculado al Departamento de Estado, a ONG como Mexicanos contra la Corrupci\u00f3n y la Impunidad. Es el ejemplo m\u00e1s reciente de unas relaciones que, si el lenguaje de la diplomacia califica de \u201cinstitucionalizadas\u201d y \u201cfluidas\u201d, en realidad est\u00e1n minadas por m\u00faltiples tensiones.<\/p>\n\n\n\n<h3 class=\"wp-block-heading\">M\u00c1S INFORMACI\u00d3N<\/h3>\n\n\n\n<ul class=\"wp-block-list\"><li><a href=\"https:\/\/elpais.com\/mexico\/elecciones-mexicanas\/2021-05-19\/lopez-obrador-eleva-el-tono-con-ee-uu-por-apoyar-a-organizaciones-civiles-se-estan-tardando.html?rel=listapoyo\">L\u00f3pez Obrador eleva el tono con EE UU por apoyar a organizaciones civiles: \u201cSe est\u00e1n tardando\u201d<\/a><\/li><li><a href=\"https:\/\/elpais.com\/mexico\/2021-05-14\/los-conflictos-laborales-elevan-la-tension-entre-mexico-y-estados-unidos.html?rel=listapoyo\">T-MEC: aumenta la tensi\u00f3n con Estados Unidos por los abusos laborales en M\u00e9xico<\/a><\/li><li><a href=\"https:\/\/elpais.com\/mexico\/elecciones-mexicanas\/2021-05-18\/la-carrera-hacia-las-presidenciales-de-2024-sheinbaum-se-situa-como-favorita-y-gana-por-la-minima-a-ebrard.html?rel=listapoyo\">La carrera hacia las presidenciales de 2024: Sheinbaum se sit\u00faa como favorita y gana por la m\u00ednima a Ebrard<\/a><\/li><\/ul>\n\n\n\n<p>Harris viajar\u00e1 al pa\u00eds vecino y a Guatemala para abordar uno de los grandes retos del comienzo de la era Biden, la crisis migratoria de Centroam\u00e9rica. Pero la frontera solo es uno de los frentes abiertos con Washington.\u00a0<a href=\"https:\/\/elpais.com\/mexico\/2021-05-14\/los-conflictos-laborales-elevan-la-tension-entre-mexico-y-estados-unidos.html\">A esa crisis se a\u00f1aden fricciones comerciales,\u00a0<\/a>distintos criterios sobre la estrategia de la lucha contra el narcotr\u00e1fico y la pol\u00edtica de seguridad, las reformas econ\u00f3micas impulsadas por L\u00f3pez Obrador y que preocupan a los inversores, la cooperaci\u00f3n ante la pandemia de coronavirus y, ahora, las acusaciones de injerencia.<\/p>\n\n\n\n<p>El presidente fue uno de los \u00faltimos l\u00edderes en reconocer a Biden.<a href=\"https:\/\/elpais.com\/mexico\/2021-03-02\/lopez-obrador-exhibe-un-trato-entre-iguales-con-ee-uu-y-profundiza-su-apuesta-por-la-soberania.html\">&nbsp;Lo hizo casi 40 d\u00edas despu\u00e9s de la victoria del dem\u00f3crata, que su contrincante, Donald Trump<\/a>, trat\u00f3 de impugnar sin pruebas. La primera reuni\u00f3n entre ambos, celebrada de forma virtual a principios de marzo, se sald\u00f3 con un balance deliberadamente optimista por parte de M\u00e9xico, que resalt\u00f3 una relaci\u00f3n en pie de igualdad y reivindic\u00f3 el respeto a la soberan\u00eda nacional, uno de los mantras del Gobierno de la llamada Cuarta Transformaci\u00f3n. Sin embargo, esa sobreactuaci\u00f3n ha chocado con la realidad y ese supuesto trato igualitario est\u00e1 lleno de agujeros, tanto por el peso que tiene Washington en cada negociaci\u00f3n como por algunas decisiones de las autoridades mexicanas que contravienen a la agenda regional, sobre todo en materia econ\u00f3mica.<\/p>\n\n\n\n<p>L\u00f3pez Obrador logr\u00f3 una relaci\u00f3n funcional con Trump a pesar de las diferencias ideol\u00f3gicas y ahora hay una relaci\u00f3n institucionalizada, defienden fuentes de la Secretar\u00eda de Relaciones Exteriores . De facto, el mandatario mexicano se pleg\u00f3 a las amenazas de Estados Unidos, cumpliendo sus estrictas directrices migratorias para evitar una guerra arancelaria.&nbsp;<a href=\"https:\/\/elpais.com\/mexico\/2021-01-01\/mexico-busca-una-relacion-mas-favorable-a-sus-principios-con-la-llegada-de-biden.html\">El cambio de Administraci\u00f3n abri\u00f3 la puerta a buscar una relaci\u00f3n m\u00e1s acorde<\/a>&nbsp;con algunos valores del Ejecutivo de Morena, autondenominado de izquierdas. Pero m\u00e1s all\u00e1 del talante general de las comunicaciones, mucho menos explosivas que cuando el magnate republicano ocupaba la Casa Blanca, en los \u00faltimos meses se han dado varios encontronazos y las desavenencias han acabado aflorando.<\/p>\n\n\n\n<p>\u201cHay una diferencia entre lo que los dos gobiernos quisieran y la realidad sobre el terreno.\u00a0<a href=\"https:\/\/elpais.com\/mexico\/2021-03-27\/juan-gonzalez-no-tenemos-una-frontera-preparada-trump-desmantelo-nuestra-capacidad.html\">Tanto Biden como L\u00f3pez Obrador quisieran seguir con el mismo esquema\u00a0<\/a>de Trump\u201d, valora Jorge G. Casta\u00f1eda, secretario de Relaciones Exteriores entre 2000 y 2003, durante el Gobierno de Vicente Fox (PAN), hoy profesor en la Universidad de Nueva York. Seg\u00fan ese esquema, a grandes rasgos, M\u00e9xico le hac\u00eda el trabajo sucio a Estados Unidos, impidiendo por ejemplo la entrada de migrantes. Pero el Gobierno de Biden es distinto. Su Administraci\u00f3n incluy\u00f3 a sensibilidades progresistas importantes y en ella conviven sindicatos, activistas, grandes empresas y las agencias tradicionales como la DEA. Todos estos actores sostienen una agenda que tiene un efecto conjunto: \u201cNo le permiten a Biden hacer la vista gorda ante todo lo que ellos consideran sus agravios en M\u00e9xico\u201d.<\/p>\n\n\n\n<p>As\u00ed, de forma repentina, en tan solo dos d\u00edas, la semana pasada Estados Unidos registr\u00f3 dos requerimientos en el marco del acuerdo comercial con Estados Unidos y Canad\u00e1, el T-MEC.&nbsp;<a href=\"https:\/\/elpais.com\/mexico\/2021-05-14\/los-conflictos-laborales-elevan-la-tension-entre-mexico-y-estados-unidos.html\">Se trata de dos denuncias de corrupci\u00f3n sindical y violaciones de los derechos de los trabajadores<\/a>&nbsp;en los Estados de Guanajuato y Tamaulipas. Este tipo de quejas, record\u00f3 a EL PA\u00cdS Kenneth Smith, negociador jefe del tratado, pueden suponer sanciones en caso de que se determine una violaci\u00f3n por parte del pa\u00eds demandado. Una de ella fue presentada por la mayor central obrera estadounidense, la Federaci\u00f3n del Trabajo y Congreso de Organizaciones Industriales (AFL-CIO, por sus siglas en ingl\u00e9s). Y una antigua dirigente de ese sindicato, Thea Lee, es hoy la responsable designada por Biden para monitorear la aplicaci\u00f3n del tratado comercial. A eso se suman las inquietudes, planteadas abiertamente el lunes en una cita entre representantes comerciales de los tres pa\u00edses norteamericanos, que genera el paquete de reformas energ\u00e9ticas de L\u00f3pez Obrador. Un plan para fortalecer a empresas del Estado como Pemex o la Comisi\u00f3n Federal de Electricidad (CFE) frente a la iniciativa privada, que hoy est\u00e1 paralizado en los tribunales, pero que ya ha repercutido en el clima de inversi\u00f3n.<\/p>\n\n\n\n<p>La preocupaci\u00f3n es may\u00fascula en las empresas del sector, puesto que M\u00e9xico es el principal socio comercial de Estados Unidos, por delante de China. Detr\u00e1s de estas decisiones, sin embargo, hay un camino ideol\u00f3gico definido. El presidente mexicano defiende que la mejor pol\u00edtica exterior es la pol\u00edtica interna y, forzado por las circunstancias a una mayor actividad diplom\u00e1tica, siempre lo hace en clave local. La defensa de soberan\u00eda, una misi\u00f3n impl\u00edcita de cada Gobierno, no solo marca abiertamente su agenda legislativa, sino tambi\u00e9n su discurso y las relaciones internacionales. Es decir, es un instrumento para enfrentarse a sus adversarios y vivir en una campa\u00f1a permanente. \u201c<a href=\"https:\/\/elpais.com\/mexico\/2021-02-18\/lopez-obrador-aprovecha-la-crisis-electrica-para-redoblar-su-apuesta-por-la-soberania-energetica.html\">L\u00f3pez Obrador siempre est\u00e1 platicando de la soberan\u00eda<\/a>\u201d, recuerda Duncan Wood, vicepresidente del Wilson Center de Washington. En su opini\u00f3n, este puede ser un motivo de conflicto estructural entre los dos pa\u00edses. M\u00e9xico present\u00f3, por ejemplo, la semana pasada una queja por las condiciones de los trabajadores migrantes del sector agr\u00edcola en respuesta a los requerimientos de Estados Unidos. Y aunque la secretaria de Econom\u00eda,&nbsp;<a href=\"https:\/\/elpais.com\/mexico\/2020-12-07\/lopez-obrador-nombra-a-tatiana-clouthier-como-nueva-secretaria-de-economia.html\">Tatiana Clouthier<\/a>, califica de \u201cimpasse legal\u201d estos problemas, los atribuy\u00f3 al sector privado y no a las Administraciones p\u00fablicas.<\/p>\n\n\n\n<p>Pero los debates bilaterales van m\u00e1s all\u00e1 de la energ\u00eda, la inversi\u00f3n y el comercio y afectan a cuestiones esenciales como la seguridad. \u201cHay muchos frentes abiertos como el narcotr\u00e1fico, que no le interesaba mucho a Trump\u201d, contin\u00faa Casta\u00f1eda. Ahora han cambiado las tornas.<a href=\"https:\/\/elpais.com\/mexico\/2021-01-15\/la-fiscalia-exonera-al-general-salvador-cienfuegos-tras-su-vuelta-a-mexico.html\">&nbsp;La extradici\u00f3n del exsecretario de Defensa Salvador Cienfuegos,&nbsp;<\/a>detenido en Los \u00c1ngeles y acusado por la DEA de v\u00ednculo con el narcotr\u00e1fico, acab\u00f3 en agua de borrajas una vez la Fiscal\u00eda mexicana lo exonerara de todos los cargos. La decisi\u00f3n, que se remonta a enero, ya contribuy\u00f3 a tensar las relaciones.<\/p>\n\n\n\n<p>La semana pasada, Juan Gonz\u00e1lez, enviado de Biden para Latinoam\u00e9rica se reuni\u00f3 con el canciller mexicano, Marcelo Ebrard, para abordar una agenda que incluye \u201cdisminuir el tr\u00e1fico de armas y de narc\u00f3ticos, reducir la violencia que provoca el crimen organizado, atender las adicciones como un problema de salud p\u00fablica y atacar las finanzas de las organizaciones criminales que operan en los dos pa\u00edses\u201d.<\/p>\n\n\n\n<p>Fuentes de Canciller\u00eda reconocen que la estrategia adoptada en el pasado no funciona. \u201cEn el Gobierno de Pe\u00f1a Nieto detuvieron a los 120 capos m\u00e1s prominentes, entre los que cay\u00f3 El Chapo Guzm\u00e1n. La violencia no se detuvo, as\u00ed que no basta con eso\u201d, se\u00f1alan.&nbsp;<a href=\"https:\/\/elpais.com\/internacional\/2019\/10\/19\/actualidad\/1571506100_833972.html\">M\u00e9xico, aseguran, plantea ahora una concepci\u00f3n de la seguridad m\u00e1s amplia.&nbsp;<\/a>Gonz\u00e1lez calific\u00f3 el encuentro de \u201cproductiva reuni\u00f3n para construir visi\u00f3n com\u00fan y acciones conjuntas para la seguridad\u201d. El buen tono de la cita llegaba, sin embargo, precedido de unas duras declaraciones del exembajador estadounidense en M\u00e9xico, Christopher Landau, quien hace semanas acus\u00f3 a L\u00f3pez Obrador de pasividad ante los carteles y de adoptar \u201cuna actitud de dejar hacer\u201d, que es en s\u00ed un problema muy serio para Washington.<\/p>\n\n\n\n<p>Con vistas a la visita de Kamala Harris, que llegar\u00e1 a M\u00e9xico justo despu\u00e9s de las elecciones del 6 de junio, el Gobierno del pa\u00eds tambi\u00e9n plantea una serie de reclamos a Washington. En primer lugar, mantiene la presi\u00f3n para que aumente la inversi\u00f3n en Centroam\u00e9rica con el objetivo de paliar la emergencia humanitaria y contener el flujo migratorio, sobre todo en Honduras y Guatemala.&nbsp;<a href=\"https:\/\/elpais.com\/internacional\/2021-03-17\/mexico-se-prepara-para-una-nueva-crisis-migratoria-en-la-frontera-norte.html\">Las dos administraciones tienen visiones distintas de la cooperaci\u00f3n,<\/a>&nbsp;ya que Estados Unidos supedita la entrega de fondos p\u00fablicos al desempe\u00f1o de los pa\u00edses beneficiados y al uso de esos recursos. Es decir, se trata de una ayuda finalista. M\u00e9xico, en cambio, es partidario de un desembolso directo.<\/p>\n\n\n\n<p>\u201cLa se\u00f1ora Harris no va a reunirse con ning\u00fan grupo de la sociedad civil en M\u00e9xico. Hay muchos que la est\u00e1n buscando, sobre todo de mujeres, pero no lo va a hacer porque no quiere que L\u00f3pez Obrador se enoje y deje entrar a los hondure\u00f1os\u201d, advierte Casta\u00f1eda. Adem\u00e1s,&nbsp;<a href=\"https:\/\/elpais.com\/mexico\/2021-05-14\/el-36-de-los-migrantes-detenidos-en-abril-en-estados-unidos-son-mexicanos.html\">la frontera norte ha vuelto a recibir un n\u00famero ingente de mexicanos.<\/a>&nbsp;Las detenciones han sus niveles m\u00e1s altos en tres a\u00f1os, m\u00e1s de 320.000 migrantes desde el pasado octubre. Se trata de una consecuencia directa de la crisis derivada de la pandemia, pero tambi\u00e9n refleja la inestabilidad de la pol\u00edtica econ\u00f3mica local.<\/p>\n\n\n\n<p>Otro reclamo del Gobierno de L\u00f3pez Obrador tiene que ver con la vacunaci\u00f3n contra la covid-19. El vecino del norte, donde la campa\u00f1a de inmunizaci\u00f3n avanza a marchas forzadas y ya ha cubierto a cerca del 40% de la poblaci\u00f3n,&nbsp;<a href=\"https:\/\/elpais.com\/mexico\/2021-04-08\/mexico-intensifica-las-gestiones-para-adquirir-las-vacunas-comprometidas-y-mas-dosis-de-estados-unidos.html\">ya ha prestado casi tres millones de dosis a M\u00e9xico<\/a>. Sin embargo, las autoridades buscan lograr una mayor cooperaci\u00f3n. El canciller Ebrard ha sido precisamente el art\u00edfice de una estrategia bautizada como \u201cdiplomacia de las vacunas\u201d que. aparte de Washington, ha obtenido respaldo de China, Rusia, India y de Espa\u00f1a. Y en buena medida, suyo es el m\u00e9rito de que todas las tensiones con Estados Unidos no hayan derivado en un choque abierto con Biden como muchos pronosticaban.<\/p>\n\n\n\n<p><a href=\"https:\/\/plus.elpais.com\/newsletters\/lnp\/1\/348\"><em>Suscr\u00edbase aqu\u00ed a la newsletter de EL PA\u00cdS M\u00e9xico<\/em><\/a><em>y reciba todas las claves informativas de la actualidad de este pa\u00eds<\/em><\/p>\n\n\n\n<p><\/p>\n\n\n\n<p>Fuente: https:\/\/elpais.com\/mexico\/elecciones-mexicanas\/2021-05-21\/economia-seguridad-y-soberania-los-frentes-que-tensan-la-relacion-con-ee-uu-ante-la-visita-de-kamala-harris.html<\/p>\n","protected":false},"excerpt":{"rendered":"<p>Las fricciones entre M\u00e9xico y Washington se multiplican, de los pleitos comerciales a la lucha contra el narco, la migraci\u00f3n, [&hellip;]<\/p>\n","protected":false},"author":1,"featured_media":8242,"comment_status":"open","ping_status":"open","sticky":false,"template":"","format":"standard","meta":{"site-sidebar-layout":"default","site-content-layout":"","ast-site-content-layout":"default","site-content-style":"default","site-sidebar-style":"default","ast-global-header-display":"","ast-banner-title-visibility":"","ast-main-header-display":"","ast-hfb-above-header-display":"","ast-hfb-below-header-display":"","ast-hfb-mobile-header-display":"","site-post-title":"","ast-breadcrumbs-content":"","ast-featured-img":"","footer-sml-layout":"","theme-transparent-header-meta":"","adv-header-id-meta":"","stick-header-meta":"","header-above-stick-meta":"","header-main-stick-meta":"","header-below-stick-meta":"","astra-migrate-meta-layouts":"default","ast-page-background-enabled":"default","ast-page-background-meta":{"desktop":{"background-color":"var(--ast-global-color-4)","background-image":"","background-repeat":"repeat","background-position":"center center","background-size":"auto","background-attachment":"scroll","background-type":"","background-media":"","overlay-type":"","overlay-color":"","overlay-opacity":"","overlay-gradient":""},"tablet":{"background-color":"","background-image":"","background-repeat":"repeat","background-position":"center center","background-size":"auto","background-attachment":"scroll","background-type":"","background-media":"","overlay-type":"","overlay-color":"","overlay-opacity":"","overlay-gradient":""},"mobile":{"background-color":"","background-image":"","background-repeat":"repeat","background-position":"center center","background-size":"auto","background-attachment":"scroll","background-type":"","background-media":"","overlay-type":"","overlay-color":"","overlay-opacity":"","overlay-gradient":""}},"ast-content-background-meta":{"desktop":{"background-color":"var(--ast-global-color-5)","background-image":"","background-repeat":"repeat","background-position":"center center","background-size":"auto","background-attachment":"scroll","background-type":"","background-media":"","overlay-type":"","overlay-color":"","overlay-opacity":"","overlay-gradient":""},"tablet":{"background-color":"var(--ast-global-color-5)","background-image":"","background-repeat":"repeat","background-position":"center center","background-size":"auto","background-attachment":"scroll","background-type":"","background-media":"","overlay-type":"","overlay-color":"","overlay-opacity":"","overlay-gradient":""},"mobile":{"background-color":"var(--ast-global-color-5)","background-image":"","background-repeat":"repeat","background-position":"center center","background-size":"auto","background-attachment":"scroll","background-type":"","background-media":"","overlay-type":"","overlay-color":"","overlay-opacity":"","overlay-gradient":""}},"footnotes":""},"categories":[8],"tags":[1615,1616,1617],"class_list":["post-8241","post","type-post","status-publish","format-standard","has-post-thumbnail","hentry","category-noticias","tag-kamala-harris-mexico","tag-relaciones-mexico-washington","tag-tension-relaciones-mexico-eeuu"],"_links":{"self":[{"href":"https:\/\/losperiodistas.com.mx\/portal\/wp-json\/wp\/v2\/posts\/8241","targetHints":{"allow":["GET"]}}],"collection":[{"href":"https:\/\/losperiodistas.com.mx\/portal\/wp-json\/wp\/v2\/posts"}],"about":[{"href":"https:\/\/losperiodistas.com.mx\/portal\/wp-json\/wp\/v2\/types\/post"}],"author":[{"embeddable":true,"href":"https:\/\/losperiodistas.com.mx\/portal\/wp-json\/wp\/v2\/users\/1"}],"replies":[{"embeddable":true,"href":"https:\/\/losperiodistas.com.mx\/portal\/wp-json\/wp\/v2\/comments?post=8241"}],"version-history":[{"count":1,"href":"https:\/\/losperiodistas.com.mx\/portal\/wp-json\/wp\/v2\/posts\/8241\/revisions"}],"predecessor-version":[{"id":8243,"href":"https:\/\/losperiodistas.com.mx\/portal\/wp-json\/wp\/v2\/posts\/8241\/revisions\/8243"}],"wp:featuredmedia":[{"embeddable":true,"href":"https:\/\/losperiodistas.com.mx\/portal\/wp-json\/wp\/v2\/media\/8242"}],"wp:attachment":[{"href":"https:\/\/losperiodistas.com.mx\/portal\/wp-json\/wp\/v2\/media?parent=8241"}],"wp:term":[{"taxonomy":"category","embeddable":true,"href":"https:\/\/losperiodistas.com.mx\/portal\/wp-json\/wp\/v2\/categories?post=8241"},{"taxonomy":"post_tag","embeddable":true,"href":"https:\/\/losperiodistas.com.mx\/portal\/wp-json\/wp\/v2\/tags?post=8241"}],"curies":[{"name":"wp","href":"https:\/\/api.w.org\/{rel}","templated":true}]}}