{"id":8232,"date":"2021-05-20T08:43:09","date_gmt":"2021-05-20T13:43:09","guid":{"rendered":"http:\/\/losperiodistas.com.mx\/portal\/?p=8232"},"modified":"2021-05-20T08:43:11","modified_gmt":"2021-05-20T13:43:11","slug":"palestinos-e-israelies-a-que-se-debe-la-crisis-actual-nyt","status":"publish","type":"post","link":"https:\/\/losperiodistas.com.mx\/portal\/palestinos-e-israelies-a-que-se-debe-la-crisis-actual-nyt\/","title":{"rendered":"Palestinos e israel\u00edes: \u00bfa qu\u00e9 se debe la crisis actual? | NYT"},"content":{"rendered":"\n<p id=\"article-summary\" style=\"font-size:18px\"><em>Una acci\u00f3n policial en Jerusal\u00e9n el mes pasado estuvo entre los incidentes que condujeron a la situaci\u00f3n que se vive ahora.<\/em><\/p>\n\n\n\n<p><\/p>\n\n\n\n<figure class=\"wp-block-image size-large\"><img fetchpriority=\"high\" decoding=\"async\" width=\"1024\" height=\"699\" src=\"https:\/\/losperiodistas.com.mx\/portal\/wp-content\/uploads\/2021\/05\/Captura-de-Pantalla-2021-05-20-a-las-8.39.47-1024x699.jpg\" alt=\"\" class=\"wp-image-8233\" srcset=\"https:\/\/losperiodistas.com.mx\/portal\/wp-content\/uploads\/2021\/05\/Captura-de-Pantalla-2021-05-20-a-las-8.39.47-1024x699.jpg 1024w, https:\/\/losperiodistas.com.mx\/portal\/wp-content\/uploads\/2021\/05\/Captura-de-Pantalla-2021-05-20-a-las-8.39.47-300x205.jpg 300w, https:\/\/losperiodistas.com.mx\/portal\/wp-content\/uploads\/2021\/05\/Captura-de-Pantalla-2021-05-20-a-las-8.39.47-768x524.jpg 768w, https:\/\/losperiodistas.com.mx\/portal\/wp-content\/uploads\/2021\/05\/Captura-de-Pantalla-2021-05-20-a-las-8.39.47-1536x1048.jpg 1536w, https:\/\/losperiodistas.com.mx\/portal\/wp-content\/uploads\/2021\/05\/Captura-de-Pantalla-2021-05-20-a-las-8.39.47-2048x1397.jpg 2048w\" sizes=\"(max-width: 1024px) 100vw, 1024px\" \/><figcaption>El complejo de la mezquita de Aqsa en Jerusal\u00e9n el mes pasado, una semana antes del comienzo del Ramad\u00e1n.Credit&#8230;Ahmad Gharabli\/Agence France-Presse \u2014 Getty Images<br><\/figcaption><\/figure>\n\n\n\n<p><\/p>\n\n\n\n<figure class=\"wp-block-image\"><a href=\"https:\/\/www.nytimes.com\/by\/patrick-kingsley\"><img decoding=\"async\" src=\"https:\/\/static01.nyt.com\/images\/2018\/10\/15\/multimedia\/author-patrick-kingsley\/author-patrick-kingsley-thumbLarge.png\" alt=\"Patrick Kingsley\" title=\"Patrick Kingsley\"\/><\/a><\/figure>\n\n\n\n<p>Por\u00a0<a href=\"https:\/\/www.nytimes.com\/by\/patrick-kingsley\">Patrick Kingsley<\/a> \/ THE NEW YORY TIMES<\/p>\n\n\n\n<p><\/p>\n\n\n\n<p>JERUSAL\u00c9N \u2014 Veintisiete d\u00edas antes de que se disparase el primer cohete desde&nbsp;<a href=\"https:\/\/www.nytimes.com\/es\/2021\/05\/18\/espanol\/israel-hamas-gaza.html\">Gaza la semana pasada<\/a>, un escuadr\u00f3n de polic\u00edas israel\u00edes entr\u00f3&nbsp;<a href=\"https:\/\/www.nytimes.com\/es\/2021\/05\/11\/espanol\/israel-palestina-conflicto.html\">en la mezquita de Al-Aqsa de Jerusal\u00e9n<\/a>, apart\u00f3 a los asistentes palestinos y atraves\u00f3 el vasto patio de piedra caliza. Luego cortaron los cables de los altavoces que transmiten las oraciones a los fieles desde cuatro minaretes medievales.<\/p>\n\n\n\n<p>Era la noche del 13 de abril, el primer d\u00eda del&nbsp;<a href=\"https:\/\/www.nytimes.com\/es\/2016\/06\/08\/espanol\/de-que-se-trata-el-ramadan-el-mes-sagrado-del-islam.html\">mes sagrado musulm\u00e1n del Ramad\u00e1n<\/a>. Tambi\u00e9n era el D\u00eda del Recuerdo en&nbsp;<a href=\"https:\/\/www.nytimes.com\/live\/2021\/05\/18\/world\/israel-gaza-updates\">Israel<\/a>, que honra a los que murieron luchando por el pa\u00eds. El presidente israel\u00ed iba a pronunciar un discurso en el Muro de los Lamentos, un lugar sagrado para los jud\u00edos que se encuentra debajo de la mezquita, y las autoridades israel\u00edes tem\u00edan que las oraciones lo ahogaran.<strong>EL TIMES:&nbsp;<\/strong>Una selecci\u00f3n semanal de historias en espa\u00f1ol que no encontrar\u00e1s en ning\u00fan otro sitio, con e\u00f1es y acentos.Sign Up<\/p>\n\n\n\n<p>El incidente fue confirmado por seis funcionarios de la mezquita, tres de los cuales lo presenciaron; la polic\u00eda israel\u00ed declin\u00f3 hacer comentarios. En el mundo exterior, apenas se registr\u00f3.<\/p>\n\n\n\n<p><\/p>\n\n\n\n<p>Pero en retrospectiva, la incursi\u00f3n policial en la mezquita, uno de los lugares m\u00e1s sagrados del islam, fue una de las varias acciones que condujeron, menos de un mes despu\u00e9s, a la&nbsp;<a href=\"https:\/\/www.nytimes.com\/2021\/05\/10\/world\/middleeast\/jerusalem-protests-aqsa-palestinians.html\">repentina reanudaci\u00f3n de la guerra<\/a>&nbsp;entre Israel y Ham\u00e1s, el grupo militante que gobierna la Franja de Gaza, y al&nbsp;<a href=\"https:\/\/www.nytimes.com\/interactive\/2021\/05\/17\/world\/middleeast\/israel-palestine-gaza-conflict-death-toll.html\">estallido de los disturbios civiles entre \u00e1rabes y jud\u00edos<\/a>&nbsp;en el propio Israel.<\/p>\n\n\n\n<p>\u201cEste fue el punto de inflexi\u00f3n\u201d, dijo el jeque Ekrima Sabri, gran muft\u00ed de Jerusal\u00e9n. \u201cSus acciones provocaron el deterioro de la situaci\u00f3n\u201d.<\/p>\n\n\n\n<figure class=\"wp-block-image\"><img decoding=\"async\" src=\"https:\/\/static01.nyt.com\/images\/2021\/05\/15\/world\/15mideast-reconstruct2-esp-2\/merlin_187439682_cb10d707-8b4f-460d-9b3f-55e785949f27-articleLarge.jpg?quality=75&amp;auto=webp&amp;disable=upscale\" alt=\"\u00a0Agentes de la polic\u00eda israel\u00ed en el recinto de la mezquita de Aqsa el 7 de mayo\"\/><figcaption>&nbsp;Agentes de la polic\u00eda israel\u00ed en el recinto de la mezquita de Aqsa el 7 de mayoCredit&#8230;Ammar Awad\/Reuters<\/figcaption><\/figure>\n\n\n\n<p>El deterioro ha sido mucho m\u00e1s veloz, devastador y de mayor alcance de lo que nadie imaginaba. Ha provocado la peor violencia entre israel\u00edes y palestinos de los \u00faltimos a\u00f1os, no solo en el conflicto con Ham\u00e1s, que hasta el s\u00e1bado hab\u00eda matado al menos a 145 personas en Gaza y a 12 en Israel, sino en una oleada de ataques multitudinarios en ciudades mixtas \u00e1rabe-jud\u00edas de Israel.<\/p>\n\n\n\n<p>Ha generado disturbios en ciudades de la Cisjordania ocupada, donde las fuerzas israel\u00edes mataron a 11 palestinos el viernes. Y ha provocado el lanzamiento de cohetes hacia Israel desde un campo de refugiados palestinos en L\u00edbano, ha llevado a los jordanos a marchar hacia Israel en se\u00f1al de protesta y ha llevado a los manifestantes libaneses a cruzar brevemente su frontera sur con Israel.<a href=\"https:\/\/www.nytimes.com\/es\/2021\/05\/13\/espanol\/hamas-israel-cohetes-gaza.html?action=click&amp;module=RelatedLinks&amp;pgtype=Article\">Los cohetes de Gaza: un arsenal renovado que le preocupa a Israel<\/a><\/p>\n\n\n\n<p>La crisis se produjo cuando el gobierno israel\u00ed luchaba por su supervivencia; cuando Ham\u00e1s \u2014que Israel considera un grupo terrorista\u2014 intentaba ampliar su papel dentro del movimiento palestino; y cuando una nueva generaci\u00f3n de palestinos reivindicaba sus propios valores y objetivos.<\/p>\n\n\n\n<p>Y fue el resultado de a\u00f1os de bloqueos y restricciones en Gaza, d\u00e9cadas de ocupaci\u00f3n en Cisjordania y otras d\u00e9cadas de discriminaci\u00f3n contra los \u00e1rabes dentro del estado de Israel, dijo Avraham Burg, expresidente del Parlamento israel\u00ed y expresidente de la Organizaci\u00f3n Sionista Mundial.<\/p>\n\n\n\n<p>\u201cTodo el uranio enriquecido ya estaba en su sitio\u201d, dijo. \u201cPero se necesitaba un detonante. Y el detonante fue la mezquita de Aqsa\u201d.<\/p>\n\n\n\n<figure class=\"wp-block-image\"><img decoding=\"async\" src=\"https:\/\/static01.nyt.com\/images\/2021\/05\/15\/world\/15mideast-reconstruct3-esp-3\/merlin_187438335_c7ba9b16-46d8-4f1c-8eda-928661fba5bf-articleLarge.jpg?quality=75&amp;auto=webp&amp;disable=upscale\" alt=\"La polic\u00eda israel\u00ed lanz\u00f3 granadas de aturdimiento en el recinto de la mezquita de Al-Aqsa el 7 de mayo.\"\/><figcaption>La polic\u00eda israel\u00ed lanz\u00f3 granadas de aturdimiento en el recinto de la mezquita de Al-Aqsa el 7 de mayo.Credit&#8230;Ammar Awad\/Reuters<\/figcaption><\/figure>\n\n\n\n<p>Hab\u00edan pasado siete a\u00f1os desde el \u00faltimo conflicto importante con Ham\u00e1s, y 16 desde el \u00faltimo gran levantamiento palestino, o intifada.<\/p>\n\n\n\n<p>No hubo grandes disturbios en Jerusal\u00e9n cuando el presidente Donald Trump\u00a0<a href=\"https:\/\/www.nytimes.com\/2017\/12\/06\/world\/middleeast\/trump-jerusalem-israel-capital.html\">reconoci\u00f3 la ciudad como capital de Israel<\/a>\u00a0y traslad\u00f3 nominalmente la embajada de Estados Unidos all\u00ed. No hubo protestas masivas despu\u00e9s de que cuatro pa\u00edses \u00e1rabes\u00a0<a href=\"https:\/\/www.nytimes.com\/2020\/10\/23\/world\/middleeast\/sudan-israel-trump-terrorism.html\">normalizaran sus relaciones con Israel<\/a>, abandonando un consenso largamente mantenido de que nunca lo har\u00edan hasta que se resolviera el conflicto palestino-israel\u00ed.<\/p>\n\n\n\n<p><\/p>\n\n\n\n<p>Fuente: https:\/\/www.nytimes.com\/es\/2021\/05\/19\/espanol\/palestinos-Israel-a-que-se-debe-la-crisis.html<\/p>\n","protected":false},"excerpt":{"rendered":"<p>Una acci\u00f3n policial en Jerusal\u00e9n el mes pasado estuvo entre los incidentes que condujeron a la situaci\u00f3n que se vive [&hellip;]<\/p>\n","protected":false},"author":1,"featured_media":8233,"comment_status":"open","ping_status":"open","sticky":false,"template":"","format":"standard","meta":{"site-sidebar-layout":"default","site-content-layout":"","ast-site-content-layout":"default","site-content-style":"default","site-sidebar-style":"default","ast-global-header-display":"","ast-banner-title-visibility":"","ast-main-header-display":"","ast-hfb-above-header-display":"","ast-hfb-below-header-display":"","ast-hfb-mobile-header-display":"","site-post-title":"","ast-breadcrumbs-content":"","ast-featured-img":"","footer-sml-layout":"","theme-transparent-header-meta":"","adv-header-id-meta":"","stick-header-meta":"","header-above-stick-meta":"","header-main-stick-meta":"","header-below-stick-meta":"","astra-migrate-meta-layouts":"default","ast-page-background-enabled":"default","ast-page-background-meta":{"desktop":{"background-color":"var(--ast-global-color-4)","background-image":"","background-repeat":"repeat","background-position":"center center","background-size":"auto","background-attachment":"scroll","background-type":"","background-media":"","overlay-type":"","overlay-color":"","overlay-opacity":"","overlay-gradient":""},"tablet":{"background-color":"","background-image":"","background-repeat":"repeat","background-position":"center center","background-size":"auto","background-attachment":"scroll","background-type":"","background-media":"","overlay-type":"","overlay-color":"","overlay-opacity":"","overlay-gradient":""},"mobile":{"background-color":"","background-image":"","background-repeat":"repeat","background-position":"center center","background-size":"auto","background-attachment":"scroll","background-type":"","background-media":"","overlay-type":"","overlay-color":"","overlay-opacity":"","overlay-gradient":""}},"ast-content-background-meta":{"desktop":{"background-color":"var(--ast-global-color-5)","background-image":"","background-repeat":"repeat","background-position":"center center","background-size":"auto","background-attachment":"scroll","background-type":"","background-media":"","overlay-type":"","overlay-color":"","overlay-opacity":"","overlay-gradient":""},"tablet":{"background-color":"var(--ast-global-color-5)","background-image":"","background-repeat":"repeat","background-position":"center center","background-size":"auto","background-attachment":"scroll","background-type":"","background-media":"","overlay-type":"","overlay-color":"","overlay-opacity":"","overlay-gradient":""},"mobile":{"background-color":"var(--ast-global-color-5)","background-image":"","background-repeat":"repeat","background-position":"center center","background-size":"auto","background-attachment":"scroll","background-type":"","background-media":"","overlay-type":"","overlay-color":"","overlay-opacity":"","overlay-gradient":""}},"footnotes":""},"categories":[8],"tags":[1488,1608],"class_list":["post-8232","post","type-post","status-publish","format-standard","has-post-thumbnail","hentry","category-noticias","tag-franja-de-gaza","tag-mezquita-de-aqsa"],"_links":{"self":[{"href":"https:\/\/losperiodistas.com.mx\/portal\/wp-json\/wp\/v2\/posts\/8232","targetHints":{"allow":["GET"]}}],"collection":[{"href":"https:\/\/losperiodistas.com.mx\/portal\/wp-json\/wp\/v2\/posts"}],"about":[{"href":"https:\/\/losperiodistas.com.mx\/portal\/wp-json\/wp\/v2\/types\/post"}],"author":[{"embeddable":true,"href":"https:\/\/losperiodistas.com.mx\/portal\/wp-json\/wp\/v2\/users\/1"}],"replies":[{"embeddable":true,"href":"https:\/\/losperiodistas.com.mx\/portal\/wp-json\/wp\/v2\/comments?post=8232"}],"version-history":[{"count":1,"href":"https:\/\/losperiodistas.com.mx\/portal\/wp-json\/wp\/v2\/posts\/8232\/revisions"}],"predecessor-version":[{"id":8234,"href":"https:\/\/losperiodistas.com.mx\/portal\/wp-json\/wp\/v2\/posts\/8232\/revisions\/8234"}],"wp:featuredmedia":[{"embeddable":true,"href":"https:\/\/losperiodistas.com.mx\/portal\/wp-json\/wp\/v2\/media\/8233"}],"wp:attachment":[{"href":"https:\/\/losperiodistas.com.mx\/portal\/wp-json\/wp\/v2\/media?parent=8232"}],"wp:term":[{"taxonomy":"category","embeddable":true,"href":"https:\/\/losperiodistas.com.mx\/portal\/wp-json\/wp\/v2\/categories?post=8232"},{"taxonomy":"post_tag","embeddable":true,"href":"https:\/\/losperiodistas.com.mx\/portal\/wp-json\/wp\/v2\/tags?post=8232"}],"curies":[{"name":"wp","href":"https:\/\/api.w.org\/{rel}","templated":true}]}}