{"id":8221,"date":"2021-05-20T07:43:28","date_gmt":"2021-05-20T12:43:28","guid":{"rendered":"http:\/\/losperiodistas.com.mx\/portal\/?p=8221"},"modified":"2021-05-20T07:55:53","modified_gmt":"2021-05-20T12:55:53","slug":"hay-esperanza-checo-perez-domina-la-practica-1-del-gran-premio-de-monaco-de-la-f1-mediotiempo","status":"publish","type":"post","link":"https:\/\/losperiodistas.com.mx\/portal\/hay-esperanza-checo-perez-domina-la-practica-1-del-gran-premio-de-monaco-de-la-f1-mediotiempo\/","title":{"rendered":"\u00a1Hay esperanza! Checo P\u00e9rez domina la pr\u00e1ctica 1 del Gran Premio de M\u00f3naco de la F1 | Mediotiempo"},"content":{"rendered":"\n<p style=\"font-size:18px\"><em>El mexicano inicio de menos a m\u00e1s, pero con la confianza en alto. <\/em><\/p>\n\n\n\n<p><\/p>\n\n\n\n<figure class=\"wp-block-image size-large\"><img fetchpriority=\"high\" decoding=\"async\" width=\"1024\" height=\"639\" src=\"https:\/\/losperiodistas.com.mx\/portal\/wp-content\/uploads\/2021\/05\/Captura-de-Pantalla-2021-05-20-a-las-7.51.23-1024x639.jpg\" alt=\"\" class=\"wp-image-8222\" srcset=\"https:\/\/losperiodistas.com.mx\/portal\/wp-content\/uploads\/2021\/05\/Captura-de-Pantalla-2021-05-20-a-las-7.51.23-1024x639.jpg 1024w, https:\/\/losperiodistas.com.mx\/portal\/wp-content\/uploads\/2021\/05\/Captura-de-Pantalla-2021-05-20-a-las-7.51.23-300x187.jpg 300w, https:\/\/losperiodistas.com.mx\/portal\/wp-content\/uploads\/2021\/05\/Captura-de-Pantalla-2021-05-20-a-las-7.51.23-768x480.jpg 768w, https:\/\/losperiodistas.com.mx\/portal\/wp-content\/uploads\/2021\/05\/Captura-de-Pantalla-2021-05-20-a-las-7.51.23-1536x959.jpg 1536w, https:\/\/losperiodistas.com.mx\/portal\/wp-content\/uploads\/2021\/05\/Captura-de-Pantalla-2021-05-20-a-las-7.51.23.jpg 1912w\" sizes=\"(max-width: 1024px) 100vw, 1024px\" \/><figcaption>Checo en conferencia desde M\u00f3naco. (AFP)<\/figcaption><\/figure>\n\n\n\n<p><\/p>\n\n\n\n<p class=\"has-vivid-cyan-blue-color has-text-color has-medium-font-size\">MEDIOTIEMPO<\/p>\n\n\n\n<p><\/p>\n\n\n\n<p>Si algo no ha perdido el piloto mexicano Sergio P\u00e9rez es la confianza, y as\u00ed lo ha demostrado al iniciar con el pie derecho en el Gran Premio de M\u00f3naco de la F\u00f3rmula 1, al dominar la pr\u00e1ctica 1 con el mejor tiempo (1:12.487) de la parrilla. <\/p>\n\n\n\n<p>El equipo de Red Bull se vio bien al concluir entre los tres mejores tiempos, con Max Verstappen\u00a0en el tercer puesto, mientras que el espa\u00f1ol Carlos Sainz de Ferrari fue segundo. <\/p>\n\n\n\n<p>Mientras, los Mercedes de Hamilton y Bottas han quedado en el puesto 5 y 6, respectivamente. M\u00e1s tarde se realizar\u00e1 la P2 para as\u00ed dar por terminado las actividades en el Principado, mismas que se reanudar\u00e1n hasta el s\u00e1bado, con la P3 y la Calificaci\u00f3n. <\/p>\n\n\n\n<figure class=\"wp-block-embed is-type-rich is-provider-twitter wp-block-embed-twitter\"><div class=\"wp-block-embed__wrapper\">\nhttps:\/\/twitter.com\/F1\/status\/1395327883661488129?ref_src=twsrc%5Etfw%7Ctwcamp%5Etweetembed%7Ctwterm%5E1395327883661488129%7Ctwgr%5E%7Ctwcon%5Es1_c10&#038;ref_url=https%3A%2F%2Fwww.mediotiempo.com%2Fautomovilismo%2Ff1%2Ff1-checo-perez-domina-practica-1-premio-monaco\n<\/div><\/figure>\n\n\n\n<p style=\"font-size:26px\"><strong>Checo sabe subir al podio en M\u00f3naco <\/strong><\/p>\n\n\n\n<p>Cabe destacar que el circuito callejero de M\u00f3naco es una de las pistas que mejor se le da al mexicano y para muestra el podio que consigui\u00f3 en\u00a0 2016 con Force India al concluir en el tercer puesto y compartir podio con Hamilton y Daniel Ricciardo. <\/p>\n\n\n\n<p>Aunque no todo fue miel sobre hojuelas, en 2011 en su a\u00f1o debut en la F\u00f3rmula 1 con Sauber, P\u00e9rez fue protagonista de un accidente que pudo terminar en tragedia, luego de que se estrell\u00f3 contra un muro de contenci\u00f3n y lo dej\u00f3 inconsciente durante un breve periodo de tiempo. <\/p>\n\n\n\n<p>El choque ocurri\u00f3 sobre la tercera ronda de calificaci\u00f3n, un d\u00eda antes de la carrera. Durante su primera vuelta r\u00e1pida de la sesi\u00f3n, P\u00e9rez perdi\u00f3 el control al salir del tradicional t\u00fanel de Montecarlo y estrell\u00f3 su auto con un muro lateral; perdi\u00f3 un neum\u00e1tico y se dirigi\u00f3 directo a las barreras de contenci\u00f3n tras las curvas 10 y 11. <\/p>\n\n\n\n<p>Hoy, eso le ha bastado experiencia y sabidur\u00eda, misma que buscar\u00e1 potencializar abordo de su monoplaza de Red Bull. <\/p>\n\n\n\n<figure class=\"wp-block-embed is-type-rich is-provider-twitter wp-block-embed-twitter\"><div class=\"wp-block-embed__wrapper\">\nhttps:\/\/twitter.com\/F1\/status\/1395308737263554563?ref_src=twsrc%5Etfw%7Ctwcamp%5Etweetembed%7Ctwterm%5E1395308737263554563%7Ctwgr%5E%7Ctwcon%5Es1_c10&#038;ref_url=https%3A%2F%2Fwww.mediotiempo.com%2Fautomovilismo%2Ff1%2Ff1-checo-perez-domina-practica-1-premio-monaco\n<\/div><\/figure>\n\n\n\n<p>Fuente: https:\/\/www.mediotiempo.com\/automovilismo\/f1\/f1-checo-perez-domina-practica-1-premio-monaco<\/p>\n\n\n\n<p><\/p>\n","protected":false},"excerpt":{"rendered":"<p>El mexicano inicio de menos a m\u00e1s, pero con la confianza en alto. MEDIOTIEMPO Si algo no ha perdido el [&hellip;]<\/p>\n","protected":false},"author":1,"featured_media":8222,"comment_status":"open","ping_status":"open","sticky":false,"template":"","format":"standard","meta":{"site-sidebar-layout":"default","site-content-layout":"","ast-site-content-layout":"default","site-content-style":"default","site-sidebar-style":"default","ast-global-header-display":"","ast-banner-title-visibility":"","ast-main-header-display":"","ast-hfb-above-header-display":"","ast-hfb-below-header-display":"","ast-hfb-mobile-header-display":"","site-post-title":"","ast-breadcrumbs-content":"","ast-featured-img":"","footer-sml-layout":"","theme-transparent-header-meta":"","adv-header-id-meta":"","stick-header-meta":"","header-above-stick-meta":"","header-main-stick-meta":"","header-below-stick-meta":"","astra-migrate-meta-layouts":"default","ast-page-background-enabled":"default","ast-page-background-meta":{"desktop":{"background-color":"var(--ast-global-color-4)","background-image":"","background-repeat":"repeat","background-position":"center center","background-size":"auto","background-attachment":"scroll","background-type":"","background-media":"","overlay-type":"","overlay-color":"","overlay-opacity":"","overlay-gradient":""},"tablet":{"background-color":"","background-image":"","background-repeat":"repeat","background-position":"center center","background-size":"auto","background-attachment":"scroll","background-type":"","background-media":"","overlay-type":"","overlay-color":"","overlay-opacity":"","overlay-gradient":""},"mobile":{"background-color":"","background-image":"","background-repeat":"repeat","background-position":"center center","background-size":"auto","background-attachment":"scroll","background-type":"","background-media":"","overlay-type":"","overlay-color":"","overlay-opacity":"","overlay-gradient":""}},"ast-content-background-meta":{"desktop":{"background-color":"var(--ast-global-color-5)","background-image":"","background-repeat":"repeat","background-position":"center center","background-size":"auto","background-attachment":"scroll","background-type":"","background-media":"","overlay-type":"","overlay-color":"","overlay-opacity":"","overlay-gradient":""},"tablet":{"background-color":"var(--ast-global-color-5)","background-image":"","background-repeat":"repeat","background-position":"center center","background-size":"auto","background-attachment":"scroll","background-type":"","background-media":"","overlay-type":"","overlay-color":"","overlay-opacity":"","overlay-gradient":""},"mobile":{"background-color":"var(--ast-global-color-5)","background-image":"","background-repeat":"repeat","background-position":"center center","background-size":"auto","background-attachment":"scroll","background-type":"","background-media":"","overlay-type":"","overlay-color":"","overlay-opacity":"","overlay-gradient":""}},"footnotes":""},"categories":[8],"tags":[1607,1606],"class_list":["post-8221","post","type-post","status-publish","format-standard","has-post-thumbnail","hentry","category-noticias","tag-checo-perez-monaco-2021","tag-f1-monaco"],"_links":{"self":[{"href":"https:\/\/losperiodistas.com.mx\/portal\/wp-json\/wp\/v2\/posts\/8221","targetHints":{"allow":["GET"]}}],"collection":[{"href":"https:\/\/losperiodistas.com.mx\/portal\/wp-json\/wp\/v2\/posts"}],"about":[{"href":"https:\/\/losperiodistas.com.mx\/portal\/wp-json\/wp\/v2\/types\/post"}],"author":[{"embeddable":true,"href":"https:\/\/losperiodistas.com.mx\/portal\/wp-json\/wp\/v2\/users\/1"}],"replies":[{"embeddable":true,"href":"https:\/\/losperiodistas.com.mx\/portal\/wp-json\/wp\/v2\/comments?post=8221"}],"version-history":[{"count":1,"href":"https:\/\/losperiodistas.com.mx\/portal\/wp-json\/wp\/v2\/posts\/8221\/revisions"}],"predecessor-version":[{"id":8223,"href":"https:\/\/losperiodistas.com.mx\/portal\/wp-json\/wp\/v2\/posts\/8221\/revisions\/8223"}],"wp:featuredmedia":[{"embeddable":true,"href":"https:\/\/losperiodistas.com.mx\/portal\/wp-json\/wp\/v2\/media\/8222"}],"wp:attachment":[{"href":"https:\/\/losperiodistas.com.mx\/portal\/wp-json\/wp\/v2\/media?parent=8221"}],"wp:term":[{"taxonomy":"category","embeddable":true,"href":"https:\/\/losperiodistas.com.mx\/portal\/wp-json\/wp\/v2\/categories?post=8221"},{"taxonomy":"post_tag","embeddable":true,"href":"https:\/\/losperiodistas.com.mx\/portal\/wp-json\/wp\/v2\/tags?post=8221"}],"curies":[{"name":"wp","href":"https:\/\/api.w.org\/{rel}","templated":true}]}}