{"id":8218,"date":"2021-05-20T07:44:46","date_gmt":"2021-05-20T12:44:46","guid":{"rendered":"http:\/\/losperiodistas.com.mx\/portal\/?p=8218"},"modified":"2021-05-20T07:44:47","modified_gmt":"2021-05-20T12:44:47","slug":"mexicanos-contra-la-corrupcion-acusa-a-amlo-de-falsear-informacion-y-persecucion-politica-el-financiero","status":"publish","type":"post","link":"https:\/\/losperiodistas.com.mx\/portal\/mexicanos-contra-la-corrupcion-acusa-a-amlo-de-falsear-informacion-y-persecucion-politica-el-financiero\/","title":{"rendered":"Mexicanos Contra la Corrupci\u00f3n acusa a AMLO de falsear informaci\u00f3n y persecuci\u00f3n pol\u00edtica | El Financiero"},"content":{"rendered":"\n<p style=\"font-size:18px\"><em>Mostrar documentos fiscales con datos sensibles es inconstitucional, sostiene la organizaci\u00f3n.<\/em><\/p>\n\n\n\n<p><\/p>\n\n\n\n<figure class=\"wp-block-image size-large\"><img fetchpriority=\"high\" decoding=\"async\" width=\"1024\" height=\"683\" src=\"https:\/\/losperiodistas.com.mx\/portal\/wp-content\/uploads\/2021\/05\/Captura-de-Pantalla-2021-05-20-a-las-7.41.02-1024x683.jpg\" alt=\"\" class=\"wp-image-8219\" srcset=\"https:\/\/losperiodistas.com.mx\/portal\/wp-content\/uploads\/2021\/05\/Captura-de-Pantalla-2021-05-20-a-las-7.41.02-1024x683.jpg 1024w, https:\/\/losperiodistas.com.mx\/portal\/wp-content\/uploads\/2021\/05\/Captura-de-Pantalla-2021-05-20-a-las-7.41.02-300x200.jpg 300w, https:\/\/losperiodistas.com.mx\/portal\/wp-content\/uploads\/2021\/05\/Captura-de-Pantalla-2021-05-20-a-las-7.41.02-768x513.jpg 768w, https:\/\/losperiodistas.com.mx\/portal\/wp-content\/uploads\/2021\/05\/Captura-de-Pantalla-2021-05-20-a-las-7.41.02-1536x1025.jpg 1536w, https:\/\/losperiodistas.com.mx\/portal\/wp-content\/uploads\/2021\/05\/Captura-de-Pantalla-2021-05-20-a-las-7.41.02.jpg 1828w\" sizes=\"(max-width: 1024px) 100vw, 1024px\" \/><figcaption><strong>AMLO\u00a0<\/strong>El presidente volvi\u00f3 a se\u00f1alar a Mexicanos Contra la Corrupci\u00f3n de tener una campa\u00f1a en contra de su gobierno.\u00a0(Cuartoscuro)<\/figcaption><\/figure>\n\n\n\n<p><\/p>\n\n\n\n<p class=\"has-vivid-cyan-blue-color has-text-color has-medium-font-size\">REDACCI\u00d3N EL FINANCIERO<\/p>\n\n\n\n<p>Mexicanos Contra la Corrupci\u00f3n y la Impunidad (MCCI) rechaz\u00f3 de nuevo los se\u00f1alamientos que hizo en su contra el presidente Andr\u00e9s Manuel L\u00f3pez Obrador.<\/p>\n\n\n\n<p>Por la ma\u00f1ana, el mandatario insisti\u00f3 en que la organizaci\u00f3n civil tiene una campa\u00f1a en contra de su administraci\u00f3n, y mostr\u00f3 facturas por dos millones 500 mil d\u00f3lares para el financiamiento de Mexicanos.<\/p>\n\n\n\n<p>\u201cExhibir desde la tribuna del Presidente de la Rep\u00fablica documentos fiscales con datos sensibles es inconstitucional. Viola el art\u00edculo 6\u00ba apartado A y 16, segundo p\u00e1rrafo de la Carta Magna, el principio de reserva fiscal y diversos art\u00edculos de la Ley General de Protecci\u00f3n de Datos Personales en Posesi\u00f3n de Sujetos Obligados\u201d, argument\u00f3 la organizaci\u00f3n en un comunicado.<\/p>\n\n\n\n<hr class=\"wp-block-separator\"\/>\n\n\n\n<p>El Ejecutivo ha se\u00f1alado un presunto intervencionismo por parte de Estados Unidos al apoyar econ\u00f3micamente a MCCI, por lo que el 7 de mayo su gobierno envi\u00f3 una nota diplom\u00e1tica para que que la administraci\u00f3n de Biden aclare la situaci\u00f3n.<\/p>\n\n\n\n<p>\u201cLas reiteradas acusaciones proferidas esta ma\u00f1ana son falsas y constituyen un uso indebido de informaci\u00f3n protegida por la Constituci\u00f3n y las leyes\u201d, manifest\u00f3 MMCI.<\/p>\n\n\n\n<p>Sostuvo que al ser utilizada la informaci\u00f3n fiscal por quien es autoridad se vuelve un acto de acoso e intimidaci\u00f3n que transgrede los l\u00edmites de libertad de expresi\u00f3n.<\/p>\n\n\n\n<p>La organizaci\u00f3n indic\u00f3 que los recursos con los que opera provienen de agencias de desarrollo internacional, de fundaciones e instancias privadas al amparo de las leyes mexicanas y en congruencia con su objeto social, que es la investigaci\u00f3n aplicada, period\u00edstica y jur\u00eddica sobre las causas, mecanismos y costos de la corrupci\u00f3n, as\u00ed como de la promoci\u00f3n del Estado de derecho.<\/p>\n\n\n\n<p>\u201cA esas tareas tareas y a ninguna otra se destina el financiamiento recibido. De ello damos cuenta permanentemente\u201d, afirm\u00f3.<\/p>\n\n\n\n<p>Agreg\u00f3 que el presidente los ha atacado y acusado falsamente en 61 ocasiones desde las conferencias matutinas, una conducta \u201cinhibitoria del trabajo que lleva a acabo MCCI\u201d y que constituye y una \u201cpersecuci\u00f3n pol\u00edtica\u201d en contra de una ONG.<\/p>\n\n\n\n<p>\u201cExigimos un alto a este acoso abusivo e ilegal desde la Presidencia de la Rep\u00fablica en contra de MCCI, de los integrantes de su Consejo Consultivo y de sus donantes, pero tengan la seguridad de que MCCI seguir\u00e1 adelante en el cumplimiento del compromiso que hemos adquirido con la sociedad mexicana\u201d, finaliz\u00f3.<\/p>\n\n\n\n<figure class=\"wp-block-embed is-type-rich is-provider-twitter wp-block-embed-twitter\"><div class=\"wp-block-embed__wrapper\">\n<blockquote class=\"twitter-tweet\" data-width=\"500\" data-dnt=\"true\"><p lang=\"es\" dir=\"ltr\">En <a href=\"https:\/\/twitter.com\/MXvsCORRUPCION?ref_src=twsrc%5Etfw\">@MXvsCORRUPCION<\/a> rechazamos, una vez m\u00e1s, las acusaciones de <a href=\"https:\/\/twitter.com\/lopezobrador_?ref_src=twsrc%5Etfw\">@lopezobrador_<\/a>, sin fundamento ni evidencia alguna, sobre una presunta vinculaci\u00f3n con partidos pol\u00edticos o intervenci\u00f3n en campa\u00f1as electorales: <a href=\"https:\/\/t.co\/gDb7UpXmJy\">https:\/\/t.co\/gDb7UpXmJy<\/a> <a href=\"https:\/\/t.co\/AkdhaqA8hP\">pic.twitter.com\/AkdhaqA8hP<\/a><\/p>&mdash; Mexicanos Contra la Corrupci\u00f3n (@MXvsCORRUPCION) <a href=\"https:\/\/twitter.com\/MXvsCORRUPCION\/status\/1395091014868606980?ref_src=twsrc%5Etfw\">May 19, 2021<\/a><\/blockquote><script async src=\"https:\/\/platform.twitter.com\/widgets.js\" charset=\"utf-8\"><\/script>\n<\/div><\/figure>\n\n\n\n<p><\/p>\n\n\n\n<p>Fuente: https:\/\/www.elfinanciero.com.mx\/nacional\/2021\/05\/19\/el-presidente-miente-y-nos-persigue-politicamente-mexicanos-contra-la-corrupcion\/<\/p>\n","protected":false},"excerpt":{"rendered":"<p>Mostrar documentos fiscales con datos sensibles es inconstitucional, sostiene la organizaci\u00f3n. REDACCI\u00d3N EL FINANCIERO Mexicanos Contra la Corrupci\u00f3n y la [&hellip;]<\/p>\n","protected":false},"author":1,"featured_media":8219,"comment_status":"open","ping_status":"open","sticky":false,"template":"","format":"standard","meta":{"site-sidebar-layout":"default","site-content-layout":"","ast-site-content-layout":"default","site-content-style":"default","site-sidebar-style":"default","ast-global-header-display":"","ast-banner-title-visibility":"","ast-main-header-display":"","ast-hfb-above-header-display":"","ast-hfb-below-header-display":"","ast-hfb-mobile-header-display":"","site-post-title":"","ast-breadcrumbs-content":"","ast-featured-img":"","footer-sml-layout":"","theme-transparent-header-meta":"","adv-header-id-meta":"","stick-header-meta":"","header-above-stick-meta":"","header-main-stick-meta":"","header-below-stick-meta":"","astra-migrate-meta-layouts":"default","ast-page-background-enabled":"default","ast-page-background-meta":{"desktop":{"background-color":"var(--ast-global-color-4)","background-image":"","background-repeat":"repeat","background-position":"center center","background-size":"auto","background-attachment":"scroll","background-type":"","background-media":"","overlay-type":"","overlay-color":"","overlay-opacity":"","overlay-gradient":""},"tablet":{"background-color":"","background-image":"","background-repeat":"repeat","background-position":"center center","background-size":"auto","background-attachment":"scroll","background-type":"","background-media":"","overlay-type":"","overlay-color":"","overlay-opacity":"","overlay-gradient":""},"mobile":{"background-color":"","background-image":"","background-repeat":"repeat","background-position":"center center","background-size":"auto","background-attachment":"scroll","background-type":"","background-media":"","overlay-type":"","overlay-color":"","overlay-opacity":"","overlay-gradient":""}},"ast-content-background-meta":{"desktop":{"background-color":"var(--ast-global-color-5)","background-image":"","background-repeat":"repeat","background-position":"center center","background-size":"auto","background-attachment":"scroll","background-type":"","background-media":"","overlay-type":"","overlay-color":"","overlay-opacity":"","overlay-gradient":""},"tablet":{"background-color":"var(--ast-global-color-5)","background-image":"","background-repeat":"repeat","background-position":"center center","background-size":"auto","background-attachment":"scroll","background-type":"","background-media":"","overlay-type":"","overlay-color":"","overlay-opacity":"","overlay-gradient":""},"mobile":{"background-color":"var(--ast-global-color-5)","background-image":"","background-repeat":"repeat","background-position":"center center","background-size":"auto","background-attachment":"scroll","background-type":"","background-media":"","overlay-type":"","overlay-color":"","overlay-opacity":"","overlay-gradient":""}},"footnotes":""},"categories":[8],"tags":[1605,1604],"class_list":["post-8218","post","type-post","status-publish","format-standard","has-post-thumbnail","hentry","category-noticias","tag-mcci-acusa-a-amlo-de-falsear-informacion","tag-mexicanos-contra-la-corrupcion-y-la-impunidad"],"_links":{"self":[{"href":"https:\/\/losperiodistas.com.mx\/portal\/wp-json\/wp\/v2\/posts\/8218","targetHints":{"allow":["GET"]}}],"collection":[{"href":"https:\/\/losperiodistas.com.mx\/portal\/wp-json\/wp\/v2\/posts"}],"about":[{"href":"https:\/\/losperiodistas.com.mx\/portal\/wp-json\/wp\/v2\/types\/post"}],"author":[{"embeddable":true,"href":"https:\/\/losperiodistas.com.mx\/portal\/wp-json\/wp\/v2\/users\/1"}],"replies":[{"embeddable":true,"href":"https:\/\/losperiodistas.com.mx\/portal\/wp-json\/wp\/v2\/comments?post=8218"}],"version-history":[{"count":1,"href":"https:\/\/losperiodistas.com.mx\/portal\/wp-json\/wp\/v2\/posts\/8218\/revisions"}],"predecessor-version":[{"id":8220,"href":"https:\/\/losperiodistas.com.mx\/portal\/wp-json\/wp\/v2\/posts\/8218\/revisions\/8220"}],"wp:featuredmedia":[{"embeddable":true,"href":"https:\/\/losperiodistas.com.mx\/portal\/wp-json\/wp\/v2\/media\/8219"}],"wp:attachment":[{"href":"https:\/\/losperiodistas.com.mx\/portal\/wp-json\/wp\/v2\/media?parent=8218"}],"wp:term":[{"taxonomy":"category","embeddable":true,"href":"https:\/\/losperiodistas.com.mx\/portal\/wp-json\/wp\/v2\/categories?post=8218"},{"taxonomy":"post_tag","embeddable":true,"href":"https:\/\/losperiodistas.com.mx\/portal\/wp-json\/wp\/v2\/tags?post=8218"}],"curies":[{"name":"wp","href":"https:\/\/api.w.org\/{rel}","templated":true}]}}