{"id":82174,"date":"2024-08-09T20:43:36","date_gmt":"2024-08-10T01:43:36","guid":{"rendered":"http:\/\/losperiodistas.com.mx\/portal\/?p=82174"},"modified":"2024-08-09T20:43:38","modified_gmt":"2024-08-10T01:43:38","slug":"alberga-casa-de-cultura-exposicion-mi-tierra-mis-raices-mi-entorno","status":"publish","type":"post","link":"https:\/\/losperiodistas.com.mx\/portal\/alberga-casa-de-cultura-exposicion-mi-tierra-mis-raices-mi-entorno\/","title":{"rendered":"Alberga Casa de Cultura exposici\u00f3n \u201cMi tierra, mis ra\u00edces, mi entorno\u201d"},"content":{"rendered":"\n<p><em>La muestra pertenece al Festival \u201cTengo un sue\u00f1o\u201d 2024, que expone el trabajo de los \u00abSemilleros Creativos\u00bb<\/em> y c<em>onsta de m\u00e1s de 200 obras de pintura, fotograf\u00eda, dibujos, videograf\u00eda y bordados que estar\u00e1n expuestas hasta el 17 de agosto\u00a0<\/em><\/p>\n\n\n\n<figure class=\"wp-block-image size-large\"><img fetchpriority=\"high\" decoding=\"async\" width=\"1024\" height=\"647\" src=\"https:\/\/losperiodistas.com.mx\/portal\/wp-content\/uploads\/2024\/08\/Captura-de-pantalla-2024-08-09-193617-1024x647.png\" alt=\"Semilleros Creativos\" class=\"wp-image-82175\" srcset=\"https:\/\/losperiodistas.com.mx\/portal\/wp-content\/uploads\/2024\/08\/Captura-de-pantalla-2024-08-09-193617-1024x647.png 1024w, https:\/\/losperiodistas.com.mx\/portal\/wp-content\/uploads\/2024\/08\/Captura-de-pantalla-2024-08-09-193617-300x190.png 300w, https:\/\/losperiodistas.com.mx\/portal\/wp-content\/uploads\/2024\/08\/Captura-de-pantalla-2024-08-09-193617-768x485.png 768w, https:\/\/losperiodistas.com.mx\/portal\/wp-content\/uploads\/2024\/08\/Captura-de-pantalla-2024-08-09-193617.png 1090w\" sizes=\"(max-width: 1024px) 100vw, 1024px\" \/><figcaption><em>Festival \u201cTengo un sue\u00f1o\u201d 2024, que expone el trabajo de los \u00abSemilleros Creativos\u00bb<\/em><\/figcaption><\/figure>\n\n\n\n<p class=\"has-vivid-red-color has-text-color\">Redacci\u00f3n<\/p>\n\n\n\n<p>Como parte del Festival \u201cTengo un sue\u00f1o\u201d 2024, impulsado en la entidad por el gobierno presente de Sergio Salom\u00f3n, en conjunto con la Secretar\u00eda de Cultura federal, la Casa de la Cultura \u201cProfesor Pedro \u00c1ngel Palou P\u00e9rez\u201d (5 Oriente n\u00famero 5, Centro Hist\u00f3rico) alberga la exposici\u00f3n \u201cMi tierra, mis ra\u00edces, mi entorno\u201d.<\/p>\n\n\n\n<p>La muestra consta de m\u00e1s de 200 obras de pintura, fotograf\u00eda, dibujos, videograf\u00eda y textiles (bordados), realizadas por ni\u00f1as, ni\u00f1os y j\u00f3venes de los municipios de Hueyapan, Ixcamilpa de Guerrero, Palmar de Bravo, Zoquitl\u00e1n, San Andr\u00e9s Cholula, Yehualtepec y Puebla capital.<\/p>\n\n\n\n<figure class=\"wp-block-image size-large\"><img decoding=\"async\" width=\"1024\" height=\"627\" src=\"https:\/\/losperiodistas.com.mx\/portal\/wp-content\/uploads\/2024\/08\/Captura-de-pantalla-2024-08-09-193711-1024x627.png\" alt=\"\" class=\"wp-image-82176\" srcset=\"https:\/\/losperiodistas.com.mx\/portal\/wp-content\/uploads\/2024\/08\/Captura-de-pantalla-2024-08-09-193711-1024x627.png 1024w, https:\/\/losperiodistas.com.mx\/portal\/wp-content\/uploads\/2024\/08\/Captura-de-pantalla-2024-08-09-193711-300x184.png 300w, https:\/\/losperiodistas.com.mx\/portal\/wp-content\/uploads\/2024\/08\/Captura-de-pantalla-2024-08-09-193711-768x470.png 768w, https:\/\/losperiodistas.com.mx\/portal\/wp-content\/uploads\/2024\/08\/Captura-de-pantalla-2024-08-09-193711.png 1085w\" sizes=\"(max-width: 1024px) 100vw, 1024px\" \/><\/figure>\n\n\n\n<p>Mediante esta iniciativa, las y los autores comparten su cosmovisi\u00f3n sobre la cotidianidad de su vivir a partir de la biodiversidad que observan en su entorno inmediato, del presente y pasado; comunicando historias prehisp\u00e1nicas transmitidas de generaci\u00f3n en generaci\u00f3n y elementos de la cultura Mexica, as\u00ed como los estragos en el medio ambiente a trav\u00e9s del tiempo y c\u00f3mo esto afecta a sus comunidades.<\/p>\n\n\n\n<figure class=\"wp-block-image size-large\"><img decoding=\"async\" width=\"1024\" height=\"680\" src=\"https:\/\/losperiodistas.com.mx\/portal\/wp-content\/uploads\/2024\/08\/Captura-de-pantalla-2024-08-09-193645-1024x680.png\" alt=\"\" class=\"wp-image-82177\" srcset=\"https:\/\/losperiodistas.com.mx\/portal\/wp-content\/uploads\/2024\/08\/Captura-de-pantalla-2024-08-09-193645-1024x680.png 1024w, https:\/\/losperiodistas.com.mx\/portal\/wp-content\/uploads\/2024\/08\/Captura-de-pantalla-2024-08-09-193645-300x199.png 300w, https:\/\/losperiodistas.com.mx\/portal\/wp-content\/uploads\/2024\/08\/Captura-de-pantalla-2024-08-09-193645-768x510.png 768w, https:\/\/losperiodistas.com.mx\/portal\/wp-content\/uploads\/2024\/08\/Captura-de-pantalla-2024-08-09-193645.png 1091w\" sizes=\"(max-width: 1024px) 100vw, 1024px\" \/><\/figure>\n\n\n\n<p>La exposici\u00f3n estar\u00e1 abierta al p\u00fablico en el patio central de la sede hasta el s\u00e1bado 17 de agosto, de lunes a jueves de 10:00 a 17:00 horas, y viernes, s\u00e1bado y domingo de 10:00 a 18:00 horas, con entrada libre. La informaci\u00f3n completa puede consultarse a trav\u00e9s de las p\u00e1ginas de Facebook: \u201cSecretar\u00eda de Cultura Puebla\u201d y \u201cVinculaci\u00f3n Cultural\u201d.&nbsp;<\/p>\n\n\n\n<p>El Festival \u201cTengo un Sue\u00f1o\u201d 2024 expone en 27 estados de la rep\u00fablica los resultados y capacidad creativa de los \u00abSemilleros Creativos\u00bb (grupos de formaci\u00f3n art\u00edstica gratuita para la ni\u00f1ez y las juventudes del pa\u00eds), con el prop\u00f3sito de generar inter\u00e9s de otros p\u00fablicos por estas din\u00e1micas, e invitar a sumarse a estos espacios ubicados en diferentes municipios del estado.<\/p>\n","protected":false},"excerpt":{"rendered":"<p>La muestra pertenece al Festival \u201cTengo un sue\u00f1o\u201d 2024, que expone el trabajo de los \u00abSemilleros Creativos\u00bb<\/p>\n","protected":false},"author":1,"featured_media":82175,"comment_status":"open","ping_status":"open","sticky":false,"template":"","format":"standard","meta":{"site-sidebar-layout":"default","site-content-layout":"","ast-site-content-layout":"default","site-content-style":"default","site-sidebar-style":"default","ast-global-header-display":"","ast-banner-title-visibility":"","ast-main-header-display":"","ast-hfb-above-header-display":"","ast-hfb-below-header-display":"","ast-hfb-mobile-header-display":"","site-post-title":"","ast-breadcrumbs-content":"","ast-featured-img":"","footer-sml-layout":"","theme-transparent-header-meta":"","adv-header-id-meta":"","stick-header-meta":"","header-above-stick-meta":"","header-main-stick-meta":"","header-below-stick-meta":"","astra-migrate-meta-layouts":"default","ast-page-background-enabled":"default","ast-page-background-meta":{"desktop":{"background-color":"var(--ast-global-color-4)","background-image":"","background-repeat":"repeat","background-position":"center center","background-size":"auto","background-attachment":"scroll","background-type":"","background-media":"","overlay-type":"","overlay-color":"","overlay-opacity":"","overlay-gradient":""},"tablet":{"background-color":"","background-image":"","background-repeat":"repeat","background-position":"center center","background-size":"auto","background-attachment":"scroll","background-type":"","background-media":"","overlay-type":"","overlay-color":"","overlay-opacity":"","overlay-gradient":""},"mobile":{"background-color":"","background-image":"","background-repeat":"repeat","background-position":"center center","background-size":"auto","background-attachment":"scroll","background-type":"","background-media":"","overlay-type":"","overlay-color":"","overlay-opacity":"","overlay-gradient":""}},"ast-content-background-meta":{"desktop":{"background-color":"var(--ast-global-color-5)","background-image":"","background-repeat":"repeat","background-position":"center center","background-size":"auto","background-attachment":"scroll","background-type":"","background-media":"","overlay-type":"","overlay-color":"","overlay-opacity":"","overlay-gradient":""},"tablet":{"background-color":"var(--ast-global-color-5)","background-image":"","background-repeat":"repeat","background-position":"center center","background-size":"auto","background-attachment":"scroll","background-type":"","background-media":"","overlay-type":"","overlay-color":"","overlay-opacity":"","overlay-gradient":""},"mobile":{"background-color":"var(--ast-global-color-5)","background-image":"","background-repeat":"repeat","background-position":"center center","background-size":"auto","background-attachment":"scroll","background-type":"","background-media":"","overlay-type":"","overlay-color":"","overlay-opacity":"","overlay-gradient":""}},"footnotes":""},"categories":[8],"tags":[28686,28505,28690,28689,28687,28688,28691],"class_list":["post-82174","post","type-post","status-publish","format-standard","has-post-thumbnail","hentry","category-noticias","tag-casa-de-cultura","tag-exposicion","tag-festival","tag-mi-entorno","tag-mi-tierra","tag-mis-raices","tag-tengo-un-sueno"],"_links":{"self":[{"href":"https:\/\/losperiodistas.com.mx\/portal\/wp-json\/wp\/v2\/posts\/82174","targetHints":{"allow":["GET"]}}],"collection":[{"href":"https:\/\/losperiodistas.com.mx\/portal\/wp-json\/wp\/v2\/posts"}],"about":[{"href":"https:\/\/losperiodistas.com.mx\/portal\/wp-json\/wp\/v2\/types\/post"}],"author":[{"embeddable":true,"href":"https:\/\/losperiodistas.com.mx\/portal\/wp-json\/wp\/v2\/users\/1"}],"replies":[{"embeddable":true,"href":"https:\/\/losperiodistas.com.mx\/portal\/wp-json\/wp\/v2\/comments?post=82174"}],"version-history":[{"count":1,"href":"https:\/\/losperiodistas.com.mx\/portal\/wp-json\/wp\/v2\/posts\/82174\/revisions"}],"predecessor-version":[{"id":82178,"href":"https:\/\/losperiodistas.com.mx\/portal\/wp-json\/wp\/v2\/posts\/82174\/revisions\/82178"}],"wp:featuredmedia":[{"embeddable":true,"href":"https:\/\/losperiodistas.com.mx\/portal\/wp-json\/wp\/v2\/media\/82175"}],"wp:attachment":[{"href":"https:\/\/losperiodistas.com.mx\/portal\/wp-json\/wp\/v2\/media?parent=82174"}],"wp:term":[{"taxonomy":"category","embeddable":true,"href":"https:\/\/losperiodistas.com.mx\/portal\/wp-json\/wp\/v2\/categories?post=82174"},{"taxonomy":"post_tag","embeddable":true,"href":"https:\/\/losperiodistas.com.mx\/portal\/wp-json\/wp\/v2\/tags?post=82174"}],"curies":[{"name":"wp","href":"https:\/\/api.w.org\/{rel}","templated":true}]}}