{"id":82169,"date":"2024-08-09T19:59:37","date_gmt":"2024-08-10T00:59:37","guid":{"rendered":"http:\/\/losperiodistas.com.mx\/portal\/?p=82169"},"modified":"2024-08-09T19:59:39","modified_gmt":"2024-08-10T00:59:39","slug":"marco-verde-se-cuelga-la-plata-en-la-final-de-box-en-paris2024","status":"publish","type":"post","link":"https:\/\/losperiodistas.com.mx\/portal\/marco-verde-se-cuelga-la-plata-en-la-final-de-box-en-paris2024\/","title":{"rendered":"Marco Verde se cuelga la medalla de plata en la final de box en los Juegos Ol\u00edmpicos de Par\u00eds | El Pa\u00eds"},"content":{"rendered":"\n<p>El boxeador mexicano, de 22 a\u00f1os, cae de pie frente al uzbeko Muydinkhujaev y suma una presea hist\u00f3rica para su pa\u00eds<\/p>\n\n\n\n<figure class=\"wp-block-image size-large\"><img fetchpriority=\"high\" decoding=\"async\" width=\"1024\" height=\"608\" src=\"https:\/\/losperiodistas.com.mx\/portal\/wp-content\/uploads\/2024\/08\/MarcoVerde_Plata-1024x608.jpg\" alt=\"Marco Verde final de Boxeo\" class=\"wp-image-82170\" srcset=\"https:\/\/losperiodistas.com.mx\/portal\/wp-content\/uploads\/2024\/08\/MarcoVerde_Plata-1024x608.jpg 1024w, https:\/\/losperiodistas.com.mx\/portal\/wp-content\/uploads\/2024\/08\/MarcoVerde_Plata-300x178.jpg 300w, https:\/\/losperiodistas.com.mx\/portal\/wp-content\/uploads\/2024\/08\/MarcoVerde_Plata-768x456.jpg 768w, https:\/\/losperiodistas.com.mx\/portal\/wp-content\/uploads\/2024\/08\/MarcoVerde_Plata.jpg 1280w\" sizes=\"(max-width: 1024px) 100vw, 1024px\" \/><figcaption>El boxeador mexicano Marco Verde durante las semifinales de boxeo en los Juegos Ol\u00edmpicos de Par\u00eds.Stephen McCarthy (Sportsfile via Getty Images)<\/figcaption><\/figure>\n\n\n\n<p class=\"has-vivid-red-color has-text-color\">Diego Mancera \/ El Pa\u00eds<\/p>\n\n\n\n<p>M\u00e9xico tuvo ese momento en el que detiene su cotidianidad por un momento cumbre. El momento dur\u00f3 poco m\u00e1s de nueve minutos frente al televisor, el ordenador o el celular. Era la pelea de su campe\u00f3n, de su medallista ol\u00edmpico, de uno de sus deportes favoritos. Marco Verde se colg\u00f3 una medalla de plata trascendental en la historia deportiva de M\u00e9xico. En la final de 71 kilogramos, el uzbeko Asadkhuja Muydinkhujaev le super\u00f3 en tres <em>rounds, <\/em>una final que puso al pa\u00eds de nuevo en la gran escena del boxeo ol\u00edmpico.<\/p>\n\n\n\n<h2 class=\"wp-block-heading\">Marco Verde, el \u2018plebe\u2019 de Mazatl\u00e1n que entusiasma a todo M\u00e9xico<\/h2>\n\n\n\n<p>Fue una pelea de altos niveles emocionales. El Green, como apodan al mexicano, volvi\u00f3 al cuadril\u00e1tero en el estadio del Roland Garros, mimado por una grada que ten\u00eda tintes mexicanos. Verde sigui\u00f3 las ense\u00f1anzas de Radam\u00e9s Hern\u00e1ndez para no perder la cabeza en el primer round, aunque los jueces le dieron mejores puntuaciones a Muydinkhujaev. No era buen augurio.<\/p>\n\n\n\n<p>En el segundo asalto, el asi\u00e1tico peg\u00f3 tan duro, esquiv\u00f3 tan r\u00e1pido, que dej\u00f3 anulado a Verde. En el \u00faltimo episodio el mexicano sali\u00f3 con todo el coraje guardado en los \u00faltimos tres a\u00f1os para responderle al asi\u00e1tico. Cada pu\u00f1etazo buscaba remontar de forma casi imposible al estar desfavorecido en los primeros asaltos. El jurado le dio el triunfo en este <em>round<\/em>, aunque insuficiente para el oro.<\/p>\n\n\n\n<p>Marco Verde tuvo un torneo de ensue\u00f1o. En la ronda de octavos de final, donde empez\u00f3 a competir el mexicano, tumb\u00f3 a Tiago Muxanga de Mozambique. En cuartos de final, el list\u00f3n que defin\u00eda si ten\u00eda asegurada una medalla o no, venci\u00f3 al indio Dev Nishant. Pese a tener ya da\u00f1os tras sus peleas, en la semifinal super\u00f3 en un gran \u00faltimo round al boxeador brit\u00e1nico Lewis Richardson.<\/p>\n\n\n\n<p>En la final ten\u00eda a otro hijo pr\u00f3digo de Uzbekist\u00e1n, pa\u00eds tambi\u00e9n obsesionado con el boxeo. Antes de Par\u00eds, ten\u00eda cinco medallas de oro en boxeo. En la capital francesa, Hasanboy Dusmatov gan\u00f3 el oro en la categor\u00eda de 51 kilos. El presidente de M\u00e9xico, Andr\u00e9s Manuel L\u00f3pez Obrador, y el multicampe\u00f3n Sa\u00fal <em>Canelo <\/em>\u00c1lvarez le auguraban el mejor de los \u00e9xitos previo a la final.<\/p>\n\n\n\n<p>La historia de Marco Verde revive las haza\u00f1as del boxeo en M\u00e9xico. No por nada es el segundo deporte que m\u00e1s medallas ol\u00edmpicas le ha dado al pa\u00eds con 13, entre ellas los dos oros de Ricardo Delgado y Antonio Rold\u00e1n en M\u00e9xico 1968. La primera presea que conquist\u00f3 un boxeador fue en los Juegos organizados en 1932 en Los \u00c1ngeles gracias a la plata de Francisco Caba\u00f1as.<\/p>\n\n\n\n<p>La segunda fue un bronce conseguido en la Alemania nazi, en 1936, gracias a Fidel Ortiz. En Tokio 1964 Juan Fabila Mendoza cosech\u00f3 otro tercer lugar. En M\u00e9xico 68, adem\u00e1s de los oros de Delgado y Rold\u00e1n, Joaqu\u00edn Rocha y Agust\u00edn Zaragoza se quedaron con el bronce.<\/p>\n\n\n\n<p>La lista continua con la plata de Alfonso Zamora (M\u00fanich 1972), el bronce de Juan Paredes Miranda (Montreal 1976), la plata de H\u00e9ctor L\u00f3pez Col\u00edn (Los \u00c1ngeles 1984), el tercer lugar de Christian Bejarano (S\u00eddney 2000) y hubo que esperar hasta R\u00edo 2016 a Misael Rodr\u00edguez para celebrar otro bronce.<\/p>\n\n\n\n<p>M\u00e9xico goza de Par\u00eds 2024 con sus cinco medallas. Primero fue el bronce gracias al tridente de tiro con arco que deslumbr\u00f3 con sus flechas directo al 10 por parte de Alejandra Valencia, Ana Paula V\u00e1zquez y \u00c1ngela Ruiz, que cumpli\u00f3 la mayor\u00eda de edad el d\u00eda que gan\u00f3 la medalla.<\/p>\n\n\n\n<p>La segunda presea fue la sorpresa de Prisca Awiti en judo con una plata in\u00e9dita. La tercera fue gracias a la dupla de Osmar Olvera y Juan Manuel Celaya, quienes rozaron el oro y se colgaron una plata valiosa en el trampol\u00edn. La cuarta fue conseguida por el mismo Olvera, ahora como solista, desde los tres metros tras hacerse un lugar entre la potencia de China con un bronce. Con la presea de Marco Green, M\u00e9xico supera lo que hizo en Tokio 2020 y, de momento, empata lo que hizo en R\u00edo 2016.<\/p>\n\n\n\n<p>Fuente: <a href=\"https:\/\/elpais.com\/mexico\/2024-08-09\/un-bravo-marco-verde-se-cuelga-la-medalla-de-plata-en-la-final-de-box-en-los-juegos-olimpicos-de-paris.html\" target=\"_blank\" rel=\"noreferrer noopener\">El Pa\u00eds<\/a><\/p>\n","protected":false},"excerpt":{"rendered":"<p>El boxeador mexicano, de 22 a\u00f1os, cae de pie frente al uzbeko Muydinkhujaev y suma una presea hist\u00f3rica para su pa\u00eds<\/p>\n","protected":false},"author":1,"featured_media":82170,"comment_status":"open","ping_status":"open","sticky":false,"template":"","format":"standard","meta":{"site-sidebar-layout":"default","site-content-layout":"","ast-site-content-layout":"default","site-content-style":"default","site-sidebar-style":"default","ast-global-header-display":"","ast-banner-title-visibility":"","ast-main-header-display":"","ast-hfb-above-header-display":"","ast-hfb-below-header-display":"","ast-hfb-mobile-header-display":"","site-post-title":"","ast-breadcrumbs-content":"","ast-featured-img":"","footer-sml-layout":"","theme-transparent-header-meta":"","adv-header-id-meta":"","stick-header-meta":"","header-above-stick-meta":"","header-main-stick-meta":"","header-below-stick-meta":"","astra-migrate-meta-layouts":"default","ast-page-background-enabled":"default","ast-page-background-meta":{"desktop":{"background-color":"var(--ast-global-color-4)","background-image":"","background-repeat":"repeat","background-position":"center center","background-size":"auto","background-attachment":"scroll","background-type":"","background-media":"","overlay-type":"","overlay-color":"","overlay-opacity":"","overlay-gradient":""},"tablet":{"background-color":"","background-image":"","background-repeat":"repeat","background-position":"center center","background-size":"auto","background-attachment":"scroll","background-type":"","background-media":"","overlay-type":"","overlay-color":"","overlay-opacity":"","overlay-gradient":""},"mobile":{"background-color":"","background-image":"","background-repeat":"repeat","background-position":"center center","background-size":"auto","background-attachment":"scroll","background-type":"","background-media":"","overlay-type":"","overlay-color":"","overlay-opacity":"","overlay-gradient":""}},"ast-content-background-meta":{"desktop":{"background-color":"var(--ast-global-color-5)","background-image":"","background-repeat":"repeat","background-position":"center center","background-size":"auto","background-attachment":"scroll","background-type":"","background-media":"","overlay-type":"","overlay-color":"","overlay-opacity":"","overlay-gradient":""},"tablet":{"background-color":"var(--ast-global-color-5)","background-image":"","background-repeat":"repeat","background-position":"center center","background-size":"auto","background-attachment":"scroll","background-type":"","background-media":"","overlay-type":"","overlay-color":"","overlay-opacity":"","overlay-gradient":""},"mobile":{"background-color":"var(--ast-global-color-5)","background-image":"","background-repeat":"repeat","background-position":"center center","background-size":"auto","background-attachment":"scroll","background-type":"","background-media":"","overlay-type":"","overlay-color":"","overlay-opacity":"","overlay-gradient":""}},"footnotes":""},"categories":[8],"tags":[28685,28684,16493],"class_list":["post-82169","post","type-post","status-publish","format-standard","has-post-thumbnail","hentry","category-noticias","tag-box","tag-marco-verde","tag-paris-2024"],"_links":{"self":[{"href":"https:\/\/losperiodistas.com.mx\/portal\/wp-json\/wp\/v2\/posts\/82169","targetHints":{"allow":["GET"]}}],"collection":[{"href":"https:\/\/losperiodistas.com.mx\/portal\/wp-json\/wp\/v2\/posts"}],"about":[{"href":"https:\/\/losperiodistas.com.mx\/portal\/wp-json\/wp\/v2\/types\/post"}],"author":[{"embeddable":true,"href":"https:\/\/losperiodistas.com.mx\/portal\/wp-json\/wp\/v2\/users\/1"}],"replies":[{"embeddable":true,"href":"https:\/\/losperiodistas.com.mx\/portal\/wp-json\/wp\/v2\/comments?post=82169"}],"version-history":[{"count":1,"href":"https:\/\/losperiodistas.com.mx\/portal\/wp-json\/wp\/v2\/posts\/82169\/revisions"}],"predecessor-version":[{"id":82171,"href":"https:\/\/losperiodistas.com.mx\/portal\/wp-json\/wp\/v2\/posts\/82169\/revisions\/82171"}],"wp:featuredmedia":[{"embeddable":true,"href":"https:\/\/losperiodistas.com.mx\/portal\/wp-json\/wp\/v2\/media\/82170"}],"wp:attachment":[{"href":"https:\/\/losperiodistas.com.mx\/portal\/wp-json\/wp\/v2\/media?parent=82169"}],"wp:term":[{"taxonomy":"category","embeddable":true,"href":"https:\/\/losperiodistas.com.mx\/portal\/wp-json\/wp\/v2\/categories?post=82169"},{"taxonomy":"post_tag","embeddable":true,"href":"https:\/\/losperiodistas.com.mx\/portal\/wp-json\/wp\/v2\/tags?post=82169"}],"curies":[{"name":"wp","href":"https:\/\/api.w.org\/{rel}","templated":true}]}}