{"id":8210,"date":"2021-05-20T07:35:20","date_gmt":"2021-05-20T12:35:20","guid":{"rendered":"http:\/\/losperiodistas.com.mx\/portal\/?p=8210"},"modified":"2021-05-20T07:35:21","modified_gmt":"2021-05-20T12:35:21","slug":"el-efecto-lopez-obrador-la-sociedad-mexicana-se-polariza-en-dos-bloques-el-pais","status":"publish","type":"post","link":"https:\/\/losperiodistas.com.mx\/portal\/el-efecto-lopez-obrador-la-sociedad-mexicana-se-polariza-en-dos-bloques-el-pais\/","title":{"rendered":"El \u2018efecto L\u00f3pez Obrador\u2019: la sociedad mexicana se polariza en dos bloques | El Pa\u00eds"},"content":{"rendered":"\n<p style=\"font-size:18px\"><em>Casi la mitad de los ciudadanos votar\u00eda por un hipot\u00e9tico partido liberal y se muestra a favor de una ampliaci\u00f3n de mandato, una opci\u00f3n no contemplada en la Constituci\u00f3n<\/em><\/p>\n\n\n\n<p><\/p>\n\n\n\n<figure class=\"wp-block-image size-large\"><img fetchpriority=\"high\" decoding=\"async\" width=\"1024\" height=\"681\" src=\"https:\/\/losperiodistas.com.mx\/portal\/wp-content\/uploads\/2021\/05\/Captura-de-Pantalla-2021-05-20-a-las-7.30.25-1024x681.jpg\" alt=\"\" class=\"wp-image-8213\" srcset=\"https:\/\/losperiodistas.com.mx\/portal\/wp-content\/uploads\/2021\/05\/Captura-de-Pantalla-2021-05-20-a-las-7.30.25-1024x681.jpg 1024w, https:\/\/losperiodistas.com.mx\/portal\/wp-content\/uploads\/2021\/05\/Captura-de-Pantalla-2021-05-20-a-las-7.30.25-300x199.jpg 300w, https:\/\/losperiodistas.com.mx\/portal\/wp-content\/uploads\/2021\/05\/Captura-de-Pantalla-2021-05-20-a-las-7.30.25-768x510.jpg 768w, https:\/\/losperiodistas.com.mx\/portal\/wp-content\/uploads\/2021\/05\/Captura-de-Pantalla-2021-05-20-a-las-7.30.25.jpg 1288w\" sizes=\"(max-width: 1024px) 100vw, 1024px\" \/><figcaption>El presidente de M\u00e9xico, Andr\u00e9s Manuel L\u00f3pez Obrador, durante un acto p\u00fablico el 5 de mayo.HECTOR VIVAS \/ GETTY IMAGES<\/figcaption><\/figure>\n\n\n\n<p><\/p>\n\n\n\n<p class=\"has-vivid-cyan-blue-color has-text-color has-medium-font-size\">FRANCESCO MANETTO \/ JORGE GALINDO \/ EL PA\u00cdS<\/p>\n\n\n\n<p><\/p>\n\n\n\n<p>Andr\u00e9s Manuel L\u00f3pez Obrador a\u00fan no ha llegado al ecuador de su sexenio y, m\u00e1s all\u00e1 del programa de reformas, ya ha conseguido uno de los prop\u00f3sitos estructurales de su proyecto. Esto es, ser<a href=\"https:\/\/elpais.com\/mexico\/2021-03-31\/la-intacta-fortaleza-electoral-de-lopez-obrador.html\" target=\"_blank\" rel=\"noreferrer noopener\">&nbsp;el eje polarizador de la vida pol\u00edtica&nbsp;<\/a>aun a riesgo de dividir a la sociedad. Su af\u00e1n por marcar la agenda y su omnipresencia en cada debate, desde la tribuna privilegiada de las conferencias de prensa matutinas, se traducen en&nbsp;<a href=\"https:\/\/elpais.com\/mexico\/2021-04-03\/conservador-conservador-conservador-cantaba-la-rana.html\" target=\"_blank\" rel=\"noreferrer noopener\">una visi\u00f3n dual de M\u00e9xico.<\/a>&nbsp;El presidente lo repite pr\u00e1cticamente cada d\u00eda. Todos sus adversarios pertenecen al \u201cpartido conservador\u201d, una formaci\u00f3n que no existe en el tablero pol\u00edtico actual y que L\u00f3pez Obrador usa como contenedor gen\u00e9rico para encasillar las posiciones cr\u00edticas. La campa\u00f1a electoral del 6 de junio se juega en buena medida en ese terreno discursivo. En definitiva, a favor o en contra del mandatario. Enfrente tendr\u00eda a otra formaci\u00f3n que, en su opini\u00f3n, encarnar\u00eda los valores de la llamada Cuarta Transformaci\u00f3n: un hipot\u00e9tico partido liberal con valores pretendidamente progresistas.<\/p>\n\n\n\n<h3 class=\"wp-block-heading\">M\u00c1S INFORMACI\u00d3N<\/h3>\n\n\n\n<ul class=\"wp-block-list\"><li><a href=\"https:\/\/elpais.com\/mexico\/elecciones-mexicanas\/2021-05-19\/el-ejercito-encabeza-la-confianza-en-las-instituciones.html?rel=listapoyo\">El Ej\u00e9rcito encabeza la confianza en las instituciones<\/a><\/li><li><a href=\"https:\/\/elpais.com\/mexico\/elecciones-mexicanas\/2021-05-18\/la-carrera-hacia-las-presidenciales-de-2024-sheinbaum-se-situa-como-favorita-y-gana-por-la-minima-a-ebrard.html?rel=listapoyo\">La carrera hacia las presidenciales de 2024: Sheinbaum se sit\u00faa como favorita y gana por la m\u00ednima a Ebrard<\/a><\/li><li><a href=\"https:\/\/elpais.com\/mexico\/2021-05-17\/morena-pierde-la-mayoria-absoluta-y-necesita-de-aliados-para-controlar-el-congreso.html?rel=listapoyo\">Morena pierde la mayor\u00eda absoluta y necesita de aliados para controlar el Congreso<\/a><\/li><\/ul>\n\n\n\n<p>Una encuesta de SIMO Consulting para EL PAIS refleja que los mexicanos est\u00e1n, en efecto, partidos en bloques. Un 49% de los encuestados declara que votar\u00eda por los liberales, mientras que aproximadamente la mitad, un 25%, apoyar\u00eda a un bloque conservador. Esta fotograf\u00eda recoge a grandes rasgos el clima electoral ante los partidos reales.\u00a0<a href=\"https:\/\/elpais.com\/mexico\/2021-05-17\/morena-pierde-la-mayoria-absoluta-y-necesita-de-aliados-para-controlar-el-congreso.html\" target=\"_blank\" rel=\"noreferrer noopener\">La intenci\u00f3n efectiva de voto a Morena para la C\u00e1mara de Diputados es del 44%.<\/a>\u00a0Sin embargo, ni el comportamiento de L\u00f3pez Obrador puede calificarse de progresista a tenor, por poner ejemplo, de su actitud ante el movimiento feminista y sus ataques a las organizaciones civiles ni en la oposici\u00f3n, hoy desarticulada y sin liderazgo claro, puede encasillarse en un mismo bloque ideol\u00f3gico. <\/p>\n\n\n\n<figure class=\"wp-block-image size-large\"><img decoding=\"async\" width=\"1024\" height=\"169\" src=\"https:\/\/losperiodistas.com.mx\/portal\/wp-content\/uploads\/2021\/05\/Captura-de-Pantalla-2021-05-20-a-las-7.33.46-1024x169.jpg\" alt=\"\" class=\"wp-image-8216\" srcset=\"https:\/\/losperiodistas.com.mx\/portal\/wp-content\/uploads\/2021\/05\/Captura-de-Pantalla-2021-05-20-a-las-7.33.46-1024x169.jpg 1024w, https:\/\/losperiodistas.com.mx\/portal\/wp-content\/uploads\/2021\/05\/Captura-de-Pantalla-2021-05-20-a-las-7.33.46-300x50.jpg 300w, https:\/\/losperiodistas.com.mx\/portal\/wp-content\/uploads\/2021\/05\/Captura-de-Pantalla-2021-05-20-a-las-7.33.46-768x127.jpg 768w, https:\/\/losperiodistas.com.mx\/portal\/wp-content\/uploads\/2021\/05\/Captura-de-Pantalla-2021-05-20-a-las-7.33.46.jpg 1320w\" sizes=\"(max-width: 1024px) 100vw, 1024px\" \/><\/figure>\n\n\n\n<p>Cabe rese\u00f1ar aqu\u00ed, adem\u00e1s, que la no declaraci\u00f3n de posici\u00f3n de un cuarto de la poblaci\u00f3n mexicana es tan diciente como el otro cuarto que se declara conservador. En ese 26% se a\u00fanan tanto aquellos que no se identifican con&nbsp;<a href=\"https:\/\/elpais.com\/mexico\/2021-04-06\/conservadurismo-y-corrupcion-los-filones-de-lopez-obrador-para-hacer-campana-sin-que-lo-parezca.html\" target=\"_blank\" rel=\"noreferrer noopener\">la dicotom\u00eda promovida por L\u00f3pez Obrador,&nbsp;<\/a>como quienes quiz\u00e1s lo har\u00edan de no plantearse dicho encasillamiento como una manera de dividir al pueblo entre un lado proclive al cambio (impl\u00edcitamente, hacia mejor) y otro que desea mantener el (impl\u00edcitamente tambi\u00e9n, peor)&nbsp;<em>statu quo<\/em>. De los conservadores el presidente dec\u00eda, en su primera entrevista en el puesto, en enero de 2019: \u201cConsidero que quieren que se mantenga el mismo r\u00e9gimen, parece una contradicci\u00f3n, mantener el mismo r\u00e9gimen de opresi\u00f3n y cambiar la realidad, hay mucha gente que vive de administrar la tragedia\u201d.<\/p>\n\n\n\n<h2 class=\"wp-block-heading\">La presidencia, figura polarizadora<\/h2>\n\n\n\n<p>En cualquier rep\u00fablica presidencial, la jefatura del Ejecutivo tiende a concentrar pasiones. M\u00e9xico no es una excepci\u00f3n, al contrario: incluso mirando hacia atr\u00e1s, emerge un patr\u00f3n claro de \u201cmitades\u201d. La mitad\u00a0<em>contra<\/em>\u00a0el expresidente Enrique Pe\u00f1a Nieto, que lleg\u00f3 al poder con un aura de cambio y juventud institucionalista pero abandon\u00f3 el cargo con uno de los niveles m\u00e1s bajos de aprobaci\u00f3n que recordaba la oficina presidencial. Y tambi\u00e9n la mitad a favor de L\u00f3pez Obrador. Si al primero un 52% le considera el peor de los \u00faltimos tres mandatarios, al segundo un 56% le ve como el mejor. Es probable que muchos mexicanos est\u00e9n en ambas categor\u00edas, configurando una suerte de mitad polarizada en la contraposici\u00f3n Pe\u00f1a Nieto-L\u00f3pez Obrador. Eso tambi\u00e9n forma parte del discurso p\u00fablico del mandatario, cuyo programa\u00a0<a href=\"https:\/\/elpais.com\/internacional\/2019\/05\/14\/actualidad\/1557787197_410041.html\" target=\"_blank\" rel=\"noreferrer noopener\">busca romper con las pasadas Administraciones del PRI y del PAN,\u00a0<\/a>empezando por el Gobierno que le precedi\u00f3.<\/p>\n\n\n\n<figure class=\"wp-block-image size-large\"><img decoding=\"async\" width=\"1024\" height=\"313\" src=\"https:\/\/losperiodistas.com.mx\/portal\/wp-content\/uploads\/2021\/05\/Captura-de-Pantalla-2021-05-20-a-las-7.32.15-1024x313.jpg\" alt=\"\" class=\"wp-image-8214\" srcset=\"https:\/\/losperiodistas.com.mx\/portal\/wp-content\/uploads\/2021\/05\/Captura-de-Pantalla-2021-05-20-a-las-7.32.15-1024x313.jpg 1024w, https:\/\/losperiodistas.com.mx\/portal\/wp-content\/uploads\/2021\/05\/Captura-de-Pantalla-2021-05-20-a-las-7.32.15-300x92.jpg 300w, https:\/\/losperiodistas.com.mx\/portal\/wp-content\/uploads\/2021\/05\/Captura-de-Pantalla-2021-05-20-a-las-7.32.15-768x235.jpg 768w, https:\/\/losperiodistas.com.mx\/portal\/wp-content\/uploads\/2021\/05\/Captura-de-Pantalla-2021-05-20-a-las-7.32.15.jpg 1310w\" sizes=\"(max-width: 1024px) 100vw, 1024px\" \/><\/figure>\n\n\n\n<p>Sin embargo, ausencia de una oposici\u00f3n n\u00edtida en el presente al actual jefe del Estado correlaciona as\u00ed con la falta de un referente en el pasado: el \u201cno sabe, no responde\u201d es la segunda opci\u00f3n m\u00e1s popular. El fen\u00f3meno, habitual en otras rep\u00fablicas presidenciales, de endulzamiento de mandatos anteriores, no se da en la sociedad mexicana. Ello contribuye a que la polarizaci\u00f3n se articule en realidad en torno a un solo polo: L\u00f3pez Obrador.<\/p>\n\n\n\n<p>El presidente, de hecho, aprovecha esa circunstancia y la alimenta. Y no solo en la disputa estrictamente pol\u00edtica, su h\u00e1bitat natural desde hace d\u00e9cadas, sino tambi\u00e9n en el cuerpo con otras instituciones del Estado, que en su opini\u00f3n representan a un pasado supuestamente conservador y que, por tanto, deben ser combatidas.&nbsp;<a href=\"https:\/\/elpais.com\/mexico\/2021-05-17\/las-denuncias-contra-lopez-obrador-por-saltarse-la-veda-electoral-escalan-hasta-la-oea.html\" target=\"_blank\" rel=\"noreferrer noopener\">Del Instituto Nacional Electoral (INE) al Tribunal Electoral&nbsp;<\/a>y la judicatura en general. Desde la tribuna de las ma\u00f1aneras, adem\u00e1s, L\u00f3pez Obrador se ha empleado en m\u00faltiples ocasiones en demostrar una supuesta equivalencia entre el conservadurismo y la corrupci\u00f3n que golpea a M\u00e9xico.<\/p>\n\n\n\n<p>Aun as\u00ed. en ning\u00fan caso es tan clara esta divisi\u00f3n como cuando las preguntas se centran exclusivamente en su posible continuidad, bien sea por reelecci\u00f3n o por extensi\u00f3n de mandato. Hasta ahora, el presidente ha negado su intenci\u00f3n de&nbsp;<a href=\"https:\/\/elpais.com\/mexico\/elecciones-mexicanas\/2021-05-18\/la-carrera-hacia-las-presidenciales-de-2024-sheinbaum-se-situa-como-favorita-y-gana-por-la-minima-a-ebrard.html\" target=\"_blank\" rel=\"noreferrer noopener\">mantenerse en el cargo y en 2019&nbsp;<\/a>hasta firm\u00f3 una carta comprometi\u00e9ndose a ello. Con todo, se ha prestado a alimentar las especulaciones al respecto, llegando a afirmar el pasado 20 de abril: \u201cEscuch\u00e9 que si se ampl\u00eda el periodo de la Suprema Corte es porque yo quiero reelegirme [&#8230;]. No, yo no soy como ellos, como los que han acariciado siempre este prop\u00f3sito de reelegirse\u201d. Con ello mantiene su l\u00ednea de separaci\u00f3n de la vieja pol\u00edtica, constante en todo su discurso.<\/p>\n\n\n\n<p>La semana pasada insisti\u00f3: \u201cVoy a decir otra cosa que les va a molestar mucho a los conservadores, a mis adversarios. \u2018Reel\u00edjase, reel\u00edjase.\u2019 Les dec\u00eda: No, \u00bfque no ven que ya estoy chocheando y que adem\u00e1s soy partidario de la no reelecci\u00f3n, soy maderista?.\u00a0<a href=\"https:\/\/elpais.com\/internacional\/2019\/03\/19\/mexico\/1553017581_445648.html\">Ya hasta el 24 y me jubilo\u201d,\u00a0<\/a>afirm\u00f3. Pero, al ser interpelada por ambas posibilidades (una reelecci\u00f3n para un segundo sexenio o una extensi\u00f3n de dos a\u00f1os, como con el presidente del Supremo), la ciudadan\u00eda mexicana se parte en dos mitades pr\u00e1cticamente id\u00e9nticas. Una de ellas al menos s\u00ed estar\u00eda a favor de modificar el actual l\u00edmite constitucional de seis a\u00f1os. <\/p>\n\n\n\n<figure class=\"wp-block-image size-large\"><img loading=\"lazy\" decoding=\"async\" width=\"1024\" height=\"231\" src=\"https:\/\/losperiodistas.com.mx\/portal\/wp-content\/uploads\/2021\/05\/Captura-de-Pantalla-2021-05-20-a-las-7.32.52-1024x231.jpg\" alt=\"\" class=\"wp-image-8215\" srcset=\"https:\/\/losperiodistas.com.mx\/portal\/wp-content\/uploads\/2021\/05\/Captura-de-Pantalla-2021-05-20-a-las-7.32.52-1024x231.jpg 1024w, https:\/\/losperiodistas.com.mx\/portal\/wp-content\/uploads\/2021\/05\/Captura-de-Pantalla-2021-05-20-a-las-7.32.52-300x68.jpg 300w, https:\/\/losperiodistas.com.mx\/portal\/wp-content\/uploads\/2021\/05\/Captura-de-Pantalla-2021-05-20-a-las-7.32.52-768x174.jpg 768w, https:\/\/losperiodistas.com.mx\/portal\/wp-content\/uploads\/2021\/05\/Captura-de-Pantalla-2021-05-20-a-las-7.32.52.jpg 1310w\" sizes=\"(max-width: 1024px) 100vw, 1024px\" \/><\/figure>\n\n\n\n<p><em><strong>Metodolog\u00eda<\/strong><\/em><em>. Encuesta de opini\u00f3n p\u00fablica realizada por SIMO M\u00e9xico a 2.000 casos efectivos, con levantamiento cara a cara, entre el 10 y el 14 de mayo de 2021. La poblaci\u00f3n objetivo fue hombres y mujeres mayores de edad (18 a\u00f1os o m\u00e1s), que tengan credencial para votar vigente, que voten en la secci\u00f3n electoral seleccionada. El margen de error asumido es, +\/- 3.46% con un efecto de dise\u00f1o de 2,5 (calibraci\u00f3n por m\u00e9todo de ranking por sexo, rango de edad y total por circunscripci\u00f3n), para un nivel de confianza del 95%.<\/em><\/p>\n\n\n\n<p><a href=\"https:\/\/plus.elpais.com\/newsletters\/lnp\/1\/348\"><em>Suscr\u00edbase aqu\u00ed a la newsletter de EL PA\u00cdS M\u00e9xico<\/em><\/a><em>y reciba todas las claves informativas de la actualidad de este pa\u00eds<\/em><\/p>\n\n\n\n<p>Fuente: https:\/\/elpais.com\/mexico\/elecciones-mexicanas\/2021-05-20\/el-efecto-lopez-obrador-la-sociedad-mexicana-se-polariza-en-dos-bloques.html<\/p>\n","protected":false},"excerpt":{"rendered":"<p>Casi la mitad de los ciudadanos votar\u00eda por un hipot\u00e9tico partido liberal y se muestra a favor de una ampliaci\u00f3n [&hellip;]<\/p>\n","protected":false},"author":1,"featured_media":8213,"comment_status":"open","ping_status":"open","sticky":false,"template":"","format":"standard","meta":{"site-sidebar-layout":"default","site-content-layout":"","ast-site-content-layout":"default","site-content-style":"default","site-sidebar-style":"default","ast-global-header-display":"","ast-banner-title-visibility":"","ast-main-header-display":"","ast-hfb-above-header-display":"","ast-hfb-below-header-display":"","ast-hfb-mobile-header-display":"","site-post-title":"","ast-breadcrumbs-content":"","ast-featured-img":"","footer-sml-layout":"","theme-transparent-header-meta":"","adv-header-id-meta":"","stick-header-meta":"","header-above-stick-meta":"","header-main-stick-meta":"","header-below-stick-meta":"","astra-migrate-meta-layouts":"default","ast-page-background-enabled":"default","ast-page-background-meta":{"desktop":{"background-color":"var(--ast-global-color-4)","background-image":"","background-repeat":"repeat","background-position":"center center","background-size":"auto","background-attachment":"scroll","background-type":"","background-media":"","overlay-type":"","overlay-color":"","overlay-opacity":"","overlay-gradient":""},"tablet":{"background-color":"","background-image":"","background-repeat":"repeat","background-position":"center center","background-size":"auto","background-attachment":"scroll","background-type":"","background-media":"","overlay-type":"","overlay-color":"","overlay-opacity":"","overlay-gradient":""},"mobile":{"background-color":"","background-image":"","background-repeat":"repeat","background-position":"center center","background-size":"auto","background-attachment":"scroll","background-type":"","background-media":"","overlay-type":"","overlay-color":"","overlay-opacity":"","overlay-gradient":""}},"ast-content-background-meta":{"desktop":{"background-color":"var(--ast-global-color-5)","background-image":"","background-repeat":"repeat","background-position":"center center","background-size":"auto","background-attachment":"scroll","background-type":"","background-media":"","overlay-type":"","overlay-color":"","overlay-opacity":"","overlay-gradient":""},"tablet":{"background-color":"var(--ast-global-color-5)","background-image":"","background-repeat":"repeat","background-position":"center center","background-size":"auto","background-attachment":"scroll","background-type":"","background-media":"","overlay-type":"","overlay-color":"","overlay-opacity":"","overlay-gradient":""},"mobile":{"background-color":"var(--ast-global-color-5)","background-image":"","background-repeat":"repeat","background-position":"center center","background-size":"auto","background-attachment":"scroll","background-type":"","background-media":"","overlay-type":"","overlay-color":"","overlay-opacity":"","overlay-gradient":""}},"footnotes":""},"categories":[8],"tags":[1602,1603],"class_list":["post-8210","post","type-post","status-publish","format-standard","has-post-thumbnail","hentry","category-noticias","tag-amlo-eje-polarizador-de-mexico","tag-mexico-liberales-y-conservadores"],"_links":{"self":[{"href":"https:\/\/losperiodistas.com.mx\/portal\/wp-json\/wp\/v2\/posts\/8210","targetHints":{"allow":["GET"]}}],"collection":[{"href":"https:\/\/losperiodistas.com.mx\/portal\/wp-json\/wp\/v2\/posts"}],"about":[{"href":"https:\/\/losperiodistas.com.mx\/portal\/wp-json\/wp\/v2\/types\/post"}],"author":[{"embeddable":true,"href":"https:\/\/losperiodistas.com.mx\/portal\/wp-json\/wp\/v2\/users\/1"}],"replies":[{"embeddable":true,"href":"https:\/\/losperiodistas.com.mx\/portal\/wp-json\/wp\/v2\/comments?post=8210"}],"version-history":[{"count":1,"href":"https:\/\/losperiodistas.com.mx\/portal\/wp-json\/wp\/v2\/posts\/8210\/revisions"}],"predecessor-version":[{"id":8217,"href":"https:\/\/losperiodistas.com.mx\/portal\/wp-json\/wp\/v2\/posts\/8210\/revisions\/8217"}],"wp:featuredmedia":[{"embeddable":true,"href":"https:\/\/losperiodistas.com.mx\/portal\/wp-json\/wp\/v2\/media\/8213"}],"wp:attachment":[{"href":"https:\/\/losperiodistas.com.mx\/portal\/wp-json\/wp\/v2\/media?parent=8210"}],"wp:term":[{"taxonomy":"category","embeddable":true,"href":"https:\/\/losperiodistas.com.mx\/portal\/wp-json\/wp\/v2\/categories?post=8210"},{"taxonomy":"post_tag","embeddable":true,"href":"https:\/\/losperiodistas.com.mx\/portal\/wp-json\/wp\/v2\/tags?post=8210"}],"curies":[{"name":"wp","href":"https:\/\/api.w.org\/{rel}","templated":true}]}}