{"id":81424,"date":"2024-08-01T16:03:14","date_gmt":"2024-08-01T21:03:14","guid":{"rendered":"https:\/\/losperiodistas.com.mx\/portal\/?p=81424"},"modified":"2024-08-01T16:03:16","modified_gmt":"2024-08-01T21:03:16","slug":"conferencias-mananeras-tendran-cambios-adelanta-sheinbaum-la-jornada","status":"publish","type":"post","link":"https:\/\/losperiodistas.com.mx\/portal\/conferencias-mananeras-tendran-cambios-adelanta-sheinbaum-la-jornada\/","title":{"rendered":"Conferencias ma\u00f1aneras tendr\u00e1n cambios, adelanta Sheinbaum | La Jornada"},"content":{"rendered":"\n<figure class=\"wp-block-image\"><img decoding=\"async\" src=\"https:\/\/www.jornada.com.mx\/ndjsimg\/images\/jornada\/jornadaimg\/conferencias-mananeras-tendran-cambios-adelanta-sheinbaum-3080\/conferencias-mananeras-tendran-cambios-adelanta-sheinbaum-3080html-claudia-sheinbaum-6jpeg-3428html-361c9022-cf4f-4efd-9eda-be6238538890.jpegljnimgndimage=fullsize\" alt=\"Imagen\"\/><figcaption>La presidenta electa, Claudia Sheinbaum, confirm\u00f3 que habr\u00e1 conferencias ma\u00f1aneras diario durante su gesti\u00f3n. Foto Germ\u00e1n Canseco<\/figcaption><\/figure>\n\n\n\n<p class=\"has-vivid-red-color has-text-color has-medium-font-size\"><a href=\"https:\/\/www.jornada.com.mx\/autores\/N%C3%A9stor%20Jim%C3%A9nez\">N<\/a><strong><a href=\"https:\/\/www.jornada.com.mx\/autores\/N%C3%A9stor%20Jim%C3%A9nez\">\u00e9stor Jim\u00e9nez<\/a>.  \/ La Jornada<\/strong><\/p>\n\n\n\n<p><em>Ciudad de M\u00e9xico.<\/em>\u00a0Luego de mostrar el resultado de las encuestas que instruy\u00f3 realizar para conocer la opini\u00f3n de la ciudadan\u00eda sobre las \u201cma\u00f1aneras\u201d que encabeza el presidente Andr\u00e9s Manuel L\u00f3pez Obrador, la virtual presidenta electa, Claudia Sheinbaum, confirm\u00f3 este jueves que habr\u00e1 conferencias diarias durante su gesti\u00f3n, pero a\u00fan analiza los formatos y horarios en los que se realizar\u00e1. Recalc\u00f3 que \u201cevidentemente tiene que haber cambios al esquema\u201d actual.<br><br>Durante una conferencia de prensa, mostr\u00f3 los resultados del ejercicio demosc\u00f3pico en los que se indica que el 33.1 por ciento de las personas consultadas prefieren que las conferencias se realicen de manera diaria; el 25.9 por ciento dijo que se realicen dos veces por semana y el 28.2 por ciento prefiri\u00f3 que sea una vez por semana. El resto expres\u00f3 que sea una vez al mes o que no se realicen.<br><br>La pr\u00f3xima mandataria detall\u00f3 que, en las encuestas que fueron realizadas su equipo interno, tambi\u00e9n se consult\u00f3 sobre el horario que prefiere la poblaci\u00f3n para una conferencia diaria.<br><br>En ese caso, el 45.1 por ciento se\u00f1al\u00f3 su preferencia por el horario de entre las 7:00 y 9:00 de la ma\u00f1ana y el 11.6 por ciento porque sea de 9:00 a las 11:00 de la ma\u00f1ana. Tambi\u00e9n, un 29.3 por ciento prefiri\u00f3 un horario nocturno, entre las 20:00 y 22:00 horas. A la vez, el 6 por ciento se inclin\u00f3 por un horario de 12:00 y las 14:00 horas, y 8 por ciento porque sea de las 14:00 a las 16:00 horas.<br><br>Otro de los temas que se consult\u00f3 fue sobre el tema y los objetivos de este espacio. La mayor\u00eda pidi\u00f3 conocer de temas de seguridad, seguido de los relacionados con salud, econom\u00eda, educaci\u00f3n, programas sociales, obras e infraestructura, proyecci\u00f3n y civil, y finalmente sobre temas pol\u00edticos relevantes.<br><br>Tambi\u00e9n, el 36.2 por ciento pidi\u00f3 que se priorice la informaci\u00f3n sobre la situaci\u00f3n del pa\u00eds; el 22.9 por ciento, sobre el avance de acciones y proyectos de gobierno; el 15.7 por ciento sobre las preguntas ciudadanas; el 7.3 por ciento sobre informaci\u00f3n de los gobiernos estatales y el 6.4 por ciento pidi\u00f3 destacar las preguntas y respuestas de los medios de comunicaci\u00f3n.<br><br>Sheinbaum Pardo expuso que \u201cestamos trabajando en c\u00f3mo vamos a tener nuestra informaci\u00f3n diaria. Del horario, estamos tomando en cuenta la opini\u00f3n de la ciudadan\u00eda y tambi\u00e9n la forma en que va a ser la comunicaci\u00f3n, porque evidentemente tiene que haber cambios al esquema de c\u00f3mo se presenta la \u2018ma\u00f1anera\u2019 del presidente\u201d.<br><br>Sobre la actual conferencia presidencial matutina, dijo que ha habido una apropiaci\u00f3n de la poblaci\u00f3n sobre ese espacio, e insisti\u00f3 que mientras el tabasque\u00f1o \u201ctiene su forma y su estilo propio\u201d, \u201cnosotros generaremos un esquema tambi\u00e9n de informaci\u00f3n\u201d.<br><br>De igual forma, apunt\u00f3 que sigue con el an\u00e1lisis sobre si vivir\u00e1 en Palacio Nacional, lo cual tiene \u201cvirtudes y ventajas\u201d pr\u00e1cticas. Es una decisi\u00f3n que est\u00e1 conversando con su esposo, agreg\u00f3.<\/p>\n\n\n\n<p>Fuente: <a href=\"https:\/\/www.jornada.com.mx\/noticia\/2024\/08\/01\/politica\/conferencias-mananeras-tendran-cambios-adelanta-sheinbaum-3080\">https:\/\/www.jornada.com.mx\/noticia\/2024\/08\/01\/politica\/conferencias-mananeras-tendran-cambios-adelanta-sheinbaum-3080<\/a><\/p>\n","protected":false},"excerpt":{"rendered":"<p>N\u00e9stor Jim\u00e9nez. \/ La Jornada Ciudad de M\u00e9xico.\u00a0Luego de mostrar el resultado de las encuestas que instruy\u00f3 realizar para conocer [&hellip;]<\/p>\n","protected":false},"author":1,"featured_media":81427,"comment_status":"open","ping_status":"open","sticky":false,"template":"","format":"standard","meta":{"site-sidebar-layout":"default","site-content-layout":"","ast-site-content-layout":"default","site-content-style":"default","site-sidebar-style":"default","ast-global-header-display":"","ast-banner-title-visibility":"","ast-main-header-display":"","ast-hfb-above-header-display":"","ast-hfb-below-header-display":"","ast-hfb-mobile-header-display":"","site-post-title":"","ast-breadcrumbs-content":"","ast-featured-img":"","footer-sml-layout":"","theme-transparent-header-meta":"","adv-header-id-meta":"","stick-header-meta":"","header-above-stick-meta":"","header-main-stick-meta":"","header-below-stick-meta":"","astra-migrate-meta-layouts":"default","ast-page-background-enabled":"default","ast-page-background-meta":{"desktop":{"background-color":"var(--ast-global-color-4)","background-image":"","background-repeat":"repeat","background-position":"center center","background-size":"auto","background-attachment":"scroll","background-type":"","background-media":"","overlay-type":"","overlay-color":"","overlay-opacity":"","overlay-gradient":""},"tablet":{"background-color":"","background-image":"","background-repeat":"repeat","background-position":"center center","background-size":"auto","background-attachment":"scroll","background-type":"","background-media":"","overlay-type":"","overlay-color":"","overlay-opacity":"","overlay-gradient":""},"mobile":{"background-color":"","background-image":"","background-repeat":"repeat","background-position":"center center","background-size":"auto","background-attachment":"scroll","background-type":"","background-media":"","overlay-type":"","overlay-color":"","overlay-opacity":"","overlay-gradient":""}},"ast-content-background-meta":{"desktop":{"background-color":"var(--ast-global-color-5)","background-image":"","background-repeat":"repeat","background-position":"center center","background-size":"auto","background-attachment":"scroll","background-type":"","background-media":"","overlay-type":"","overlay-color":"","overlay-opacity":"","overlay-gradient":""},"tablet":{"background-color":"var(--ast-global-color-5)","background-image":"","background-repeat":"repeat","background-position":"center center","background-size":"auto","background-attachment":"scroll","background-type":"","background-media":"","overlay-type":"","overlay-color":"","overlay-opacity":"","overlay-gradient":""},"mobile":{"background-color":"var(--ast-global-color-5)","background-image":"","background-repeat":"repeat","background-position":"center center","background-size":"auto","background-attachment":"scroll","background-type":"","background-media":"","overlay-type":"","overlay-color":"","overlay-opacity":"","overlay-gradient":""}},"footnotes":""},"categories":[8],"tags":[28322,28321],"class_list":["post-81424","post","type-post","status-publish","format-standard","has-post-thumbnail","hentry","category-noticias","tag-habra-cambios-en-mananeras","tag-sheinbaum-mananeras"],"_links":{"self":[{"href":"https:\/\/losperiodistas.com.mx\/portal\/wp-json\/wp\/v2\/posts\/81424","targetHints":{"allow":["GET"]}}],"collection":[{"href":"https:\/\/losperiodistas.com.mx\/portal\/wp-json\/wp\/v2\/posts"}],"about":[{"href":"https:\/\/losperiodistas.com.mx\/portal\/wp-json\/wp\/v2\/types\/post"}],"author":[{"embeddable":true,"href":"https:\/\/losperiodistas.com.mx\/portal\/wp-json\/wp\/v2\/users\/1"}],"replies":[{"embeddable":true,"href":"https:\/\/losperiodistas.com.mx\/portal\/wp-json\/wp\/v2\/comments?post=81424"}],"version-history":[{"count":1,"href":"https:\/\/losperiodistas.com.mx\/portal\/wp-json\/wp\/v2\/posts\/81424\/revisions"}],"predecessor-version":[{"id":81428,"href":"https:\/\/losperiodistas.com.mx\/portal\/wp-json\/wp\/v2\/posts\/81424\/revisions\/81428"}],"wp:featuredmedia":[{"embeddable":true,"href":"https:\/\/losperiodistas.com.mx\/portal\/wp-json\/wp\/v2\/media\/81427"}],"wp:attachment":[{"href":"https:\/\/losperiodistas.com.mx\/portal\/wp-json\/wp\/v2\/media?parent=81424"}],"wp:term":[{"taxonomy":"category","embeddable":true,"href":"https:\/\/losperiodistas.com.mx\/portal\/wp-json\/wp\/v2\/categories?post=81424"},{"taxonomy":"post_tag","embeddable":true,"href":"https:\/\/losperiodistas.com.mx\/portal\/wp-json\/wp\/v2\/tags?post=81424"}],"curies":[{"name":"wp","href":"https:\/\/api.w.org\/{rel}","templated":true}]}}