{"id":81335,"date":"2024-07-31T12:25:19","date_gmt":"2024-07-31T17:25:19","guid":{"rendered":"https:\/\/losperiodistas.com.mx\/portal\/?p=81335"},"modified":"2024-07-31T12:25:21","modified_gmt":"2024-07-31T17:25:21","slug":"el-centro-carter-critica-la-eleccion-en-venezuela-y-dice-que-no-puede-ser-considerada-democratica-ld","status":"publish","type":"post","link":"https:\/\/losperiodistas.com.mx\/portal\/el-centro-carter-critica-la-eleccion-en-venezuela-y-dice-que-no-puede-ser-considerada-democratica-ld\/","title":{"rendered":"El Centro Carter critica la elecci\u00f3n en Venezuela y dice que \u00abno puede ser considerada democr\u00e1tica\u00bb | LD"},"content":{"rendered":"\n<h2 class=\"has-vivid-green-cyan-background-color has-background wp-block-heading\">Uno de los organismos invitados por el chavismo hizo p\u00fablico su informe en el que critica el proceso electoral.<\/h2>\n\n\n\n<figure class=\"wp-block-image size-full\"><img fetchpriority=\"high\" decoding=\"async\" width=\"954\" height=\"634\" src=\"https:\/\/losperiodistas.com.mx\/portal\/wp-content\/uploads\/2024\/07\/centro-carter-300724.jpg\" alt=\"\" class=\"wp-image-81336\" srcset=\"https:\/\/losperiodistas.com.mx\/portal\/wp-content\/uploads\/2024\/07\/centro-carter-300724.jpg 954w, https:\/\/losperiodistas.com.mx\/portal\/wp-content\/uploads\/2024\/07\/centro-carter-300724-300x199.jpg 300w, https:\/\/losperiodistas.com.mx\/portal\/wp-content\/uploads\/2024\/07\/centro-carter-300724-768x510.jpg 768w\" sizes=\"(max-width: 954px) 100vw, 954px\" \/><figcaption>Un integrante de la misi\u00f3n de observaci\u00f3n electoral del Centro Carter. |\u00a0EFE<\/figcaption><\/figure>\n\n\n\n<p class=\"has-vivid-red-color has-text-color has-medium-font-size\"><strong>AGENCIAS \/ LIBERTAD DIGITAL<\/strong><\/p>\n\n\n\n<p>El Centro Carter, que particip\u00f3 como observador en las elecciones presidenciales de Venezuela, manifest\u00f3 este martes que el proceso \u00abno se adecu\u00f3\u00bb a los par\u00e1metros y est\u00e1ndares internacionales de integridad electoral, por lo que \u00abno puede ser considerada como democr\u00e1tica\u00bb.<\/p>\n\n\n\n<p>\u00abEl Centro Carter no puede verificar o corroborar la autenticidad de los resultados de la elecci\u00f3n presidencial declarados por el Consejo Nacional Electoral (CNE) de Venezuela\u00bb, manifest\u00f3 el Centro Carter en un comunicado.<\/p>\n\n\n\n<figure class=\"wp-block-embed is-type-rich is-provider-twitter wp-block-embed-twitter\"><div class=\"wp-block-embed__wrapper\">\n<blockquote class=\"twitter-tweet\" data-width=\"500\" data-dnt=\"true\"><p lang=\"ro\" dir=\"ltr\">Venezuela\u2019s 2024 presidential election did not meet international standards of electoral integrity and cannot be considered democratic.<br><br>Statement: <a href=\"https:\/\/t.co\/STzUw7AZGf\">https:\/\/t.co\/STzUw7AZGf<\/a><br><br>Declaraci\u00f3n: <a href=\"https:\/\/t.co\/61O4IlApdW\">https:\/\/t.co\/61O4IlApdW<\/a><\/p>&mdash; The Carter Center (@CarterCenter) <a href=\"https:\/\/twitter.com\/CarterCenter\/status\/1818483787002417509?ref_src=twsrc%5Etfw\">July 31, 2024<\/a><\/blockquote><script async src=\"https:\/\/platform.twitter.com\/widgets.js\" charset=\"utf-8\"><\/script>\n<\/div><\/figure>\n\n\n\n<p>La organizaci\u00f3n destac\u00f3 que el ente electoral, que ha dado por ganador al dictador Nicol\u00e1s Maduro a falta de m\u00e1s de dos millones de votos por computar, no ha anunciado los resultados desglosados por mesa, lo que \u00abconstituye una grave violaci\u00f3n de los principios electorales\u00bb. Explic\u00f3 que el proceso electoral \u00abno ha alcanzado los est\u00e1ndares internacionales de integridad en ninguna de sus etapas relevantes y ha infringido numerosos preceptos de la propia legislaci\u00f3n nacional\u00bb.<\/p>\n\n\n\n<p>De acuerdo al Centro Carter, \u00abse desarroll\u00f3 en un ambiente de libertades restringidas en detrimento de actores pol\u00edticos, organizaciones de la sociedad civil y medios de comunicaci\u00f3n\u00bb y durante del proceso, las autoridades del CNE \u00abmostraron parcialidad a favor del oficialismo y en contra de las candidaturas de la oposici\u00f3n\u00bb.<\/p>\n\n\n\n<p>La organizaci\u00f3n tambi\u00e9n record\u00f3, \u00abde manera a\u00fan m\u00e1s importante\u00bb, que la inscripci\u00f3n de la candidatura de las principales fuerzas de oposici\u00f3n \u00abse hall\u00f3 sujeta a la discrecionalidad de las autoridades electorales que adoptaron decisiones sin respetar principios jur\u00eddicos b\u00e1sicos\u00bb.<\/p>\n\n\n\n<p>El Centro Carter destac\u00f3 que la campa\u00f1a electoral se desarroll\u00f3 \u00abcon un notable desequilibrio a favor del Gobierno en todos los campos. La candidatura oficialista cont\u00f3 con muy amplios recursos, lo que se tradujo en la gran desproporci\u00f3n de m\u00edtines, murales, vallas y afiches a su favor\u00bb.<\/p>\n\n\n\n<p>Los observadores del Centro Carter \u00abcomprobaron la voluntad de la ciudadan\u00eda venezolana por participar en un proceso electoral democr\u00e1tico y demostrando su compromiso c\u00edvico como integrantes de mesa, testigos de partidos y observadores\u00bb. \u00abEstos esfuerzos fueron desmerecidos por la ausencia de transparencia del CNE en la difusi\u00f3n de los resultados\u00bb, dijo la organizaci\u00f3n, que record\u00f3 que la misi\u00f3n fue invitada para observar la elecci\u00f3n presidencial de 2024.<\/p>\n\n\n\n<p>Fuente: <a href=\"https:\/\/www.libertaddigital.com\/internacional\/latinoamerica\/2024-07-31\/el-centro-carter-critica-la-eleccion-en-venezuela-y-dice-que-no-puede-ser-considerada-democratica-7151894\/\">https:\/\/www.libertaddigital.com\/internacional\/latinoamerica\/2024-07-31\/el-centro-carter-critica-la-eleccion-en-venezuela-y-dice-que-no-puede-ser-considerada-democratica-7151894\/<\/a><\/p>\n","protected":false},"excerpt":{"rendered":"<p>Uno de los organismos invitados por el chavismo hizo p\u00fablico su informe en el que critica el proceso electoral. AGENCIAS [&hellip;]<\/p>\n","protected":false},"author":1,"featured_media":81336,"comment_status":"open","ping_status":"open","sticky":false,"template":"","format":"standard","meta":{"site-sidebar-layout":"default","site-content-layout":"","ast-site-content-layout":"default","site-content-style":"default","site-sidebar-style":"default","ast-global-header-display":"","ast-banner-title-visibility":"","ast-main-header-display":"","ast-hfb-above-header-display":"","ast-hfb-below-header-display":"","ast-hfb-mobile-header-display":"","site-post-title":"","ast-breadcrumbs-content":"","ast-featured-img":"","footer-sml-layout":"","theme-transparent-header-meta":"","adv-header-id-meta":"","stick-header-meta":"","header-above-stick-meta":"","header-main-stick-meta":"","header-below-stick-meta":"","astra-migrate-meta-layouts":"default","ast-page-background-enabled":"default","ast-page-background-meta":{"desktop":{"background-color":"var(--ast-global-color-4)","background-image":"","background-repeat":"repeat","background-position":"center center","background-size":"auto","background-attachment":"scroll","background-type":"","background-media":"","overlay-type":"","overlay-color":"","overlay-opacity":"","overlay-gradient":""},"tablet":{"background-color":"","background-image":"","background-repeat":"repeat","background-position":"center center","background-size":"auto","background-attachment":"scroll","background-type":"","background-media":"","overlay-type":"","overlay-color":"","overlay-opacity":"","overlay-gradient":""},"mobile":{"background-color":"","background-image":"","background-repeat":"repeat","background-position":"center center","background-size":"auto","background-attachment":"scroll","background-type":"","background-media":"","overlay-type":"","overlay-color":"","overlay-opacity":"","overlay-gradient":""}},"ast-content-background-meta":{"desktop":{"background-color":"var(--ast-global-color-5)","background-image":"","background-repeat":"repeat","background-position":"center center","background-size":"auto","background-attachment":"scroll","background-type":"","background-media":"","overlay-type":"","overlay-color":"","overlay-opacity":"","overlay-gradient":""},"tablet":{"background-color":"var(--ast-global-color-5)","background-image":"","background-repeat":"repeat","background-position":"center center","background-size":"auto","background-attachment":"scroll","background-type":"","background-media":"","overlay-type":"","overlay-color":"","overlay-opacity":"","overlay-gradient":""},"mobile":{"background-color":"var(--ast-global-color-5)","background-image":"","background-repeat":"repeat","background-position":"center center","background-size":"auto","background-attachment":"scroll","background-type":"","background-media":"","overlay-type":"","overlay-color":"","overlay-opacity":"","overlay-gradient":""}},"footnotes":""},"categories":[8],"tags":[28002,27948,28276,23513,19966,2936],"class_list":["post-81335","post","type-post","status-publish","format-standard","has-post-thumbnail","hentry","category-noticias","tag-centro-carter","tag-edmundo-gonzalez-urrutia","tag-elecciones-no-se-adecuaron-a-parametros-internacionales","tag-elecciones-venezuela","tag-maria-corina-machado","tag-nicolas-maduro"],"_links":{"self":[{"href":"https:\/\/losperiodistas.com.mx\/portal\/wp-json\/wp\/v2\/posts\/81335","targetHints":{"allow":["GET"]}}],"collection":[{"href":"https:\/\/losperiodistas.com.mx\/portal\/wp-json\/wp\/v2\/posts"}],"about":[{"href":"https:\/\/losperiodistas.com.mx\/portal\/wp-json\/wp\/v2\/types\/post"}],"author":[{"embeddable":true,"href":"https:\/\/losperiodistas.com.mx\/portal\/wp-json\/wp\/v2\/users\/1"}],"replies":[{"embeddable":true,"href":"https:\/\/losperiodistas.com.mx\/portal\/wp-json\/wp\/v2\/comments?post=81335"}],"version-history":[{"count":1,"href":"https:\/\/losperiodistas.com.mx\/portal\/wp-json\/wp\/v2\/posts\/81335\/revisions"}],"predecessor-version":[{"id":81337,"href":"https:\/\/losperiodistas.com.mx\/portal\/wp-json\/wp\/v2\/posts\/81335\/revisions\/81337"}],"wp:featuredmedia":[{"embeddable":true,"href":"https:\/\/losperiodistas.com.mx\/portal\/wp-json\/wp\/v2\/media\/81336"}],"wp:attachment":[{"href":"https:\/\/losperiodistas.com.mx\/portal\/wp-json\/wp\/v2\/media?parent=81335"}],"wp:term":[{"taxonomy":"category","embeddable":true,"href":"https:\/\/losperiodistas.com.mx\/portal\/wp-json\/wp\/v2\/categories?post=81335"},{"taxonomy":"post_tag","embeddable":true,"href":"https:\/\/losperiodistas.com.mx\/portal\/wp-json\/wp\/v2\/tags?post=81335"}],"curies":[{"name":"wp","href":"https:\/\/api.w.org\/{rel}","templated":true}]}}