{"id":813,"date":"2020-11-03T06:34:45","date_gmt":"2020-11-03T12:34:45","guid":{"rendered":"http:\/\/losperiodistas.com.mx\/portal\/?p=813"},"modified":"2020-11-03T06:34:45","modified_gmt":"2020-11-03T12:34:45","slug":"tras-la-reivindicacion-del-apellido-moreno-valle","status":"publish","type":"post","link":"https:\/\/losperiodistas.com.mx\/portal\/tras-la-reivindicacion-del-apellido-moreno-valle\/","title":{"rendered":"Tras la reivindicaci\u00f3n del apellido Moreno Valle"},"content":{"rendered":"\n<p style=\"font-size:18px\">*Surge el FSXM; limpia en Registro Civil; SOS de bur\u00f3cratas despedidos<\/p>\n\n\n\n<p style=\"font-size:26px\"><em>Por Ra\u00fal Torres Salmer\u00f3n<\/em><\/p>\n\n\n\n<p>Todo parece indicar que Rafael Moreno Valle Buitr\u00f3n, en un tiempo el primo inc\u00f3modo del ex Gobernador Rafael Moreno Valle Rosas, va por la reivindicaci\u00f3n p\u00fablica y pol\u00edtica de su apellido, pues ahora despacha como Presidente Estatal del nuevo partido Fuerza Social por M\u00e9xico (FSXM).<\/p>\n\n\n\n<p>Ex Presidente del Fideicomiso Atlixc\u00e1yotl y quien ha querido ser candidato a diputado en varias ocasiones, pero le fue negado a causa del apellido, asegura que entiende la filosof\u00eda del nuevo&nbsp; partido al que representa y tiene claro que es una corriente pol\u00edtica de apertura a todo aquel que se quiera sumar.<\/p>\n\n\n\n<p>Adem\u00e1s, est\u00e1 comprometido p\u00fablicamente con darle espacio a j\u00f3venes y mujeres, principalmente a trav\u00e9s de la creaci\u00f3n de comit\u00e9s y posteriormente candidatos a diputados locales, federales, presidentes municipales y regidores.<\/p>\n\n\n\n<p>El fin de semana, en las instalaciones del Instituto Electoral del Estado, Gerardo Islas Maldonado, Presidente Nacional de FSXM, estuvo acompa\u00f1ado por Rafael Moreno Valle Buitr\u00f3n, dirigente estatal, quienes recibieron el acta de registro donde se reconoce a esa organizaci\u00f3n como un partido pol\u00edtico en la entidad y que puede contender en los comicios del a\u00f1o 2021.<\/p>\n\n\n\n<p>FSXM representa el sue\u00f1o ciudadano y de un partido creado sin d\u00e1divas, de manera honesta y no por el hambre de poder, se\u00f1al\u00f3 Islas Maldonado, quien recalc\u00f3 que la ciudadan\u00eda tiene las puertas abiertas sin importar ideolog\u00eda pol\u00edtica, g\u00e9nero, religi\u00f3n o antecedentes de haber pertenecido a otra corriente pol\u00edtica, debido a que este movimiento es de libertades.<\/p>\n\n\n\n<p>Moreno Valle Buitr\u00f3n por su parte, declar\u00f3 que FSXM ser\u00e1 conocido como el partido de las acciones y no de las palabras, adem\u00e1s de refrendar su compromiso con las mujeres del pa\u00eds al recordar que la corriente pol\u00edtica naciente se suma a la iniciativa 3 x 3 contra la violencia hacia las mujeres, adem\u00e1s de hacer un llamado a los j\u00f3venes a integrarse a su partido.<\/p>\n\n\n\n<p>El primer nombramiento fue a favor de Laura Artemisa Garc\u00eda Ch\u00e1vez, como Secretaria General.<\/p>\n\n\n\n<p>LIMPIA EN EL REGISTRO CIVIL<\/p>\n\n\n\n<p>El Gobernador del Estado, Miguel Barbosa Huerta, acompa\u00f1ado del Director del Registro Civil de las Personas, Manuel Carmona Sosa, anunci\u00f3 una limpia en la oficina y una depuraci\u00f3n de sus jueces, pues es una de las \u00e1reas gubernamentales donde m\u00e1s vicios de corrupci\u00f3n se han detectado.<\/p>\n\n\n\n<p>Por su parte, Carmona Sosa present\u00f3 el programa M\u00e1s Cerca de Ti, consistente en la instalaci\u00f3n de mesas receptoras en las 32 regiones del estado para que la ciudadan\u00eda pueda realizar correcciones a sus actas de nacimiento sin la necesidad de viajar a Puebla Capital, donde se ubican las oficinas centrales.<\/p>\n\n\n\n<p>La descentralizaci\u00f3n administrativa permitir\u00e1 que la sociedad no exponga su salud en la pandemia del coronavirus, al evitar viajes innecesarios, pues los jueces acumular\u00e1n expedientes y los llevar\u00e1n a la Direcci\u00f3n General para el procedimiento correspondiente.<\/p>\n\n\n\n<p>Asimismo, se ha declarado la guerra al burocratismo al mejorar y hacer m\u00e1s eficientes los procedimientos y servicios mediante el uso de la tecnolog\u00eda. El Registro Civil tiene como meta digitalizar 4 millones de actas de nacimiento antes de que finalice el a\u00f1o y cualquier persona podr\u00e1 consultar su documento y descargarlo desde cualquier parte del mundo.<\/p>\n\n\n\n<p>SOS DE BUR\u00d3CRATAS DESPEDIDOS<\/p>\n\n\n\n<p>En la Plaza de la Democracia, frente a la BUAP, los trabajadores despedidos Injustificadamente por el Gobierno del Estado, en la \u00e9poca del Gobernador Rafael Moreno Valle Rosas, demandaron a las autoridades una resoluci\u00f3n de sus reclamos.<\/p>\n\n\n\n<figure class=\"wp-block-image size-large\"><img fetchpriority=\"high\" decoding=\"async\" width=\"768\" height=\"1024\" src=\"https:\/\/losperiodistas.com.mx\/portal\/wp-content\/uploads\/2020\/11\/OFRENDA-DE-BURO\u0301CRATAS-DESPEDIDOS.jpg\" alt=\"\" class=\"wp-image-814\" srcset=\"https:\/\/losperiodistas.com.mx\/portal\/wp-content\/uploads\/2020\/11\/OFRENDA-DE-BURO\u0301CRATAS-DESPEDIDOS.jpg 768w, https:\/\/losperiodistas.com.mx\/portal\/wp-content\/uploads\/2020\/11\/OFRENDA-DE-BURO\u0301CRATAS-DESPEDIDOS-225x300.jpg 225w\" sizes=\"(max-width: 768px) 100vw, 768px\" \/><\/figure>\n\n\n\n<p>En pleno D\u00eda de Muertos, colocaron una ofrenda con los nombres de los empleados que han fallecido, que a la fecha suman 37 y donde fueron recordados.<\/p>\n\n\n\n<p>Dieron a conocer nuevamente la insistencia en ser atendidos por el Gobierno estatal, debido a que la mayor\u00eda conforman parte de los grupos vulnerables a la pandemia y otras enfermedades.<\/p>\n\n\n\n<p>Insisten en las promesas hechas por los candidatos respecto a su situaci\u00f3n, que no han sido cumplidas, como son la reinstalaci\u00f3n con indemnizaciones conciliadas, justas y dignas de acuerdo a la etapa procesal de cada uno de los juicios que tienen en curso.<\/p>\n\n\n\n<p>Organiz\u00f3 el evento, la Comisi\u00f3n del Grupo en Digna Resistencia, que preside Marco Antonio Manzano.<\/p>\n\n\n\n<p>En fin, como dir\u00eda una calaverita literaria:<\/p>\n\n\n\n<p>Todo aquel que se muere<\/p>\n\n\n\n<p>en M\u00e9xico en esta crisis,<\/p>\n\n\n\n<p>cuando nos enchiquere<\/p>\n\n\n\n<p>la huesuda y nos encuere,<\/p>\n\n\n\n<p>propone, previo an\u00e1lisis.<\/p>\n\n\n\n<p>no juntar chairos y fif\u00eds,<\/p>\n\n\n\n<p>pues hasta los perros tienen<\/p>\n\n\n\n<p>sus clases sociales tambi\u00e9n.<\/p>\n\n\n\n<p><a href=\"mailto:raultorress@hotmail.com\">raultorress@hotmail.com<\/a><\/p>\n","protected":false},"excerpt":{"rendered":"<p>*Surge el FSXM; limpia en Registro Civil; SOS de bur\u00f3cratas despedidos Por Ra\u00fal Torres Salmer\u00f3n Todo parece indicar que Rafael [&hellip;]<\/p>\n","protected":false},"author":1,"featured_media":815,"comment_status":"open","ping_status":"open","sticky":false,"template":"","format":"standard","meta":{"site-sidebar-layout":"default","site-content-layout":"","ast-site-content-layout":"default","site-content-style":"default","site-sidebar-style":"default","ast-global-header-display":"","ast-banner-title-visibility":"","ast-main-header-display":"","ast-hfb-above-header-display":"","ast-hfb-below-header-display":"","ast-hfb-mobile-header-display":"","site-post-title":"","ast-breadcrumbs-content":"","ast-featured-img":"","footer-sml-layout":"","theme-transparent-header-meta":"","adv-header-id-meta":"","stick-header-meta":"","header-above-stick-meta":"","header-main-stick-meta":"","header-below-stick-meta":"","astra-migrate-meta-layouts":"default","ast-page-background-enabled":"default","ast-page-background-meta":{"desktop":{"background-color":"var(--ast-global-color-4)","background-image":"","background-repeat":"repeat","background-position":"center center","background-size":"auto","background-attachment":"scroll","background-type":"","background-media":"","overlay-type":"","overlay-color":"","overlay-opacity":"","overlay-gradient":""},"tablet":{"background-color":"","background-image":"","background-repeat":"repeat","background-position":"center center","background-size":"auto","background-attachment":"scroll","background-type":"","background-media":"","overlay-type":"","overlay-color":"","overlay-opacity":"","overlay-gradient":""},"mobile":{"background-color":"","background-image":"","background-repeat":"repeat","background-position":"center center","background-size":"auto","background-attachment":"scroll","background-type":"","background-media":"","overlay-type":"","overlay-color":"","overlay-opacity":"","overlay-gradient":""}},"ast-content-background-meta":{"desktop":{"background-color":"var(--ast-global-color-5)","background-image":"","background-repeat":"repeat","background-position":"center center","background-size":"auto","background-attachment":"scroll","background-type":"","background-media":"","overlay-type":"","overlay-color":"","overlay-opacity":"","overlay-gradient":""},"tablet":{"background-color":"var(--ast-global-color-5)","background-image":"","background-repeat":"repeat","background-position":"center center","background-size":"auto","background-attachment":"scroll","background-type":"","background-media":"","overlay-type":"","overlay-color":"","overlay-opacity":"","overlay-gradient":""},"mobile":{"background-color":"var(--ast-global-color-5)","background-image":"","background-repeat":"repeat","background-position":"center center","background-size":"auto","background-attachment":"scroll","background-type":"","background-media":"","overlay-type":"","overlay-color":"","overlay-opacity":"","overlay-gradient":""}},"footnotes":""},"categories":[19],"tags":[],"class_list":["post-813","post","type-post","status-publish","format-standard","has-post-thumbnail","hentry","category-sin-limites-2"],"_links":{"self":[{"href":"https:\/\/losperiodistas.com.mx\/portal\/wp-json\/wp\/v2\/posts\/813","targetHints":{"allow":["GET"]}}],"collection":[{"href":"https:\/\/losperiodistas.com.mx\/portal\/wp-json\/wp\/v2\/posts"}],"about":[{"href":"https:\/\/losperiodistas.com.mx\/portal\/wp-json\/wp\/v2\/types\/post"}],"author":[{"embeddable":true,"href":"https:\/\/losperiodistas.com.mx\/portal\/wp-json\/wp\/v2\/users\/1"}],"replies":[{"embeddable":true,"href":"https:\/\/losperiodistas.com.mx\/portal\/wp-json\/wp\/v2\/comments?post=813"}],"version-history":[{"count":1,"href":"https:\/\/losperiodistas.com.mx\/portal\/wp-json\/wp\/v2\/posts\/813\/revisions"}],"predecessor-version":[{"id":816,"href":"https:\/\/losperiodistas.com.mx\/portal\/wp-json\/wp\/v2\/posts\/813\/revisions\/816"}],"wp:featuredmedia":[{"embeddable":true,"href":"https:\/\/losperiodistas.com.mx\/portal\/wp-json\/wp\/v2\/media\/815"}],"wp:attachment":[{"href":"https:\/\/losperiodistas.com.mx\/portal\/wp-json\/wp\/v2\/media?parent=813"}],"wp:term":[{"taxonomy":"category","embeddable":true,"href":"https:\/\/losperiodistas.com.mx\/portal\/wp-json\/wp\/v2\/categories?post=813"},{"taxonomy":"post_tag","embeddable":true,"href":"https:\/\/losperiodistas.com.mx\/portal\/wp-json\/wp\/v2\/tags?post=813"}],"curies":[{"name":"wp","href":"https:\/\/api.w.org\/{rel}","templated":true}]}}