{"id":81284,"date":"2024-07-30T22:28:45","date_gmt":"2024-07-31T03:28:45","guid":{"rendered":"http:\/\/losperiodistas.com.mx\/portal\/?p=81284"},"modified":"2024-07-30T22:28:47","modified_gmt":"2024-07-31T03:28:47","slug":"exposicion-colectiva-rinde-homenaje-a-rufino-tamayo","status":"publish","type":"post","link":"https:\/\/losperiodistas.com.mx\/portal\/exposicion-colectiva-rinde-homenaje-a-rufino-tamayo\/","title":{"rendered":"Una exposici\u00f3n colectiva rinde homenaje a Rufino Tamayo | La Lista"},"content":{"rendered":"\n<p>Esta exhibici\u00f3n abre paso a las actividades por el 125 aniversario de natalicio del pintor oaxaque\u00f1o.<\/p>\n\n\n\n<figure class=\"wp-block-image size-large\"><img fetchpriority=\"high\" decoding=\"async\" width=\"1024\" height=\"631\" src=\"https:\/\/losperiodistas.com.mx\/portal\/wp-content\/uploads\/2024\/07\/Captura-de-pantalla-2024-07-30-210735-1024x631.png\" alt=\"Exposici\u00f3n colectiva por Rufino Tamayo\" class=\"wp-image-81285\" srcset=\"https:\/\/losperiodistas.com.mx\/portal\/wp-content\/uploads\/2024\/07\/Captura-de-pantalla-2024-07-30-210735-1024x631.png 1024w, https:\/\/losperiodistas.com.mx\/portal\/wp-content\/uploads\/2024\/07\/Captura-de-pantalla-2024-07-30-210735-300x185.png 300w, https:\/\/losperiodistas.com.mx\/portal\/wp-content\/uploads\/2024\/07\/Captura-de-pantalla-2024-07-30-210735-768x473.png 768w, https:\/\/losperiodistas.com.mx\/portal\/wp-content\/uploads\/2024\/07\/Captura-de-pantalla-2024-07-30-210735.png 1194w\" sizes=\"(max-width: 1024px) 100vw, 1024px\" \/><figcaption>Una exposici\u00f3n colectiva rinde homenaje a Rufino Tamayo. Foto: Cortes\u00eda <\/figcaption><\/figure>\n\n\n\n<p class=\"has-vivid-red-color has-text-color\">Redacci\u00f3n \/ La Lista<\/p>\n\n\n\n<p>Fernando Aroche Bello y \u00c1REA 7 inauguraci\u00f3n la exposici\u00f3n <em>Forma y color, oda pict\u00f3rica y gr\u00e1fica a Tamayo<\/em>, con la que buscan rendir homenaje a <strong>Rufino Tamayo<\/strong>.<\/p>\n\n\n\n<p>El pr\u00f3ximo 25 de agosto se cumplir\u00e1n 125 a\u00f1os del natalicio del pintor oaxaque\u00f1o, uno de los m\u00e1s influyentes e importantes del siglo XX a partir de su pr\u00e1ctica pict\u00f3rica.<\/p>\n\n\n\n<p>\u201cNo solo por su expresi\u00f3n pict\u00f3rica, que supo integrar la <strong>simbolog\u00eda de la cultura mexicana desde lo precolombino<\/strong>, sino tambi\u00e9n por ser un gran coleccionista de arte y un embajador cultural de M\u00e9xico ante el mundo\u201d, dijo <strong>Jos\u00e9 Rafael Maule\u00f3n Rodr\u00edguez<\/strong>, director General de ICONOS, Instituto de Investigaci\u00f3n en Comunicaci\u00f3n y Cultura.<\/p>\n\n\n\n<figure class=\"wp-block-image size-large\"><img decoding=\"async\" width=\"1024\" height=\"605\" src=\"https:\/\/losperiodistas.com.mx\/portal\/wp-content\/uploads\/2024\/07\/Captura-de-pantalla-2024-07-30-211122-1024x605.png\" alt=\"\" class=\"wp-image-81286\" srcset=\"https:\/\/losperiodistas.com.mx\/portal\/wp-content\/uploads\/2024\/07\/Captura-de-pantalla-2024-07-30-211122-1024x605.png 1024w, https:\/\/losperiodistas.com.mx\/portal\/wp-content\/uploads\/2024\/07\/Captura-de-pantalla-2024-07-30-211122-300x177.png 300w, https:\/\/losperiodistas.com.mx\/portal\/wp-content\/uploads\/2024\/07\/Captura-de-pantalla-2024-07-30-211122-768x454.png 768w, https:\/\/losperiodistas.com.mx\/portal\/wp-content\/uploads\/2024\/07\/Captura-de-pantalla-2024-07-30-211122.png 1145w\" sizes=\"(max-width: 1024px) 100vw, 1024px\" \/><figcaption>La exhibici\u00f3n re\u00fane reinterpretaciones y miradas de las obras del pintor oaxaque\u00f1o. Foto: Cortes\u00eda<\/figcaption><\/figure>\n\n\n\n<p>La exposici\u00f3n homenaje a Rufino Tamayo cuenta con piezas in\u00e9ditas creadas para honrar al c\u00e9lebre pintor de las sand\u00edas, por lo que est\u00e1n inspiradas en su trabajo.<\/p>\n\n\n\n<p>\u201cEl conjunto permite apreciar la riqueza de la expresividad humana, la cual es inconmensurable y, por ende, imposible de agotar, ya que proviene de lugares a\u00fan no explorados, lo que Basarab Nicolescu reconoce como el Tercero Oculto.<\/p>\n\n\n\n<p>La muestra re\u00fane distintas generaciones de artistas visuales, algunos de ellos provenientes de la Facultad de Artes y Dise\u00f1o (FAD) de la Universidad Nacional Aut\u00f3noma de M\u00e9xico, de la Esmeralda y de otras instituciones de ense\u00f1anza de las artes, tanto p\u00fablicas como privadas.<\/p>\n\n\n\n<figure class=\"wp-block-image size-full\"><img decoding=\"async\" width=\"952\" height=\"656\" src=\"https:\/\/losperiodistas.com.mx\/portal\/wp-content\/uploads\/2024\/07\/Captura-de-pantalla-2024-07-30-211252.png\" alt=\"\" class=\"wp-image-81287\" srcset=\"https:\/\/losperiodistas.com.mx\/portal\/wp-content\/uploads\/2024\/07\/Captura-de-pantalla-2024-07-30-211252.png 952w, https:\/\/losperiodistas.com.mx\/portal\/wp-content\/uploads\/2024\/07\/Captura-de-pantalla-2024-07-30-211252-300x207.png 300w, https:\/\/losperiodistas.com.mx\/portal\/wp-content\/uploads\/2024\/07\/Captura-de-pantalla-2024-07-30-211252-768x529.png 768w\" sizes=\"(max-width: 952px) 100vw, 952px\" \/><\/figure>\n\n\n\n<p>La exposici\u00f3n en honor a los 125 a\u00f1os del nacimiento de Rufino Tamayo tambi\u00e9n cuenta con la participaci\u00f3n de artistas que forman parte de colectivos, grupos o talleres.<\/p>\n\n\n\n<p>La muestra <em>Forma y color, oda pict\u00f3rica y gr\u00e1fica a Tamayo<\/em> permanecer\u00e1 abierta por tres semanas. Puede ser visitada de lunes a s\u00e1bado, de 8:30 a 20:30 horas, en ICONOS, Instituto de Investigaci\u00f3n en Comunicaci\u00f3n y Cultura.<\/p>\n\n\n\n<p>Fuente: <a href=\"https:\/\/la-lista.com\/cultura\/una-exposicion-colectiva-rinde-homenaje-a-rufino-tamayo\" target=\"_blank\" rel=\"noreferrer noopener\">La Lista<\/a><\/p>\n","protected":false},"excerpt":{"rendered":"<p>Esta exhibici\u00f3n abre paso a las actividades por el 125 aniversario de natalicio del pintor oaxaque\u00f1o.<\/p>\n","protected":false},"author":1,"featured_media":81285,"comment_status":"open","ping_status":"open","sticky":false,"template":"","format":"standard","meta":{"site-sidebar-layout":"default","site-content-layout":"","ast-site-content-layout":"default","site-content-style":"default","site-sidebar-style":"default","ast-global-header-display":"","ast-banner-title-visibility":"","ast-main-header-display":"","ast-hfb-above-header-display":"","ast-hfb-below-header-display":"","ast-hfb-mobile-header-display":"","site-post-title":"","ast-breadcrumbs-content":"","ast-featured-img":"","footer-sml-layout":"","theme-transparent-header-meta":"","adv-header-id-meta":"","stick-header-meta":"","header-above-stick-meta":"","header-main-stick-meta":"","header-below-stick-meta":"","astra-migrate-meta-layouts":"default","ast-page-background-enabled":"default","ast-page-background-meta":{"desktop":{"background-color":"var(--ast-global-color-4)","background-image":"","background-repeat":"repeat","background-position":"center center","background-size":"auto","background-attachment":"scroll","background-type":"","background-media":"","overlay-type":"","overlay-color":"","overlay-opacity":"","overlay-gradient":""},"tablet":{"background-color":"","background-image":"","background-repeat":"repeat","background-position":"center center","background-size":"auto","background-attachment":"scroll","background-type":"","background-media":"","overlay-type":"","overlay-color":"","overlay-opacity":"","overlay-gradient":""},"mobile":{"background-color":"","background-image":"","background-repeat":"repeat","background-position":"center center","background-size":"auto","background-attachment":"scroll","background-type":"","background-media":"","overlay-type":"","overlay-color":"","overlay-opacity":"","overlay-gradient":""}},"ast-content-background-meta":{"desktop":{"background-color":"var(--ast-global-color-5)","background-image":"","background-repeat":"repeat","background-position":"center center","background-size":"auto","background-attachment":"scroll","background-type":"","background-media":"","overlay-type":"","overlay-color":"","overlay-opacity":"","overlay-gradient":""},"tablet":{"background-color":"var(--ast-global-color-5)","background-image":"","background-repeat":"repeat","background-position":"center center","background-size":"auto","background-attachment":"scroll","background-type":"","background-media":"","overlay-type":"","overlay-color":"","overlay-opacity":"","overlay-gradient":""},"mobile":{"background-color":"var(--ast-global-color-5)","background-image":"","background-repeat":"repeat","background-position":"center center","background-size":"auto","background-attachment":"scroll","background-type":"","background-media":"","overlay-type":"","overlay-color":"","overlay-opacity":"","overlay-gradient":""}},"footnotes":""},"categories":[8],"tags":[],"class_list":["post-81284","post","type-post","status-publish","format-standard","has-post-thumbnail","hentry","category-noticias"],"_links":{"self":[{"href":"https:\/\/losperiodistas.com.mx\/portal\/wp-json\/wp\/v2\/posts\/81284","targetHints":{"allow":["GET"]}}],"collection":[{"href":"https:\/\/losperiodistas.com.mx\/portal\/wp-json\/wp\/v2\/posts"}],"about":[{"href":"https:\/\/losperiodistas.com.mx\/portal\/wp-json\/wp\/v2\/types\/post"}],"author":[{"embeddable":true,"href":"https:\/\/losperiodistas.com.mx\/portal\/wp-json\/wp\/v2\/users\/1"}],"replies":[{"embeddable":true,"href":"https:\/\/losperiodistas.com.mx\/portal\/wp-json\/wp\/v2\/comments?post=81284"}],"version-history":[{"count":1,"href":"https:\/\/losperiodistas.com.mx\/portal\/wp-json\/wp\/v2\/posts\/81284\/revisions"}],"predecessor-version":[{"id":81288,"href":"https:\/\/losperiodistas.com.mx\/portal\/wp-json\/wp\/v2\/posts\/81284\/revisions\/81288"}],"wp:featuredmedia":[{"embeddable":true,"href":"https:\/\/losperiodistas.com.mx\/portal\/wp-json\/wp\/v2\/media\/81285"}],"wp:attachment":[{"href":"https:\/\/losperiodistas.com.mx\/portal\/wp-json\/wp\/v2\/media?parent=81284"}],"wp:term":[{"taxonomy":"category","embeddable":true,"href":"https:\/\/losperiodistas.com.mx\/portal\/wp-json\/wp\/v2\/categories?post=81284"},{"taxonomy":"post_tag","embeddable":true,"href":"https:\/\/losperiodistas.com.mx\/portal\/wp-json\/wp\/v2\/tags?post=81284"}],"curies":[{"name":"wp","href":"https:\/\/api.w.org\/{rel}","templated":true}]}}