{"id":81281,"date":"2024-07-30T22:03:53","date_gmt":"2024-07-31T03:03:53","guid":{"rendered":"http:\/\/losperiodistas.com.mx\/portal\/?p=81281"},"modified":"2024-07-30T22:03:56","modified_gmt":"2024-07-31T03:03:56","slug":"eu-debe-dar-mas-informacion-sobre-la-detencion-del-mayo-zambada","status":"publish","type":"post","link":"https:\/\/losperiodistas.com.mx\/portal\/eu-debe-dar-mas-informacion-sobre-la-detencion-del-mayo-zambada\/","title":{"rendered":"EU debe dar m\u00e1s informaci\u00f3n sobre la detenci\u00f3n del Mayo Zambada: Sheinbaum | Proceso"},"content":{"rendered":"\n<p><strong>\u201cNo es que no se ha hecho nada, tan es as\u00ed que ha disminuido la violencia\u201d, sostuvo la virtual presidenta electa, al se\u00f1alar que en este sexenio el gobierno ha detenido a distintos personajes de la delincuencia organizada.<\/strong><\/p>\n\n\n\n<figure class=\"wp-block-image size-large\"><img fetchpriority=\"high\" decoding=\"async\" width=\"1024\" height=\"678\" src=\"https:\/\/losperiodistas.com.mx\/portal\/wp-content\/uploads\/2024\/07\/Captura-de-pantalla-2024-07-30-205759-1024x678.png\" alt=\"Claudia Sheinbaum\" class=\"wp-image-81282\" srcset=\"https:\/\/losperiodistas.com.mx\/portal\/wp-content\/uploads\/2024\/07\/Captura-de-pantalla-2024-07-30-205759-1024x678.png 1024w, https:\/\/losperiodistas.com.mx\/portal\/wp-content\/uploads\/2024\/07\/Captura-de-pantalla-2024-07-30-205759-300x199.png 300w, https:\/\/losperiodistas.com.mx\/portal\/wp-content\/uploads\/2024\/07\/Captura-de-pantalla-2024-07-30-205759-768x509.png 768w, https:\/\/losperiodistas.com.mx\/portal\/wp-content\/uploads\/2024\/07\/Captura-de-pantalla-2024-07-30-205759.png 1090w\" sizes=\"(max-width: 1024px) 100vw, 1024px\" \/><figcaption>Claudia Sheinbaum en su conferencia de prensa . Foto: Especial<\/figcaption><\/figure>\n\n\n\n<p class=\"has-vivid-red-color has-text-color\">Redacci\u00f3n \/ Proceso<\/p>\n\n\n\n<p>Claudia Sheinbaum, virtual presidenta electa, consider\u00f3 que Estados Unidos debe dar mayor informaci\u00f3n sobre la detenci\u00f3n del presunto narcotraficantes Ismael \u201cEl Mayo\u201d Zambada, al considerar que su informe ha sido escueto.<\/p>\n\n\n\n<p>Asimismo respondi\u00f3 a las cr\u00edticas de que el gobierno de M\u00e9xico no intervino en el caso, al se\u00f1alar que en este sexenio se ha detenido a distintos personajes de la delincuencia organizada.<\/p>\n\n\n\n<p>\u201cTiene que haber informaci\u00f3n\u201d, dijo la morenista en la conferencia en su casa de transici\u00f3n, y mencion\u00f3 que escuch\u00f3 el informe que dio el lunes la secretaria de Seguridad, Rosa Icela Rodr\u00edguez, del reporte que envi\u00f3 Estados Unidos.<\/p>\n\n\n\n<p>\u201cEs escueto, pero ah\u00ed dice que no conoc\u00edan de la entrega hasta el jueves en la ma\u00f1ana, eso es lo que ellos est\u00e1n planteando como informaci\u00f3n oficial a M\u00e9xico. Ayer estuve leyendo ah\u00ed otras interpretaciones, pero lo \u00fanico que tenemos en este momento, es la informaci\u00f3n oficial de la Embajada de Estados Unidos, al fiscal general de la Rep\u00fablica. Entonces hay que seguir pidiendo informaci\u00f3n\u201d, consider\u00f3 Sheinbaum.<\/p>\n\n\n\n<p>\u201cY esta cr\u00edtica que hay de que M\u00e9xico no intervino, hay que decir la verdad siempre. Entonces, M\u00e9xico ha detenido a distintos personajes de la delincuencia organizada, ahora con el Gobierno del Presidente L\u00f3pez Obrador y el actual fiscal, los ha extraditado. No es que no se ha hecho nada, tan es as\u00ed que ha disminuido la violencia\u201d, sostuvo.<\/p>\n\n\n\n<p>Entonces, concluy\u00f3, la informaci\u00f3n que se tiene es esa carta de la Embajada, \u201cpor eso, si hay m\u00e1s informaci\u00f3n, que se d\u00e9 m\u00e1s informaci\u00f3n y no especular tampoco\u201d.<\/p>\n\n\n\n<p>Fuente: <a href=\"https:\/\/www.proceso.com.mx\/nacional\/justicia\/2024\/7\/30\/eu-debe-dar-mas-informacion-sobre-la-detencion-del-mayo-zambada-sheinbaum-333928.html\" target=\"_blank\" rel=\"noreferrer noopener\">Proceso<\/a><\/p>\n","protected":false},"excerpt":{"rendered":"<p>\u201cNo es que no se ha hecho nada, tan es as\u00ed que ha disminuido la violencia\u201d, sostuvo la virtual presidenta electa, al se\u00f1alar que en este sexenio el gobierno ha detenido a distintos personajes de la delincuencia organizada.<\/p>\n","protected":false},"author":1,"featured_media":81282,"comment_status":"open","ping_status":"open","sticky":false,"template":"","format":"standard","meta":{"site-sidebar-layout":"default","site-content-layout":"","ast-site-content-layout":"default","site-content-style":"default","site-sidebar-style":"default","ast-global-header-display":"","ast-banner-title-visibility":"","ast-main-header-display":"","ast-hfb-above-header-display":"","ast-hfb-below-header-display":"","ast-hfb-mobile-header-display":"","site-post-title":"","ast-breadcrumbs-content":"","ast-featured-img":"","footer-sml-layout":"","theme-transparent-header-meta":"","adv-header-id-meta":"","stick-header-meta":"","header-above-stick-meta":"","header-main-stick-meta":"","header-below-stick-meta":"","astra-migrate-meta-layouts":"default","ast-page-background-enabled":"default","ast-page-background-meta":{"desktop":{"background-color":"var(--ast-global-color-4)","background-image":"","background-repeat":"repeat","background-position":"center center","background-size":"auto","background-attachment":"scroll","background-type":"","background-media":"","overlay-type":"","overlay-color":"","overlay-opacity":"","overlay-gradient":""},"tablet":{"background-color":"","background-image":"","background-repeat":"repeat","background-position":"center center","background-size":"auto","background-attachment":"scroll","background-type":"","background-media":"","overlay-type":"","overlay-color":"","overlay-opacity":"","overlay-gradient":""},"mobile":{"background-color":"","background-image":"","background-repeat":"repeat","background-position":"center center","background-size":"auto","background-attachment":"scroll","background-type":"","background-media":"","overlay-type":"","overlay-color":"","overlay-opacity":"","overlay-gradient":""}},"ast-content-background-meta":{"desktop":{"background-color":"var(--ast-global-color-5)","background-image":"","background-repeat":"repeat","background-position":"center center","background-size":"auto","background-attachment":"scroll","background-type":"","background-media":"","overlay-type":"","overlay-color":"","overlay-opacity":"","overlay-gradient":""},"tablet":{"background-color":"var(--ast-global-color-5)","background-image":"","background-repeat":"repeat","background-position":"center center","background-size":"auto","background-attachment":"scroll","background-type":"","background-media":"","overlay-type":"","overlay-color":"","overlay-opacity":"","overlay-gradient":""},"mobile":{"background-color":"var(--ast-global-color-5)","background-image":"","background-repeat":"repeat","background-position":"center center","background-size":"auto","background-attachment":"scroll","background-type":"","background-media":"","overlay-type":"","overlay-color":"","overlay-opacity":"","overlay-gradient":""}},"footnotes":""},"categories":[8],"tags":[28252,7016,4025],"class_list":["post-81281","post","type-post","status-publish","format-standard","has-post-thumbnail","hentry","category-noticias","tag-cladia-sheinbaum","tag-el-mayo-zambada","tag-estados-unidos"],"_links":{"self":[{"href":"https:\/\/losperiodistas.com.mx\/portal\/wp-json\/wp\/v2\/posts\/81281","targetHints":{"allow":["GET"]}}],"collection":[{"href":"https:\/\/losperiodistas.com.mx\/portal\/wp-json\/wp\/v2\/posts"}],"about":[{"href":"https:\/\/losperiodistas.com.mx\/portal\/wp-json\/wp\/v2\/types\/post"}],"author":[{"embeddable":true,"href":"https:\/\/losperiodistas.com.mx\/portal\/wp-json\/wp\/v2\/users\/1"}],"replies":[{"embeddable":true,"href":"https:\/\/losperiodistas.com.mx\/portal\/wp-json\/wp\/v2\/comments?post=81281"}],"version-history":[{"count":1,"href":"https:\/\/losperiodistas.com.mx\/portal\/wp-json\/wp\/v2\/posts\/81281\/revisions"}],"predecessor-version":[{"id":81283,"href":"https:\/\/losperiodistas.com.mx\/portal\/wp-json\/wp\/v2\/posts\/81281\/revisions\/81283"}],"wp:featuredmedia":[{"embeddable":true,"href":"https:\/\/losperiodistas.com.mx\/portal\/wp-json\/wp\/v2\/media\/81282"}],"wp:attachment":[{"href":"https:\/\/losperiodistas.com.mx\/portal\/wp-json\/wp\/v2\/media?parent=81281"}],"wp:term":[{"taxonomy":"category","embeddable":true,"href":"https:\/\/losperiodistas.com.mx\/portal\/wp-json\/wp\/v2\/categories?post=81281"},{"taxonomy":"post_tag","embeddable":true,"href":"https:\/\/losperiodistas.com.mx\/portal\/wp-json\/wp\/v2\/tags?post=81281"}],"curies":[{"name":"wp","href":"https:\/\/api.w.org\/{rel}","templated":true}]}}