{"id":81275,"date":"2024-07-30T21:32:43","date_gmt":"2024-07-31T02:32:43","guid":{"rendered":"http:\/\/losperiodistas.com.mx\/portal\/?p=81275"},"modified":"2024-07-30T21:32:45","modified_gmt":"2024-07-31T02:32:45","slug":"realiza-segob-foros-para-elaboracion-del-diagnostico-sobre-trata-de-personas","status":"publish","type":"post","link":"https:\/\/losperiodistas.com.mx\/portal\/realiza-segob-foros-para-elaboracion-del-diagnostico-sobre-trata-de-personas\/","title":{"rendered":"Puebla prioriza la seguridad de mujeres y ni\u00f1as: Se fortalece la lucha contra la trata"},"content":{"rendered":"\n<p><em>A trav\u00e9s de foros, el objetivo es dise\u00f1ar una pol\u00edtica transversal que brinde protecci\u00f3n a v\u00edctimas, a trav\u00e9s de mecanismos de concientizaci\u00f3n, sanci\u00f3n y erradicaci\u00f3n de la violencia<\/em><\/p>\n\n\n\n<figure class=\"wp-block-image size-large\"><img fetchpriority=\"high\" decoding=\"async\" width=\"1024\" height=\"646\" src=\"https:\/\/losperiodistas.com.mx\/portal\/wp-content\/uploads\/2024\/07\/4.30.07.24.Realiza_SEGOB_foros_para_elaboracio\u0301n_del_diagno\u0301stico_sobre_trata_de_personas-1024x646.jpeg\" alt=\"Foros SEGOB\" class=\"wp-image-81276\" srcset=\"https:\/\/losperiodistas.com.mx\/portal\/wp-content\/uploads\/2024\/07\/4.30.07.24.Realiza_SEGOB_foros_para_elaboracio\u0301n_del_diagno\u0301stico_sobre_trata_de_personas-1024x646.jpeg 1024w, https:\/\/losperiodistas.com.mx\/portal\/wp-content\/uploads\/2024\/07\/4.30.07.24.Realiza_SEGOB_foros_para_elaboracio\u0301n_del_diagno\u0301stico_sobre_trata_de_personas-300x189.jpeg 300w, https:\/\/losperiodistas.com.mx\/portal\/wp-content\/uploads\/2024\/07\/4.30.07.24.Realiza_SEGOB_foros_para_elaboracio\u0301n_del_diagno\u0301stico_sobre_trata_de_personas-768x485.jpeg 768w, https:\/\/losperiodistas.com.mx\/portal\/wp-content\/uploads\/2024\/07\/4.30.07.24.Realiza_SEGOB_foros_para_elaboracio\u0301n_del_diagno\u0301stico_sobre_trata_de_personas.jpeg 1524w\" sizes=\"(max-width: 1024px) 100vw, 1024px\" \/><figcaption>Realiza SEGOB foros para elaboraci\u00f3n del diagn\u00f3stico sobre trata de personas<\/figcaption><\/figure>\n\n\n\n<p class=\"has-vivid-red-color has-text-color\">Redacci\u00f3n<\/p>\n\n\n\n<p>En el marco del D\u00eda Mundial contra la Trata de Personas, el gobierno presente de Sergio Salom\u00f3n realiz\u00f3 los \u201cForos Regionales para la elaboraci\u00f3n del Diagn\u00f3stico Situacional Sobre la Trata de Personas en contra de Mujeres y Ni\u00f1as en el Estado de Puebla\u201d, y present\u00f3 la metodolog\u00eda preliminar para su elaboraci\u00f3n, a trav\u00e9s del secretario de Gobernaci\u00f3n Javier Aquino Lim\u00f3n y la subsecretaria de Prevenci\u00f3n del Delito y Derechos Humanos Raquel Medel Valencia.<\/p>\n\n\n\n<p>Aquino Lim\u00f3n se\u00f1al\u00f3 que el objetivo es dise\u00f1ar una pol\u00edtica transversal de prevenci\u00f3n, sanci\u00f3n y erradicaci\u00f3n de la trata de personas que contemple medidas diferenciadas, as\u00ed como vincular acciones con las comisiones intersecretariales para que, de manera conjunta, se brinde protecci\u00f3n adem\u00e1s de asistencia a las v\u00edctimas.&nbsp;<\/p>\n\n\n\n<p>La Comisi\u00f3n Interinstitucional para la Prevenci\u00f3n y Erradicaci\u00f3n fue la encargada de coordinar estas capacitaciones, en las cuales participaron grupos focalizados y actores clave en la identificaci\u00f3n del fen\u00f3meno; dichos foros se llevaron a cabo en los municipios de Huauchinango, Tehuac\u00e1n, Zacapoaxtla, Iz\u00facar de Matamoros y Puebla capital.&nbsp; Los planteamientos abordados fueron sobre la problem\u00e1tica que existe en la entidad, acciones institucionales, los retos, y las estrategias para su erradicaci\u00f3n, as\u00ed como para la elaboraci\u00f3n del diagn\u00f3stico a trav\u00e9s de la recolecci\u00f3n de informaci\u00f3n.<\/p>\n\n\n\n<p>Adem\u00e1s de la SEGOB tambi\u00e9n particip\u00f3 la Direcci\u00f3n Jur\u00eddica de la Secretar\u00eda de Bienestar, la Secretar\u00eda de Trabajo, la Direcci\u00f3n de Formaci\u00f3n Tur\u00edstica de la Secretar\u00eda de Turismo, la Direcci\u00f3n General de Tenencia de la Tierra, as\u00ed como la Subsecretar\u00eda de Prevenci\u00f3n de la Violencia y la Discriminaci\u00f3n de la Secretar\u00eda de Igualdad Sustantiva, integrantes del Centro Estatal de Prevenci\u00f3n Social de la Violencia y la Delincuencia del Consejo Estatal de Coordinaci\u00f3n del Sistema Nacional de Seguridad P\u00fablica.<\/p>\n\n\n\n<figure class=\"wp-block-image size-large\"><img decoding=\"async\" width=\"1024\" height=\"642\" src=\"https:\/\/losperiodistas.com.mx\/portal\/wp-content\/uploads\/2024\/07\/1.30.07.24.Realiza_SEGOB_foros_para_elaboracio\u0301n_del_diagno\u0301stico_sobre_trata_de_personas-1024x642.jpeg\" alt=\"\" class=\"wp-image-81277\" srcset=\"https:\/\/losperiodistas.com.mx\/portal\/wp-content\/uploads\/2024\/07\/1.30.07.24.Realiza_SEGOB_foros_para_elaboracio\u0301n_del_diagno\u0301stico_sobre_trata_de_personas-1024x642.jpeg 1024w, https:\/\/losperiodistas.com.mx\/portal\/wp-content\/uploads\/2024\/07\/1.30.07.24.Realiza_SEGOB_foros_para_elaboracio\u0301n_del_diagno\u0301stico_sobre_trata_de_personas-300x188.jpeg 300w, https:\/\/losperiodistas.com.mx\/portal\/wp-content\/uploads\/2024\/07\/1.30.07.24.Realiza_SEGOB_foros_para_elaboracio\u0301n_del_diagno\u0301stico_sobre_trata_de_personas-768x482.jpeg 768w, https:\/\/losperiodistas.com.mx\/portal\/wp-content\/uploads\/2024\/07\/1.30.07.24.Realiza_SEGOB_foros_para_elaboracio\u0301n_del_diagno\u0301stico_sobre_trata_de_personas.jpeg 1468w\" sizes=\"(max-width: 1024px) 100vw, 1024px\" \/><\/figure>\n\n\n\n<p>En el acto protocolario acudieron los secretarios de Cultura, Enrique Glockner Corte; de Seguridad P\u00fablica a Daniel Iv\u00e1n Cruz, Carlos Alberto Toriz Morales, encargado de despacho de la Secretar\u00eda de Trabajo, as\u00ed como la fiscal Especializada en Delitos de Violencia de g\u00e9nero, Margarita Garcidue\u00f1as, la subsecretaria de Planeaci\u00f3n y Finanzas, Venus Montes Cervantes, la secretaria de Medio Ambiente Elsa Betanzos y la secretaria de Salud, Araceli C\u00f3rdova.<\/p>\n","protected":false},"excerpt":{"rendered":"<p>Los foros se llevan a cabo en los municipios de Huauchinango, Tehuac\u00e1n, Zacapoaxtla, Iz\u00facar de Matamoros y Puebla<\/p>\n","protected":false},"author":1,"featured_media":81276,"comment_status":"open","ping_status":"open","sticky":false,"template":"","format":"standard","meta":{"site-sidebar-layout":"default","site-content-layout":"","ast-site-content-layout":"default","site-content-style":"default","site-sidebar-style":"default","ast-global-header-display":"","ast-banner-title-visibility":"","ast-main-header-display":"","ast-hfb-above-header-display":"","ast-hfb-below-header-display":"","ast-hfb-mobile-header-display":"","site-post-title":"","ast-breadcrumbs-content":"","ast-featured-img":"","footer-sml-layout":"","theme-transparent-header-meta":"","adv-header-id-meta":"","stick-header-meta":"","header-above-stick-meta":"","header-main-stick-meta":"","header-below-stick-meta":"","astra-migrate-meta-layouts":"default","ast-page-background-enabled":"default","ast-page-background-meta":{"desktop":{"background-color":"var(--ast-global-color-4)","background-image":"","background-repeat":"repeat","background-position":"center center","background-size":"auto","background-attachment":"scroll","background-type":"","background-media":"","overlay-type":"","overlay-color":"","overlay-opacity":"","overlay-gradient":""},"tablet":{"background-color":"","background-image":"","background-repeat":"repeat","background-position":"center center","background-size":"auto","background-attachment":"scroll","background-type":"","background-media":"","overlay-type":"","overlay-color":"","overlay-opacity":"","overlay-gradient":""},"mobile":{"background-color":"","background-image":"","background-repeat":"repeat","background-position":"center center","background-size":"auto","background-attachment":"scroll","background-type":"","background-media":"","overlay-type":"","overlay-color":"","overlay-opacity":"","overlay-gradient":""}},"ast-content-background-meta":{"desktop":{"background-color":"var(--ast-global-color-5)","background-image":"","background-repeat":"repeat","background-position":"center center","background-size":"auto","background-attachment":"scroll","background-type":"","background-media":"","overlay-type":"","overlay-color":"","overlay-opacity":"","overlay-gradient":""},"tablet":{"background-color":"var(--ast-global-color-5)","background-image":"","background-repeat":"repeat","background-position":"center center","background-size":"auto","background-attachment":"scroll","background-type":"","background-media":"","overlay-type":"","overlay-color":"","overlay-opacity":"","overlay-gradient":""},"mobile":{"background-color":"var(--ast-global-color-5)","background-image":"","background-repeat":"repeat","background-position":"center center","background-size":"auto","background-attachment":"scroll","background-type":"","background-media":"","overlay-type":"","overlay-color":"","overlay-opacity":"","overlay-gradient":""}},"footnotes":""},"categories":[8],"tags":[28250,28251,6130,2909],"class_list":["post-81275","post","type-post","status-publish","format-standard","has-post-thumbnail","hentry","category-noticias","tag-foros","tag-politica-transversal","tag-segob","tag-trata-de-personas"],"_links":{"self":[{"href":"https:\/\/losperiodistas.com.mx\/portal\/wp-json\/wp\/v2\/posts\/81275","targetHints":{"allow":["GET"]}}],"collection":[{"href":"https:\/\/losperiodistas.com.mx\/portal\/wp-json\/wp\/v2\/posts"}],"about":[{"href":"https:\/\/losperiodistas.com.mx\/portal\/wp-json\/wp\/v2\/types\/post"}],"author":[{"embeddable":true,"href":"https:\/\/losperiodistas.com.mx\/portal\/wp-json\/wp\/v2\/users\/1"}],"replies":[{"embeddable":true,"href":"https:\/\/losperiodistas.com.mx\/portal\/wp-json\/wp\/v2\/comments?post=81275"}],"version-history":[{"count":1,"href":"https:\/\/losperiodistas.com.mx\/portal\/wp-json\/wp\/v2\/posts\/81275\/revisions"}],"predecessor-version":[{"id":81278,"href":"https:\/\/losperiodistas.com.mx\/portal\/wp-json\/wp\/v2\/posts\/81275\/revisions\/81278"}],"wp:featuredmedia":[{"embeddable":true,"href":"https:\/\/losperiodistas.com.mx\/portal\/wp-json\/wp\/v2\/media\/81276"}],"wp:attachment":[{"href":"https:\/\/losperiodistas.com.mx\/portal\/wp-json\/wp\/v2\/media?parent=81275"}],"wp:term":[{"taxonomy":"category","embeddable":true,"href":"https:\/\/losperiodistas.com.mx\/portal\/wp-json\/wp\/v2\/categories?post=81275"},{"taxonomy":"post_tag","embeddable":true,"href":"https:\/\/losperiodistas.com.mx\/portal\/wp-json\/wp\/v2\/tags?post=81275"}],"curies":[{"name":"wp","href":"https:\/\/api.w.org\/{rel}","templated":true}]}}