{"id":81272,"date":"2024-07-30T20:14:03","date_gmt":"2024-07-31T01:14:03","guid":{"rendered":"http:\/\/losperiodistas.com.mx\/portal\/?p=81272"},"modified":"2024-07-30T20:14:06","modified_gmt":"2024-07-31T01:14:06","slug":"investigan-si-vuelo-que-llevo-a-los-narcos-al-paso-despego-en-hermosillo","status":"publish","type":"post","link":"https:\/\/losperiodistas.com.mx\/portal\/investigan-si-vuelo-que-llevo-a-los-narcos-al-paso-despego-en-hermosillo\/","title":{"rendered":"La FGR investiga si el vuelo que llev\u00f3 a los dos narcos a El Paso despeg\u00f3 en Hermosillo | El Pa\u00eds"},"content":{"rendered":"\n<p>El abogado del hist\u00f3rico l\u00edder del C\u00e1rtel de Sinaloa dice que el capo fue \u201csecuestrado\u201d por Guzm\u00e1n Loera<\/p>\n\n\n\n<figure class=\"wp-block-image size-large\"><img fetchpriority=\"high\" decoding=\"async\" width=\"1024\" height=\"577\" src=\"https:\/\/losperiodistas.com.mx\/portal\/wp-content\/uploads\/2024\/07\/Captura-de-pantalla-2024-07-30-190450-1024x577.png\" alt=\"El Mayo Zambada y Joaqu\u00edn Guzm\u00e1n\" class=\"wp-image-81273\" srcset=\"https:\/\/losperiodistas.com.mx\/portal\/wp-content\/uploads\/2024\/07\/Captura-de-pantalla-2024-07-30-190450-1024x577.png 1024w, https:\/\/losperiodistas.com.mx\/portal\/wp-content\/uploads\/2024\/07\/Captura-de-pantalla-2024-07-30-190450-300x169.png 300w, https:\/\/losperiodistas.com.mx\/portal\/wp-content\/uploads\/2024\/07\/Captura-de-pantalla-2024-07-30-190450-768x432.png 768w, https:\/\/losperiodistas.com.mx\/portal\/wp-content\/uploads\/2024\/07\/Captura-de-pantalla-2024-07-30-190450.png 1197w\" sizes=\"(max-width: 1024px) 100vw, 1024px\" \/><figcaption>Ismael &#8216;El Mayo&#8217; Zambada y Joaqu\u00edn Guzm\u00e1n L\u00f3pez.Cortes\u00eda<\/figcaption><\/figure>\n\n\n\n<p class=\"has-vivid-red-color has-text-color\">Redacci\u00f3n \/ El Pa\u00eds<\/p>\n\n\n\n<p>Ismael<a href=\"https:\/\/elpais.com\/mexico\/2024-07-25\/detenido-en-el-paso-ismael-mayo-zambada-el-narcotraficante-mexicano-que-no-habia-pisado-una-prision.html\"> <em>El Mayo<\/em> Zambada ha ca\u00eddo.<\/a> Autoridades de Estados Unidos han arrestado este jueves a uno de los l\u00edderes del Cartel de Sinaloa en El Paso, Texas. La Agencia Antidrogas de Estados Unidos (DEA, por sus siglas en ingl\u00e9s) daba como recompensa 15 millones de d\u00f3lares por su cabeza.<\/p>\n\n\n\n<p>El Mayo, de 76 a\u00f1os, era requerido por las autoridades estadounidenses desde hace d\u00e9cadas. Zambada est\u00e1 acusado de crimen organizado, conspiraci\u00f3n para cometer asesinato, lavado de dinero y distintos delitos relacionados con el narcotr\u00e1fico, como el trasiego de coca\u00edna, hero\u00edna, metanfetamina y fentanilo a Estados Unidos.<\/p>\n\n\n\n<p>La Fiscal\u00eda General de la Rep\u00fablica (FGR) quiere esclarecer el misterio que rodea al vuelo privado que llev\u00f3 a Ismael <em>El Mayo<\/em> Zambada, capo hist\u00f3rico del C\u00e1rtel de Sinaloa, y Joaqu\u00edn Guzm\u00e1n L\u00f3pez, hijo de El Chapo Guzm\u00e1n, a territorio estadounidense.<\/p>\n\n\n\n<p>Las primeras informaciones sobre el avi\u00f3n, que aterriz\u00f3 en un aeropuerto de El Paso, en Texas (donde los dos narcotraficantes fueron detenidos por agentes del FBI),\u00a0se\u00f1alaban que la nave despeg\u00f3 desde Hermosillo, de Sonora.<\/p>\n\n\n\n<p>El secretario general del Ministerio P\u00fablico\u00a0en el Estado, Francisco Sergio M\u00e9ndez, ha anunciado este martes que el Ministerio P\u00fablico ha abierto una carpeta de investigaci\u00f3n al respecto de la que no ha dado m\u00e1s detalles para preservar la confidencialidad, en sus propias palabras.<\/p>\n\n\n\n<p>Fuente: <a href=\"https:\/\/elpais.com\/mexico\/2024-07-30\/la-detencion-de-ismael-el-mayo-zambada-en-vivo.html#?rel=lom\" target=\"_blank\" rel=\"noreferrer noopener\">El Pa\u00eds<\/a><\/p>\n","protected":false},"excerpt":{"rendered":"<p>El abogado del hist\u00f3rico l\u00edder del C\u00e1rtel de Sinaloa dice que el capo fue \u201csecuestrado\u201d por Guzm\u00e1n Loera<\/p>\n","protected":false},"author":1,"featured_media":81273,"comment_status":"open","ping_status":"open","sticky":false,"template":"","format":"standard","meta":{"site-sidebar-layout":"default","site-content-layout":"","ast-site-content-layout":"default","site-content-style":"default","site-sidebar-style":"default","ast-global-header-display":"","ast-banner-title-visibility":"","ast-main-header-display":"","ast-hfb-above-header-display":"","ast-hfb-below-header-display":"","ast-hfb-mobile-header-display":"","site-post-title":"","ast-breadcrumbs-content":"","ast-featured-img":"","footer-sml-layout":"","theme-transparent-header-meta":"","adv-header-id-meta":"","stick-header-meta":"","header-above-stick-meta":"","header-main-stick-meta":"","header-below-stick-meta":"","astra-migrate-meta-layouts":"default","ast-page-background-enabled":"default","ast-page-background-meta":{"desktop":{"background-color":"var(--ast-global-color-4)","background-image":"","background-repeat":"repeat","background-position":"center center","background-size":"auto","background-attachment":"scroll","background-type":"","background-media":"","overlay-type":"","overlay-color":"","overlay-opacity":"","overlay-gradient":""},"tablet":{"background-color":"","background-image":"","background-repeat":"repeat","background-position":"center center","background-size":"auto","background-attachment":"scroll","background-type":"","background-media":"","overlay-type":"","overlay-color":"","overlay-opacity":"","overlay-gradient":""},"mobile":{"background-color":"","background-image":"","background-repeat":"repeat","background-position":"center center","background-size":"auto","background-attachment":"scroll","background-type":"","background-media":"","overlay-type":"","overlay-color":"","overlay-opacity":"","overlay-gradient":""}},"ast-content-background-meta":{"desktop":{"background-color":"var(--ast-global-color-5)","background-image":"","background-repeat":"repeat","background-position":"center center","background-size":"auto","background-attachment":"scroll","background-type":"","background-media":"","overlay-type":"","overlay-color":"","overlay-opacity":"","overlay-gradient":""},"tablet":{"background-color":"var(--ast-global-color-5)","background-image":"","background-repeat":"repeat","background-position":"center center","background-size":"auto","background-attachment":"scroll","background-type":"","background-media":"","overlay-type":"","overlay-color":"","overlay-opacity":"","overlay-gradient":""},"mobile":{"background-color":"var(--ast-global-color-5)","background-image":"","background-repeat":"repeat","background-position":"center center","background-size":"auto","background-attachment":"scroll","background-type":"","background-media":"","overlay-type":"","overlay-color":"","overlay-opacity":"","overlay-gradient":""}},"footnotes":""},"categories":[8],"tags":[7016,21047,3572,28249,28248],"class_list":["post-81272","post","type-post","status-publish","format-standard","has-post-thumbnail","hentry","category-noticias","tag-el-mayo-zambada","tag-el-paso","tag-fgr","tag-guzman-loera","tag-hermosillo"],"_links":{"self":[{"href":"https:\/\/losperiodistas.com.mx\/portal\/wp-json\/wp\/v2\/posts\/81272","targetHints":{"allow":["GET"]}}],"collection":[{"href":"https:\/\/losperiodistas.com.mx\/portal\/wp-json\/wp\/v2\/posts"}],"about":[{"href":"https:\/\/losperiodistas.com.mx\/portal\/wp-json\/wp\/v2\/types\/post"}],"author":[{"embeddable":true,"href":"https:\/\/losperiodistas.com.mx\/portal\/wp-json\/wp\/v2\/users\/1"}],"replies":[{"embeddable":true,"href":"https:\/\/losperiodistas.com.mx\/portal\/wp-json\/wp\/v2\/comments?post=81272"}],"version-history":[{"count":1,"href":"https:\/\/losperiodistas.com.mx\/portal\/wp-json\/wp\/v2\/posts\/81272\/revisions"}],"predecessor-version":[{"id":81274,"href":"https:\/\/losperiodistas.com.mx\/portal\/wp-json\/wp\/v2\/posts\/81272\/revisions\/81274"}],"wp:featuredmedia":[{"embeddable":true,"href":"https:\/\/losperiodistas.com.mx\/portal\/wp-json\/wp\/v2\/media\/81273"}],"wp:attachment":[{"href":"https:\/\/losperiodistas.com.mx\/portal\/wp-json\/wp\/v2\/media?parent=81272"}],"wp:term":[{"taxonomy":"category","embeddable":true,"href":"https:\/\/losperiodistas.com.mx\/portal\/wp-json\/wp\/v2\/categories?post=81272"},{"taxonomy":"post_tag","embeddable":true,"href":"https:\/\/losperiodistas.com.mx\/portal\/wp-json\/wp\/v2\/tags?post=81272"}],"curies":[{"name":"wp","href":"https:\/\/api.w.org\/{rel}","templated":true}]}}