{"id":80746,"date":"2024-07-25T07:29:08","date_gmt":"2024-07-25T12:29:08","guid":{"rendered":"https:\/\/losperiodistas.com.mx\/portal\/?p=80746"},"modified":"2024-07-25T07:29:10","modified_gmt":"2024-07-25T12:29:10","slug":"opinion-las-olimpiadas-y-el-fomento-al-deporte-en-las-naciones","status":"publish","type":"post","link":"https:\/\/losperiodistas.com.mx\/portal\/opinion-las-olimpiadas-y-el-fomento-al-deporte-en-las-naciones\/","title":{"rendered":"Opini\u00f3n | Las Olimpiadas y el fomento al deporte en las naciones"},"content":{"rendered":"\n<p><\/p>\n\n\n\n<p class=\"has-vivid-red-color has-text-color\" style=\"font-size:26px\"><strong><em>Por Fernando Manzanilla Prieto<\/em><\/strong><\/p>\n\n\n\n<p>A finales de esta semana se inaugurar\u00e1 uno de los eventos deportivos m\u00e1s importantes y esperados en el calendario de este a\u00f1o como son los Juegos Ol\u00edmpicos, los cuales no s\u00f3lo son una competencia entre los mejores atletas del mundo, sino tambi\u00e9n una oportunidad para que las naciones impulsen el deporte y promuevan el desarrollo social, econ\u00f3mico y cultural.<\/p>\n\n\n\n<p>Este 2024, este magno evento, se celebrar\u00e1 en Par\u00eds del 26 de julio al 11 de agosto y contar\u00e1 con la presencia de unos 10 mil 500 atletas de 206 Comit\u00e9s Ol\u00edmpicos Nacionales, quienes competir\u00e1n en unas 45 disciplinas.&nbsp;<\/p>\n\n\n\n<p>En este sentido, es que para nadie es una sorpresa&nbsp;el saber&nbsp;que las Olimpiadas inspiran a millones de personas a involucrarse en actividades deportivas, ya que la cobertura medi\u00e1tica y el \u00e9xito de los atletas ol\u00edmpicos sirven como ejemplos a seguir para j\u00f3venes y adultos, promoviendo un estilo de vida saludable y activo.<\/p>\n\n\n\n<p>Es por ello que es muy importante el analizar&nbsp;c\u00f3mo el&nbsp;fomento del deporte a nivel nacional es una tarea&nbsp;fundamental&nbsp;que implica la implementaci\u00f3n de pol\u00edticas p\u00fablicas, programas comunitarios y&nbsp;el&nbsp;apoyo integral a los deportistas.&nbsp;<\/p>\n\n\n\n<p>Los modelos nacionales exitosos no solo promueven la actividad f\u00edsica y la salud en la poblaci\u00f3n general, sino que tambi\u00e9n identifican y desarrollan talento deportivo de alto rendimiento.&nbsp;<\/p>\n\n\n\n<p>Algunas&nbsp;de estas iniciativas destacan en naciones como Estados Unidos, Corea del Sur y Espa\u00f1a. Por ejemplo, Estados Unidos es la gran potencia deportiva global, gracias al gran c\u00edrculo virtuoso de un sistema que liga la actividad f\u00edsica con la tensi\u00f3n competitiva, la investigaci\u00f3n cient\u00edfica y acad\u00e9mica, adem\u00e1s de una fuerte cultura del deporte como entretenimiento y constructo social&nbsp;en el pa\u00eds.<\/p>\n\n\n\n<p>Las cifras no mienten, de acuerdo con un estudio elaborado por la organizaci\u00f3n&nbsp;<em>Physical<\/em><em><\/em><em>Activity<\/em><em>&nbsp;Council&nbsp;<\/em>en 2019, 218.5 millones de personas (casi el 66% de la poblaci\u00f3n total del de Estados Unidos) realizan alg\u00fan tipo de actividad f\u00edsica, tanto por pasatiempo como por oficio profesional.&nbsp;<\/p>\n\n\n\n<p>Aunado a ello, la NFSHSA (Federaci\u00f3n Nacional de Asociaciones de Preparatorias Estatales, por sus siglas en ingl\u00e9s) registr\u00f3 7 millones 937 mil 491 participantes en sus equipos deportivos. Adem\u00e1s, de que la NCAA (Asociaci\u00f3n Nacional Deportiva Universitaria) revel\u00f3 que 505 mil 233 estudiantes estaban inscritos en los representativos oficiales de sus instituciones en 30 disciplinas.<\/p>\n\n\n\n<p>Y es que la oferta tanto acad\u00e9mica como deportiva de nuestro vecino del norte va de la mano. Tanto la calidad de las instalaciones, un virtuoso esquema de financiaci\u00f3n consistente en recursos privados y la repartici\u00f3n de becas por m\u00e9rito son el gran pilar de su \u00e9xito, no por nada&nbsp;Estados Unidos es el pa\u00eds con m\u00e1s medallas ol\u00edmpicas en la historia, as\u00ed como la segunda potencia de los Juegos Ol\u00edmpicos de Invierno.<\/p>\n\n\n\n<p>Otro caso de \u00e9xito es el espa\u00f1ol, el cual est\u00e1 sustentado en pilares como el apoyo financiero, organizaci\u00f3n y estructura de las pol\u00edticas deportivas, implementaci\u00f3n de programas de fomento de la pr\u00e1ctica deportiva mediante el uso de las instalaciones escolares y la divisi\u00f3n de competencias entre administraciones.&nbsp;<\/p>\n\n\n\n<p>Asimismo, se reconoce en el sistema espa\u00f1ol la creaci\u00f3n de un sistema de asesoramiento y de un proceso sistem\u00e1tico de identificaci\u00f3n de talentos, adem\u00e1s del incremento de tutores e incorporaci\u00f3n de financiaci\u00f3n privada al programa de apoyo al deportista, as\u00ed como el desarrollo y formaci\u00f3n de entrenadores.&nbsp;<\/p>\n\n\n\n<p>Respecto a Corea del Sur los principales factores que han promovido su transformaci\u00f3n en una potencia deportiva son dos: una gran poblaci\u00f3n amante del deporte y una fuerte inversi\u00f3n estrat\u00e9gica.&nbsp;<\/p>\n\n\n\n<p>Los dirigentes deportivos del pa\u00eds se esforzaron por descubrir j\u00f3venes promesas del deporte, en entrenarlos cient\u00edficamente y en ayudarlos a optimizar sus capacidades participando en numerosas competiciones. Adem\u00e1s, se construyeron instalaciones profesionales dedicadas exclusivamente al entrenamiento de deportistas seleccionados para eventos internacionales, como los Juegos Ol\u00edmpicos, los Juegos Asi\u00e1ticos y los Campeonatos Mundiales.<\/p>\n\n\n\n<p>Un ejemplo de ello es que,&nbsp;de acuerdo con un informe publicado en el 2016 por el Ministerio de Cultura, Deportes y Turismo, en el pa\u00eds exist\u00edan un total de 115 mil 303 clubes deportivos con un total de 5 millones 579 mil 640 miembros, lo que representa un 10.8 % del total de la poblaci\u00f3n del pa\u00eds.<\/p>\n\n\n\n<p>Lo anterior nos permite ver que la implementaci\u00f3n de modelos nacionales de fomento al deporte tiene un impacto significativo en la producci\u00f3n de atletas de alto rendimiento y en el \u00e9xito ol\u00edmpico.&nbsp;<\/p>\n\n\n\n<p>M\u00e9xico tiene la oportunidad de adoptar y adaptar estas buenas pr\u00e1cticas para potenciar su propio sistema deportivo y&nbsp;con ello lograr&nbsp;el \u00e9xito de los atletas mexicanos en el escenario ol\u00edmpico y m\u00e1s all\u00e1.<\/p>\n","protected":false},"excerpt":{"rendered":"<p>Por Fernando Manzanilla Prieto A finales de esta semana se inaugurar\u00e1 uno de los eventos deportivos m\u00e1s importantes y esperados [&hellip;]<\/p>\n","protected":false},"author":1,"featured_media":72116,"comment_status":"open","ping_status":"open","sticky":false,"template":"","format":"standard","meta":{"site-sidebar-layout":"default","site-content-layout":"","ast-site-content-layout":"default","site-content-style":"default","site-sidebar-style":"default","ast-global-header-display":"","ast-banner-title-visibility":"","ast-main-header-display":"","ast-hfb-above-header-display":"","ast-hfb-below-header-display":"","ast-hfb-mobile-header-display":"","site-post-title":"","ast-breadcrumbs-content":"","ast-featured-img":"","footer-sml-layout":"","theme-transparent-header-meta":"","adv-header-id-meta":"","stick-header-meta":"","header-above-stick-meta":"","header-main-stick-meta":"","header-below-stick-meta":"","astra-migrate-meta-layouts":"default","ast-page-background-enabled":"default","ast-page-background-meta":{"desktop":{"background-color":"var(--ast-global-color-4)","background-image":"","background-repeat":"repeat","background-position":"center center","background-size":"auto","background-attachment":"scroll","background-type":"","background-media":"","overlay-type":"","overlay-color":"","overlay-opacity":"","overlay-gradient":""},"tablet":{"background-color":"","background-image":"","background-repeat":"repeat","background-position":"center center","background-size":"auto","background-attachment":"scroll","background-type":"","background-media":"","overlay-type":"","overlay-color":"","overlay-opacity":"","overlay-gradient":""},"mobile":{"background-color":"","background-image":"","background-repeat":"repeat","background-position":"center center","background-size":"auto","background-attachment":"scroll","background-type":"","background-media":"","overlay-type":"","overlay-color":"","overlay-opacity":"","overlay-gradient":""}},"ast-content-background-meta":{"desktop":{"background-color":"var(--ast-global-color-5)","background-image":"","background-repeat":"repeat","background-position":"center center","background-size":"auto","background-attachment":"scroll","background-type":"","background-media":"","overlay-type":"","overlay-color":"","overlay-opacity":"","overlay-gradient":""},"tablet":{"background-color":"var(--ast-global-color-5)","background-image":"","background-repeat":"repeat","background-position":"center center","background-size":"auto","background-attachment":"scroll","background-type":"","background-media":"","overlay-type":"","overlay-color":"","overlay-opacity":"","overlay-gradient":""},"mobile":{"background-color":"var(--ast-global-color-5)","background-image":"","background-repeat":"repeat","background-position":"center center","background-size":"auto","background-attachment":"scroll","background-type":"","background-media":"","overlay-type":"","overlay-color":"","overlay-opacity":"","overlay-gradient":""}},"footnotes":""},"categories":[24,8],"tags":[10260,27992,16494],"class_list":["post-80746","post","type-post","status-publish","format-standard","has-post-thumbnail","hentry","category-fernando-manzanilla","category-noticias","tag-corea-del-sur","tag-fomento-deporte","tag-olimpiadas"],"_links":{"self":[{"href":"https:\/\/losperiodistas.com.mx\/portal\/wp-json\/wp\/v2\/posts\/80746","targetHints":{"allow":["GET"]}}],"collection":[{"href":"https:\/\/losperiodistas.com.mx\/portal\/wp-json\/wp\/v2\/posts"}],"about":[{"href":"https:\/\/losperiodistas.com.mx\/portal\/wp-json\/wp\/v2\/types\/post"}],"author":[{"embeddable":true,"href":"https:\/\/losperiodistas.com.mx\/portal\/wp-json\/wp\/v2\/users\/1"}],"replies":[{"embeddable":true,"href":"https:\/\/losperiodistas.com.mx\/portal\/wp-json\/wp\/v2\/comments?post=80746"}],"version-history":[{"count":1,"href":"https:\/\/losperiodistas.com.mx\/portal\/wp-json\/wp\/v2\/posts\/80746\/revisions"}],"predecessor-version":[{"id":80747,"href":"https:\/\/losperiodistas.com.mx\/portal\/wp-json\/wp\/v2\/posts\/80746\/revisions\/80747"}],"wp:featuredmedia":[{"embeddable":true,"href":"https:\/\/losperiodistas.com.mx\/portal\/wp-json\/wp\/v2\/media\/72116"}],"wp:attachment":[{"href":"https:\/\/losperiodistas.com.mx\/portal\/wp-json\/wp\/v2\/media?parent=80746"}],"wp:term":[{"taxonomy":"category","embeddable":true,"href":"https:\/\/losperiodistas.com.mx\/portal\/wp-json\/wp\/v2\/categories?post=80746"},{"taxonomy":"post_tag","embeddable":true,"href":"https:\/\/losperiodistas.com.mx\/portal\/wp-json\/wp\/v2\/tags?post=80746"}],"curies":[{"name":"wp","href":"https:\/\/api.w.org\/{rel}","templated":true}]}}