{"id":80743,"date":"2024-07-25T07:15:18","date_gmt":"2024-07-25T12:15:18","guid":{"rendered":"https:\/\/losperiodistas.com.mx\/portal\/?p=80743"},"modified":"2024-07-25T07:15:21","modified_gmt":"2024-07-25T12:15:21","slug":"lluvia-intensa-genera-caida-de-arboles-y-distintas-afectaciones-en-puebla-oem","status":"publish","type":"post","link":"https:\/\/losperiodistas.com.mx\/portal\/lluvia-intensa-genera-caida-de-arboles-y-distintas-afectaciones-en-puebla-oem\/","title":{"rendered":"Lluvia intensa genera ca\u00edda de \u00e1rboles y distintas afectaciones en Puebla | OEM"},"content":{"rendered":"\n<h3 class=\"wp-block-heading\">Inundaciones en distintos tramos de la capital poblana se registraron, lo que termin\u00f3 por provocar afectaciones en el tr\u00e1nsito vehicular<\/h3>\n\n\n\n<p><img decoding=\"async\" src=\"https:\/\/www.elsoldepuebla.com.mx\/local\/qf61wa-arbol-cae-a-causa-de-lluvia\/alternates\/LANDSCAPE_768\/arbol%20cae%20a%20causa%20de%20lluvia\" alt=\"\"><\/p>\n\n\n\n<h4 class=\"wp-block-heading\">Un \u00e1rbol cae sobre una vivienda sobre la 30 poniente entre 17 y 19 norte como producto de las lluvias. Foto: Erik Guzm\u00e1n \/ El Sol de Puebla<\/h4>\n\n\n\n<p class=\"has-vivid-red-color has-text-color has-medium-font-size\"><strong>Victoria Ventura \/ El Sol de Puebla<\/strong><\/p>\n\n\n\n<p>Las\u00a0<strong>fuertes\u00a0<a href=\"https:\/\/www.elsoldepuebla.com.mx\/local\/saca-el-paraguas-se-pronostican-lluvias-intensas-con-granizo-para-puebla-12276014.html\" target=\"_blank\" rel=\"noreferrer noopener\">lluvias<\/a>\u00a0registradas durante este d\u00eda en la capital poblana<\/strong>, acompa\u00f1ada de<strong>\u00a0viento y granizo<\/strong>, de nueva cuenta<strong>\u00a0provoc\u00f3 el desprendimiento de la estructura de la nueve sede del Congreso de Puebla,<\/strong>\u00a0inundaciones en vialidades y centro comercial, as\u00ed como la ca\u00edda de \u00e1rboles.<\/p>\n\n\n\n<p>Mediante redes sociales se publicaron una serie de videos en donde se muestran las afectaciones provocadas esta tarde, entre ellas el&nbsp;<strong>desplome de una parte de la estructura de la nueva sede del Poder Legislativo, en la zona de Los Fuertes.<\/strong><\/p>\n\n\n\n<ul class=\"wp-block-list\"><li><strong>Leer m\u00e1s:&nbsp;<a rel=\"noreferrer noopener\" target=\"_blank\" href=\"https:\/\/www.elsoldepuebla.com.mx\/local\/trafico-y-vialidades-congestionadas-dejan-las-lluvias-en-puebla-12289407.html\">Tr\u00e1fico y vialidades congestionadas dejan las lluvias en Puebla<\/a><\/strong><\/li><\/ul>\n\n\n\n<p>Tambi\u00e9n se reportaron<strong>&nbsp;encharcamientos sobre la 7 poniente y 9 sur<\/strong>, que provoc\u00f3 que&nbsp;<strong>personas no pudieran de salir de las tiendas o negocios;<\/strong>&nbsp;as\u00ed como<strong>&nbsp;inundaci\u00f3n en vialidades como el bulevar 5 de Mayo, la calle 11 norte-sur<\/strong>, por lo que los automovilistas tuvieron que disminuir la velocidad.<\/p>\n\n\n\n<p><a href=\"https:\/\/www.elsoldepuebla.com.mx\/local\/estado\/\">ESTADO<\/a><\/p>\n\n\n\n<figure class=\"wp-block-image\"><a href=\"https:\/\/www.elsoldepuebla.com.mx\/local\/estado\/inundaciones-y-colapso-en-el-sistema-de-drenaje-provoca-la-lluvia-en-izucar-12289957.html\"><img decoding=\"async\" src=\"https:\/\/www.elsoldepuebla.com.mx\/local\/estado\/rqs9n9-lluvias-en-izucar\/alternates\/LANDSCAPE_200\/Lluvias%20en%20Izucar\" alt=\"\" title=\"Lluvias en Izucar\"\/><\/a><\/figure>\n\n\n\n<h4 class=\"wp-block-heading\"><a href=\"https:\/\/www.elsoldepuebla.com.mx\/local\/estado\/inundaciones-y-colapso-en-el-sistema-de-drenaje-provoca-la-lluvia-en-izucar-12289957.html\">Inundaciones y colapso en el sistema de drenaje provoca la lluvia en Iz\u00facar<\/a><\/h4>\n\n\n\n<p>De igual forma, se report\u00f3 la<strong>&nbsp;ca\u00edda de una rama de \u00e1rbol en la esquina de la 15 sur y Avenida Ju\u00e1rez<\/strong>, por lo que algunos transe\u00fantes se dieron a la tarea de quitarlo de la vialidad para evitar caos vial; as\u00ed como en la&nbsp;<strong>30 poniente entre 17 y 19 Norte, donde Tr\u00e1nsito Municipal tuvo que cerrar la circulaci\u00f3n para poder retirarlo.<\/strong><\/p>\n\n\n\n<p>Los internautas tambi\u00e9n exhibieron un video de<strong>&nbsp;inundaci\u00f3n al interior de plaza San Pedro, donde los locatarios tuvieron que sacar el agua de sus negocios para evitar afectaciones en sus mercanc\u00edas<\/strong>, esta es la segunda ocasi\u00f3n que se reporta la filtraci\u00f3n de agua.PUBLICIDAD<img decoding=\"async\" src=\"https:\/\/www.elsoldepuebla.com.mx\/local\/k1zm19-lluvias-intensas-en-puebla\/alternates\/FREE_480\/Lluvias%20intensas%20en%20Puebla\" alt=\"\"><\/p>\n\n\n\n<h4 class=\"wp-block-heading\">El viento y el granizo se hizo presente en esta lluvia. Foto: Bibiana Diaz \/ El Sol de Puebla<\/h4>\n\n\n\n<p>Ante esto,&nbsp;<strong>Tr\u00e1nsito Municipal de Puebla pidi\u00f3 a los automovilistas tomar precauciones<\/strong>&nbsp;como mantener la m\u00e1xima atenci\u00f3n al volante y disminuir la velocidad, as\u00ed como activar las luces intermitentes.<\/p>\n\n\n\n<p><a rel=\"noreferrer noopener\" target=\"_blank\" href=\"https:\/\/elsoldemexico.us16.list-manage.com\/subscribe?u=c04a811ee61dc85305bf7133b&amp;id=905a4d70c0\">&#x27a1;&#xfe0f;&nbsp;<strong>Suscr\u00edbete a nuestro Newsletter y recibe las notas m\u00e1s relevantes en tu correo<\/strong><\/a><\/p>\n\n\n\n<p>En tanto que\u00a0<strong>Protecci\u00f3n Civil\u00a0<\/strong>pidi\u00f3 a las y los habitantes de la capital poblana\u00a0<strong>mantenerse alejada de casas o inmuebles en mal estado, alejarse de \u00e1rboles, evitar acercarse a muros o techos endebles<\/strong>, as\u00ed como a\u00a0<strong>vallas publicitarias<\/strong>\u00a0y, tras las precipitaciones,<strong>\u00a0limpiar desag\u00fces o coladeras para evitar que pudieran taparse con basura.<\/strong><\/p>\n\n\n\n<figure class=\"wp-block-embed is-type-rich is-provider-twitter wp-block-embed-twitter\"><div class=\"wp-block-embed__wrapper\">\nhttps:\/\/twitter.com\/elsoldepuebla1\/status\/1816250086571356424?ref_src=twsrc%5Etfw%7Ctwcamp%5Etweetembed%7Ctwterm%5E1816250086571356424%7Ctwgr%5E9b792fd63b8393ea21947d1a76cbf995722839ee%7Ctwcon%5Es1_c10&#038;ref_url=https%3A%2F%2Fwww.elsoldepuebla.com.mx%2Flocal%2Flluvia-intensa-genera-caida-de-arboles-y-distintas-afectaciones-en-puebla-12293509.html\n<\/div><\/figure>\n\n\n\n<h2 class=\"wp-block-heading\"><strong>Gobierno de Puebla aclara ocurrido en nueva sede del Congreso<\/strong><\/h2>\n\n\n\n<p>Luego de darse a conocer el&nbsp;<strong>presunto desprendimiento de la estructura de la nueve sede del Congreso<\/strong>, la&nbsp;<strong>Secretar\u00eda de Infraestructura rechaz\u00f3 esta versi\u00f3n<\/strong>&nbsp;e inform\u00f3 que&nbsp;<strong>se tom\u00f3 la decisi\u00f3n de retirar de manera controlada alrededor de 80 metros cuadrados de losa,<\/strong>&nbsp;esto en respuesta a las lluvias registradas con anterioridad.<\/p>\n\n\n\n<p>Mediante un breve comunicado, se detall\u00f3 que\u00a0<strong>no hay trabajadores afectados, pues se garantiza la calidad y el proceso constructivo de la obra.<\/strong><\/p>\n\n\n\n<figure class=\"wp-block-embed is-type-rich is-provider-twitter wp-block-embed-twitter\"><div class=\"wp-block-embed__wrapper\">\n<blockquote class=\"twitter-tweet\" data-width=\"500\" data-dnt=\"true\"><p lang=\"es\" dir=\"ltr\">El <a href=\"https:\/\/twitter.com\/hashtag\/GobiernoPresente?src=hash&amp;ref_src=twsrc%5Etfw\">#GobiernoPresente<\/a> de <a href=\"https:\/\/twitter.com\/SergioSalomonC?ref_src=twsrc%5Etfw\">@SergioSalomonC<\/a> a trav\u00e9s de esta dependencia informa que no ha existido colapso en la Nueva Sede del Congreso del Estado. Se tomaron medidas preventivas para garantizar la calidad del inmueble. <a href=\"https:\/\/t.co\/pWMwx9hjwO\">pic.twitter.com\/pWMwx9hjwO<\/a><\/p>&mdash; Secretar\u00eda de Infraestructura (@InfraGobPue) <a href=\"https:\/\/twitter.com\/InfraGobPue\/status\/1816285838927671331?ref_src=twsrc%5Etfw\">July 25, 2024<\/a><\/blockquote><script async src=\"https:\/\/platform.twitter.com\/widgets.js\" charset=\"utf-8\"><\/script>\n<\/div><\/figure>\n\n\n\n<p>Fuente: <a href=\"https:\/\/www.elsoldepuebla.com.mx\/local\/lluvia-intensa-genera-caida-de-arboles-y-distintas-afectaciones-en-puebla-12293509.html\">https:\/\/www.elsoldepuebla.com.mx\/local\/lluvia-intensa-genera-caida-de-arboles-y-distintas-afectaciones-en-puebla-12293509.html<\/a><\/p>\n","protected":false},"excerpt":{"rendered":"<p>Inundaciones en distintos tramos de la capital poblana se registraron, lo que termin\u00f3 por provocar afectaciones en el tr\u00e1nsito vehicular [&hellip;]<\/p>\n","protected":false},"author":1,"featured_media":80744,"comment_status":"open","ping_status":"open","sticky":false,"template":"","format":"standard","meta":{"site-sidebar-layout":"default","site-content-layout":"","ast-site-content-layout":"default","site-content-style":"default","site-sidebar-style":"default","ast-global-header-display":"","ast-banner-title-visibility":"","ast-main-header-display":"","ast-hfb-above-header-display":"","ast-hfb-below-header-display":"","ast-hfb-mobile-header-display":"","site-post-title":"","ast-breadcrumbs-content":"","ast-featured-img":"","footer-sml-layout":"","theme-transparent-header-meta":"","adv-header-id-meta":"","stick-header-meta":"","header-above-stick-meta":"","header-main-stick-meta":"","header-below-stick-meta":"","astra-migrate-meta-layouts":"default","ast-page-background-enabled":"default","ast-page-background-meta":{"desktop":{"background-color":"var(--ast-global-color-4)","background-image":"","background-repeat":"repeat","background-position":"center center","background-size":"auto","background-attachment":"scroll","background-type":"","background-media":"","overlay-type":"","overlay-color":"","overlay-opacity":"","overlay-gradient":""},"tablet":{"background-color":"","background-image":"","background-repeat":"repeat","background-position":"center center","background-size":"auto","background-attachment":"scroll","background-type":"","background-media":"","overlay-type":"","overlay-color":"","overlay-opacity":"","overlay-gradient":""},"mobile":{"background-color":"","background-image":"","background-repeat":"repeat","background-position":"center center","background-size":"auto","background-attachment":"scroll","background-type":"","background-media":"","overlay-type":"","overlay-color":"","overlay-opacity":"","overlay-gradient":""}},"ast-content-background-meta":{"desktop":{"background-color":"var(--ast-global-color-5)","background-image":"","background-repeat":"repeat","background-position":"center center","background-size":"auto","background-attachment":"scroll","background-type":"","background-media":"","overlay-type":"","overlay-color":"","overlay-opacity":"","overlay-gradient":""},"tablet":{"background-color":"var(--ast-global-color-5)","background-image":"","background-repeat":"repeat","background-position":"center center","background-size":"auto","background-attachment":"scroll","background-type":"","background-media":"","overlay-type":"","overlay-color":"","overlay-opacity":"","overlay-gradient":""},"mobile":{"background-color":"var(--ast-global-color-5)","background-image":"","background-repeat":"repeat","background-position":"center center","background-size":"auto","background-attachment":"scroll","background-type":"","background-media":"","overlay-type":"","overlay-color":"","overlay-opacity":"","overlay-gradient":""}},"footnotes":""},"categories":[8],"tags":[25398,27991,16463],"class_list":["post-80743","post","type-post","status-publish","format-standard","has-post-thumbnail","hentry","category-noticias","tag-caida-de-arboles","tag-fuertes-lluvias-puebla","tag-nueva-sede-congreso-del-estado"],"_links":{"self":[{"href":"https:\/\/losperiodistas.com.mx\/portal\/wp-json\/wp\/v2\/posts\/80743","targetHints":{"allow":["GET"]}}],"collection":[{"href":"https:\/\/losperiodistas.com.mx\/portal\/wp-json\/wp\/v2\/posts"}],"about":[{"href":"https:\/\/losperiodistas.com.mx\/portal\/wp-json\/wp\/v2\/types\/post"}],"author":[{"embeddable":true,"href":"https:\/\/losperiodistas.com.mx\/portal\/wp-json\/wp\/v2\/users\/1"}],"replies":[{"embeddable":true,"href":"https:\/\/losperiodistas.com.mx\/portal\/wp-json\/wp\/v2\/comments?post=80743"}],"version-history":[{"count":1,"href":"https:\/\/losperiodistas.com.mx\/portal\/wp-json\/wp\/v2\/posts\/80743\/revisions"}],"predecessor-version":[{"id":80745,"href":"https:\/\/losperiodistas.com.mx\/portal\/wp-json\/wp\/v2\/posts\/80743\/revisions\/80745"}],"wp:featuredmedia":[{"embeddable":true,"href":"https:\/\/losperiodistas.com.mx\/portal\/wp-json\/wp\/v2\/media\/80744"}],"wp:attachment":[{"href":"https:\/\/losperiodistas.com.mx\/portal\/wp-json\/wp\/v2\/media?parent=80743"}],"wp:term":[{"taxonomy":"category","embeddable":true,"href":"https:\/\/losperiodistas.com.mx\/portal\/wp-json\/wp\/v2\/categories?post=80743"},{"taxonomy":"post_tag","embeddable":true,"href":"https:\/\/losperiodistas.com.mx\/portal\/wp-json\/wp\/v2\/tags?post=80743"}],"curies":[{"name":"wp","href":"https:\/\/api.w.org\/{rel}","templated":true}]}}