{"id":80712,"date":"2024-07-24T22:08:26","date_gmt":"2024-07-25T03:08:26","guid":{"rendered":"http:\/\/losperiodistas.com.mx\/portal\/?p=80712"},"modified":"2024-07-24T22:08:28","modified_gmt":"2024-07-25T03:08:28","slug":"cdmx-quiere-revivir-cempasuchil-nativo-de-una-semilla-hallada-en-teotihuacan","status":"publish","type":"post","link":"https:\/\/losperiodistas.com.mx\/portal\/cdmx-quiere-revivir-cempasuchil-nativo-de-una-semilla-hallada-en-teotihuacan\/","title":{"rendered":"CDMX quiere revivir cempas\u00fachil nativo: la clave est\u00e1 en una semilla hallada en Teotihuac\u00e1n | El Sol de M\u00e9xico"},"content":{"rendered":"\n<p>Un equipo de la ciudad y del INAH realizar\u00e1n pruebas de ADN para confirmar su origen<\/p>\n\n\n\n<figure class=\"wp-block-image size-large\"><img fetchpriority=\"high\" decoding=\"async\" width=\"1024\" height=\"635\" src=\"https:\/\/losperiodistas.com.mx\/portal\/wp-content\/uploads\/2024\/07\/Captura-de-pantalla-2024-07-24-205129-1024x635.png\" alt=\"revivir cempas\u00fachil nativo\" class=\"wp-image-80713\" srcset=\"https:\/\/losperiodistas.com.mx\/portal\/wp-content\/uploads\/2024\/07\/Captura-de-pantalla-2024-07-24-205129-1024x635.png 1024w, https:\/\/losperiodistas.com.mx\/portal\/wp-content\/uploads\/2024\/07\/Captura-de-pantalla-2024-07-24-205129-300x186.png 300w, https:\/\/losperiodistas.com.mx\/portal\/wp-content\/uploads\/2024\/07\/Captura-de-pantalla-2024-07-24-205129-768x476.png 768w, https:\/\/losperiodistas.com.mx\/portal\/wp-content\/uploads\/2024\/07\/Captura-de-pantalla-2024-07-24-205129.png 1145w\" sizes=\"(max-width: 1024px) 100vw, 1024px\" \/><figcaption>Miguel Delgado, Corenadr y Luis Enrique P\u00e1ez, bi\u00f3logo \/ Foto: Aracely Mart\u00ednez \/ Ovaciones<\/figcaption><\/figure>\n\n\n\n<p class=\"has-vivid-red-color has-text-color\">Gloria L\u00f3pez \/ El Sol de M\u00e9xico<\/p>\n\n\n\n<p><strong>En el t\u00fanel de la pir\u00e1mide de la Serpiente Emplumada en Teotihuac\u00e1n<\/strong>, considerado como la representaci\u00f3n del inframundo, <strong>un grupo de arque\u00f3logos encontr\u00f3 m\u00e1s de 500 ofrendas<\/strong>, entre <strong>semillas<\/strong>, objetos y diversos <strong>ramos de flor de cempas\u00fachil.<\/strong> <strong>Esos ramos ahora son la esperanza de los investigadores para rescatar la flor nativa.<\/strong><\/p>\n\n\n\n<p>En octubre de 2003, <strong>el arque\u00f3logo Sergio G\u00f3mez Ch\u00e1vez fue quien descubri\u00f3 este t\u00fanel<\/strong> con m\u00e1s de dos mil a\u00f1os de antig\u00fcedad. Lo hizo a trav\u00e9s del <strong>proyecto<\/strong> <strong>Tlalocan<\/strong>, uno de los hallazgos m\u00e1s importantes en el pa\u00eds y en Am\u00e9rica Latina.<\/p>\n\n\n\n<p>Ahora un equipo de la<strong> Comisi\u00f3n de Recursos Naturales y Desarrollo Rural de la Ciudad de M\u00e9xico<\/strong> colabora con el <strong>INAH<\/strong> y otros expertos <strong>para rescatar la semilla<\/strong>. Luis Enrique P\u00e1ez Gerardo, bi\u00f3logo formado en la<strong> FES Iztacala<\/strong>, explic\u00f3 que <strong>este descubrimiento podr\u00eda rescatar la flor nativa de cempas\u00fachil<\/strong>, as\u00ed como <strong>conservar esta semilla<\/strong> para que los <strong>productores<\/strong> capitalinos y del pa\u00eds <strong>dejen importar la flor del extranjero.<\/strong><\/p>\n\n\n\n<figure class=\"wp-block-image size-large\"><img decoding=\"async\" width=\"1024\" height=\"574\" src=\"https:\/\/losperiodistas.com.mx\/portal\/wp-content\/uploads\/2024\/07\/Captura-de-pantalla-2024-07-24-205542-1024x574.png\" alt=\"\" class=\"wp-image-80714\" srcset=\"https:\/\/losperiodistas.com.mx\/portal\/wp-content\/uploads\/2024\/07\/Captura-de-pantalla-2024-07-24-205542-1024x574.png 1024w, https:\/\/losperiodistas.com.mx\/portal\/wp-content\/uploads\/2024\/07\/Captura-de-pantalla-2024-07-24-205542-300x168.png 300w, https:\/\/losperiodistas.com.mx\/portal\/wp-content\/uploads\/2024\/07\/Captura-de-pantalla-2024-07-24-205542-768x430.png 768w, https:\/\/losperiodistas.com.mx\/portal\/wp-content\/uploads\/2024\/07\/Captura-de-pantalla-2024-07-24-205542.png 1076w\" sizes=\"(max-width: 1024px) 100vw, 1024px\" \/><figcaption>Arque\u00f3logo descubre ofrendas en Teotihuac\u00e1n \/ Foto: Aracely Mart\u00ednez \/ Ovaciones<\/figcaption><\/figure>\n\n\n\n<p>\u201cVemos que en sus accesos <strong>el doctor Sergio G\u00f3mez encuentra ramos de cempas\u00fachil<\/strong>, estos ramos<strong> est\u00e1n datados con dos mil a\u00f1os de antig\u00fcedad<\/strong> y es donde <strong>nosotros tenemos ese ejemplar con m\u00e1s antig\u00fcedad registrada<\/strong>, por eso <strong>necesitamos extraer el ADN de esta flor<\/strong> para<strong> asegurar que es una planta antigua y mexicana<\/strong>\u201d, explic\u00f3.<\/p>\n\n\n\n<p>En entrevista con<strong> El Sol de M\u00e9xico <\/strong>detall\u00f3 que mediante el <strong>\u201cProyecto estrat\u00e9gico para la conservaci\u00f3n de Cempas\u00fachil\u201d<\/strong>, <strong>realizar\u00e1n pruebas a la flor para determinar su origen, morfolog\u00eda y caracter\u00edsticas <\/strong>e informaci\u00f3n que servir\u00e1n para probar que es nativa del pa\u00eds.<\/p>\n\n\n\n<p>\u201cDentro de las ofrendas halladas en este t\u00fanel tambi\u00e9n<strong> encontraron diferentes semillas como ma\u00edz<\/strong>, <strong>cacao<\/strong>, <strong>ch\u00eda<\/strong>, <strong>frijol<\/strong>, <strong>calabaza<\/strong> y estos ramos tagetes, de cempas\u00fachil\u201d, record\u00f3.<\/p>\n\n\n\n<p>El bi\u00f3logo consider\u00f3 <strong>este hallazgo como un importante banco de semillas nativas <\/strong>que se pueden conservar para los productores locales, quienes <strong>tendr\u00e1n que dejar de comprar a otros pa\u00edses<\/strong>, adem\u00e1s de <strong>preservar una de las flores m\u00e1s emblem\u00e1ticas y representativas de la cultura de M\u00e9xico.<\/strong><\/p>\n\n\n\n<p>\u201cNosotros lo que queremos es <strong>registrar toda esta informaci\u00f3n ya que funge como un banco de semillas,<\/strong> estas ofrendas que quedaron depositadas son un banco de informaci\u00f3n gen\u00e9tica. Pretendemos que se hagan los estudios respectivos y se pueda aseverar que son plantas de origen mexicano. Con esto tambi\u00e9n se da acceso a la <strong>domesticaci\u00f3n de muchas plantas<\/strong>\u201d, destac\u00f3.<\/p>\n\n\n\n<p>En este <strong>proyecto de rescate<\/strong> participa un grupo interdisciplinario de investigadores y diversas instituciones como el Instituto Nacional de Antropolog\u00eda e Historia (<strong>INAH<\/strong>), la Comisi\u00f3n de Recursos Naturales y Desarrollo Rural (<strong>Corenadr<\/strong>), la <strong>Universidad de Chapingo<\/strong>, el <strong>Instituto Polit\u00e9cnico Nacional<\/strong> (IPN), la <strong>Universidad Nacional Aut\u00f3noma de M\u00e9xico<\/strong> (UNAM), el <strong>Tecnol\u00f3gico de Monterrey<\/strong> y <strong>productores de flor de cempas\u00fachil.<\/strong><\/p>\n\n\n\n<p>P\u00e1ez Gerardo explic\u00f3 que la <strong>extracci\u00f3n del ADN<\/strong> y el proceso de <strong>investigaci\u00f3n<\/strong> se realizar\u00e1 a trav\u00e9s de rutas estrat\u00e9gicas a largo plazo, con <strong>la finalidad de defender el patrimonio cultural y gen\u00e9tico de la tradicional flor<\/strong>, pero sobre todo para que <strong>los productores puedan generar h\u00edbridos de estas semillas.<\/strong><\/p>\n\n\n\n<figure class=\"wp-block-image size-large\"><img decoding=\"async\" width=\"1024\" height=\"574\" src=\"https:\/\/losperiodistas.com.mx\/portal\/wp-content\/uploads\/2024\/07\/Captura-de-pantalla-2024-07-24-205650-1024x574.png\" alt=\"\" class=\"wp-image-80715\" srcset=\"https:\/\/losperiodistas.com.mx\/portal\/wp-content\/uploads\/2024\/07\/Captura-de-pantalla-2024-07-24-205650-1024x574.png 1024w, https:\/\/losperiodistas.com.mx\/portal\/wp-content\/uploads\/2024\/07\/Captura-de-pantalla-2024-07-24-205650-300x168.png 300w, https:\/\/losperiodistas.com.mx\/portal\/wp-content\/uploads\/2024\/07\/Captura-de-pantalla-2024-07-24-205650-768x430.png 768w, https:\/\/losperiodistas.com.mx\/portal\/wp-content\/uploads\/2024\/07\/Captura-de-pantalla-2024-07-24-205650.png 1073w\" sizes=\"(max-width: 1024px) 100vw, 1024px\" \/><figcaption>Foto: Aracely Mart\u00ednez \/ Ovaciones<\/figcaption><\/figure>\n\n\n\n<p>El bi\u00f3logo explic\u00f3 que <strong>para generar los h\u00edbridos es importante conocer las morfolog\u00edas y tipos de flor<\/strong>, as\u00ed como contar con el registro de informaci\u00f3n para que se norme la documentaci\u00f3n donde se asevere la ubicaci\u00f3n y origen de la flor.<\/p>\n\n\n\n<p>De acuerdo con datos de la <strong>Secretar\u00eda de Agricultura y Desarrollo Rural <\/strong>(Sader) hasta noviembre de 2022, en otros pa\u00edses <strong>la flor es altamente valorada por su cualidades industriales.<\/strong> Actualmente <strong>existen 131 variedades de cempas\u00fachil<\/strong> con <strong>derecho de obtentor<\/strong> a nivel mundial, <strong>registradas y protegidas en 13 pa\u00edses<\/strong>: Australia, Alemania, China, Estados Unidos, Jap\u00f3n, Kenia, Israel, M\u00e9xico, Nueva Zelanda, Pa\u00edses Bajos, Per\u00fa, Uni\u00f3n Europea, Sud\u00e1frica.<\/p>\n\n\n\n<p>\u201c<strong>El derecho de obtentor permite registrar variedades en diversos pa\u00edses<\/strong>, con diversas variedades, tanto nacionales como internacionales\u201d, especifica la Sader.<\/p>\n\n\n\n<p>En M\u00e9xico <strong>son nueve los estados productores de cempas\u00fachil<\/strong>. Puebla e Hidalgo lideran la lista, le siguen Veracruz y la Ciudad de M\u00e9xico.<\/p>\n\n\n\n<figure class=\"wp-block-image size-large\"><img loading=\"lazy\" decoding=\"async\" width=\"1024\" height=\"573\" src=\"https:\/\/losperiodistas.com.mx\/portal\/wp-content\/uploads\/2024\/07\/Captura-de-pantalla-2024-07-24-205746-1024x573.png\" alt=\"\" class=\"wp-image-80716\" srcset=\"https:\/\/losperiodistas.com.mx\/portal\/wp-content\/uploads\/2024\/07\/Captura-de-pantalla-2024-07-24-205746-1024x573.png 1024w, https:\/\/losperiodistas.com.mx\/portal\/wp-content\/uploads\/2024\/07\/Captura-de-pantalla-2024-07-24-205746-300x168.png 300w, https:\/\/losperiodistas.com.mx\/portal\/wp-content\/uploads\/2024\/07\/Captura-de-pantalla-2024-07-24-205746-768x430.png 768w, https:\/\/losperiodistas.com.mx\/portal\/wp-content\/uploads\/2024\/07\/Captura-de-pantalla-2024-07-24-205746.png 1074w\" sizes=\"(max-width: 1024px) 100vw, 1024px\" \/><figcaption>Foto: Aracely Mart\u00ednez \/ Ovaciones<\/figcaption><\/figure>\n\n\n\n<p>P\u00e1ez se\u00f1al\u00f3 que s\u00f3lo este a\u00f1o en la Ciudad de M\u00e9xico <strong>se produjeron cinco millones de plantas de cempas\u00fachil en macetas provenientes del extranjero<\/strong>. El <strong>costo de cada semilla va de un peso a 1.50<\/strong>, por lo que<strong> es considerable la ganancia que podr\u00eda tener cada productor.<\/strong><\/p>\n\n\n\n<p>\u201cPor eso<strong> lo que queremos es que el productor no dependa de las casas extranjeras<\/strong>, que al aseverar que <strong>es una planta de origen mexicano<\/strong>, hagamos los estudios pertinentes, para que generemos esos h\u00edbridos y<strong> el productor sea autosuficiente<\/strong>, donde \u00e9l pueda producir sus plantas de ciertas caracter\u00edsticas para que no estemos importando semillas\u201d, reiter\u00f3.<\/p>\n\n\n\n<p>De acuerdo con el investigador <strong>cada flor de cempas\u00fachil produce entre 150 y 200 semillas<\/strong>, por lo que un campo de producci\u00f3n que <strong>50 a 70 flores podr\u00eda generar hasta 14 mil de semillas<\/strong>.<\/p>\n\n\n\n<div class=\"wp-block-image\"><figure class=\"aligncenter size-full is-resized\"><img loading=\"lazy\" decoding=\"async\" src=\"https:\/\/losperiodistas.com.mx\/portal\/wp-content\/uploads\/2024\/07\/Captura-de-pantalla-2024-07-24-210301.png\" alt=\"\" class=\"wp-image-80717\" width=\"605\" height=\"377\" srcset=\"https:\/\/losperiodistas.com.mx\/portal\/wp-content\/uploads\/2024\/07\/Captura-de-pantalla-2024-07-24-210301.png 807w, https:\/\/losperiodistas.com.mx\/portal\/wp-content\/uploads\/2024\/07\/Captura-de-pantalla-2024-07-24-210301-300x187.png 300w, https:\/\/losperiodistas.com.mx\/portal\/wp-content\/uploads\/2024\/07\/Captura-de-pantalla-2024-07-24-210301-768x478.png 768w\" sizes=\"(max-width: 605px) 100vw, 605px\" \/><\/figure><\/div>\n\n\n\n<h2 class=\"wp-block-heading\">Rescate de semillas<\/h2>\n\n\n\n<p>La Comisi\u00f3n de Recursos Naturales apuesta por el <strong>rescate y preservaci\u00f3n de las semillas nativas<\/strong>, por lo que <strong>busca que esta antigua flor forme parte de \u201cLa Casa de Semilla Toxinachcal\u201d<\/strong>, que actualmente <strong>preserva 2 mil 233 tipos de semillas<\/strong> de cultivos como <strong>huazontle<\/strong>, <strong>amaranto,<\/strong> <strong>frijol<\/strong>, <strong>haba<\/strong>, <strong>romerito<\/strong>, <strong>chile<\/strong>, entre otros.<\/p>\n\n\n\n<p>Miguel Delgado, responsable del vivero San Luis de la <strong>Corenadr<\/strong>, explic\u00f3 que <strong>dentro del proyecto estrat\u00e9gico para la conservaci\u00f3n de cempas\u00fachil se habilit\u00f3 una parcela demostrativa de esta flor<\/strong> donde se est\u00e1 trabajando con tres especies nativas: <strong>tagetes<\/strong> <strong>erecta<\/strong>, <strong>esp\u00e1tula<\/strong> y <strong>lunulata<\/strong>.<\/p>\n\n\n\n<p>\u201cEl objetivo de <strong>tener esta parcela en la Corena <\/strong>es conocer las especies, hacer la caracterizaci\u00f3n morfol\u00f3gica de cada tipo de flor dentro de las especies y caracterizarlas para conocer mejor las especies. Una vez caracterizado podemos obtener m\u00e1s <strong>gemoplasma<\/strong> e<strong> incrementar la semilla<\/strong> para seguir preservando esta especie nativa del Valle de M\u00e9xico\u201d, detall\u00f3.<\/p>\n\n\n\n<p>Martha Alicia Mart\u00ednez, qu\u00edmica y productora de cempas\u00fachil, reiter\u00f3 que <strong>el inter\u00e9s de este proyecto es conservar su identidad y que se reconozca que la flor es mexicana.<\/strong><\/p>\n\n\n\n<figure class=\"wp-block-image size-full\"><img loading=\"lazy\" decoding=\"async\" width=\"975\" height=\"547\" src=\"https:\/\/losperiodistas.com.mx\/portal\/wp-content\/uploads\/2024\/07\/Captura-de-pantalla-2024-07-24-210352.png\" alt=\"\" class=\"wp-image-80718\" srcset=\"https:\/\/losperiodistas.com.mx\/portal\/wp-content\/uploads\/2024\/07\/Captura-de-pantalla-2024-07-24-210352.png 975w, https:\/\/losperiodistas.com.mx\/portal\/wp-content\/uploads\/2024\/07\/Captura-de-pantalla-2024-07-24-210352-300x168.png 300w, https:\/\/losperiodistas.com.mx\/portal\/wp-content\/uploads\/2024\/07\/Captura-de-pantalla-2024-07-24-210352-768x431.png 768w\" sizes=\"(max-width: 975px) 100vw, 975px\" \/><figcaption>Martha Alicia Mart\u00ednez, qu\u00edmica y productora de cempas\u00fachil \/ Foto: Aracely Mart\u00ednez \/ Ovaciones<\/figcaption><\/figure>\n\n\n\n<p>\u201cEl <strong>D\u00eda de Muertos<\/strong> para nosotros representa la vida y la muerte y eso es muy importante para los mexicanos, necesitamos conservar nuestra planta end\u00e9mica, la que siempre se hab\u00eda sembrado\u201d, manifest\u00f3.<\/p>\n\n\n\n<p>\u201cAhora <strong>los chinos se la adjudican<\/strong>, <strong>todos los pa\u00edses ya producen cempas\u00fachil<\/strong>, por eso <strong>es importante saber que tenemos m\u00e1s de dos mil a\u00f1os con esa planta<\/strong> y que <strong>es de los mexicanos<\/strong>\u201d, expres\u00f3.<\/p>\n\n\n\n<p>Y ahonda en esta explicaci\u00f3n sobre la <strong>flor china <\/strong>que <strong>hace unos a\u00f1os indign\u00f3 a los mexicanos<\/strong>. \u201cEn a\u00f1os anteriores hubo una noticia de que <strong>M\u00e9xico produc\u00eda plantas chinas<\/strong>, pero cuidado con eso, le llamaban a la flor china por lo ondulado de las l\u00edgulas. S\u00ed importamos, pero se producen en el suelo de conservaci\u00f3n de M\u00e9xico, es importante que digamos que es un h\u00edbrido que se ha hecho en otros pa\u00edses, por eso nosotros podemos generar diferentes h\u00edbridos en M\u00e9xico con plantas nativas para que la floricultura tenga un auge en la autosuficiencia\u201d.<\/p>\n\n\n\n<div class=\"wp-block-image\"><figure class=\"aligncenter size-full is-resized\"><img loading=\"lazy\" decoding=\"async\" src=\"https:\/\/losperiodistas.com.mx\/portal\/wp-content\/uploads\/2024\/07\/Captura-de-pantalla-2024-07-24-210443.png\" alt=\"\" class=\"wp-image-80719\" width=\"605\" height=\"376\" srcset=\"https:\/\/losperiodistas.com.mx\/portal\/wp-content\/uploads\/2024\/07\/Captura-de-pantalla-2024-07-24-210443.png 807w, https:\/\/losperiodistas.com.mx\/portal\/wp-content\/uploads\/2024\/07\/Captura-de-pantalla-2024-07-24-210443-300x186.png 300w, https:\/\/losperiodistas.com.mx\/portal\/wp-content\/uploads\/2024\/07\/Captura-de-pantalla-2024-07-24-210443-768x477.png 768w\" sizes=\"(max-width: 605px) 100vw, 605px\" \/><\/figure><\/div>\n\n\n\n<h2 class=\"wp-block-heading\">Otros usos<\/h2>\n\n\n\n<p>Luis Enrique P\u00e1ez Gerardo explic\u00f3 que el grupo de expertos realiza investigaciones para determinar los diversos usos y beneficios que aporta esta flor a las personas. \u201cRecordemos que se han hecho las <strong>investigaciones<\/strong> para hacer la mejora de estas plantas y que tengan una <strong>mejor pigmentaci\u00f3n<\/strong>, este pigmento es ampliamente utilizado en el sector av\u00edcola que se utiliza <strong>estos pigmentos para que el pollo y el huevo tenga esa pigmentaci\u00f3n amarilla<\/strong>\u201d, inform\u00f3.<\/p>\n\n\n\n<p>En cuanto a <strong>medicina<\/strong> dijo que <strong>puede ser utilizada para cataratas y se encuentra en curso una investigaci\u00f3n <\/strong>para corroborar si puede usar como <strong>cicatrizante.<\/strong><\/p>\n\n\n\n<p>\u201cEn el uso de las hojas se pueden emplear como <strong>insecticidas<\/strong>, las ra\u00edces estamos hablando de que pueden ser empleados como <strong>nematicidas<\/strong>. Lo que queremos incitar a los productores que no s\u00f3lo en la temporada puedan estar cultivando esto, sino que todo el a\u00f1o para darle mayor uso\u201d, concluy\u00f3.<\/p>\n\n\n\n<p>Fuente: <a href=\"https:\/\/www.elsoldemexico.com.mx\/metropoli\/cdmx\/cdmx-quiere-revivir-cempasuchil-nativo-la-clave-esta-en-una-semilla-hallada-en-teotihuacan-12290511.html?utm_source=newsshowcase&amp;utm_medium=gnews&amp;utm_campaign=CDAqEAgAKgcICjDu7P4KMJ2-9wIwxKiKAw&amp;utm_content=rundown\" target=\"_blank\" rel=\"noreferrer noopener\">El Sol de M\u00e9xico<\/a><\/p>\n","protected":false},"excerpt":{"rendered":"<p>Un equipo de la ciudad y del INAH realizar\u00e1n pruebas de ADN para confirmar su origen <\/p>\n","protected":false},"author":1,"featured_media":80713,"comment_status":"open","ping_status":"open","sticky":false,"template":"","format":"standard","meta":{"site-sidebar-layout":"default","site-content-layout":"","ast-site-content-layout":"default","site-content-style":"default","site-sidebar-style":"default","ast-global-header-display":"","ast-banner-title-visibility":"","ast-main-header-display":"","ast-hfb-above-header-display":"","ast-hfb-below-header-display":"","ast-hfb-mobile-header-display":"","site-post-title":"","ast-breadcrumbs-content":"","ast-featured-img":"","footer-sml-layout":"","theme-transparent-header-meta":"","adv-header-id-meta":"","stick-header-meta":"","header-above-stick-meta":"","header-main-stick-meta":"","header-below-stick-meta":"","astra-migrate-meta-layouts":"default","ast-page-background-enabled":"default","ast-page-background-meta":{"desktop":{"background-color":"var(--ast-global-color-4)","background-image":"","background-repeat":"repeat","background-position":"center center","background-size":"auto","background-attachment":"scroll","background-type":"","background-media":"","overlay-type":"","overlay-color":"","overlay-opacity":"","overlay-gradient":""},"tablet":{"background-color":"","background-image":"","background-repeat":"repeat","background-position":"center center","background-size":"auto","background-attachment":"scroll","background-type":"","background-media":"","overlay-type":"","overlay-color":"","overlay-opacity":"","overlay-gradient":""},"mobile":{"background-color":"","background-image":"","background-repeat":"repeat","background-position":"center center","background-size":"auto","background-attachment":"scroll","background-type":"","background-media":"","overlay-type":"","overlay-color":"","overlay-opacity":"","overlay-gradient":""}},"ast-content-background-meta":{"desktop":{"background-color":"var(--ast-global-color-5)","background-image":"","background-repeat":"repeat","background-position":"center center","background-size":"auto","background-attachment":"scroll","background-type":"","background-media":"","overlay-type":"","overlay-color":"","overlay-opacity":"","overlay-gradient":""},"tablet":{"background-color":"var(--ast-global-color-5)","background-image":"","background-repeat":"repeat","background-position":"center center","background-size":"auto","background-attachment":"scroll","background-type":"","background-media":"","overlay-type":"","overlay-color":"","overlay-opacity":"","overlay-gradient":""},"mobile":{"background-color":"var(--ast-global-color-5)","background-image":"","background-repeat":"repeat","background-position":"center center","background-size":"auto","background-attachment":"scroll","background-type":"","background-media":"","overlay-type":"","overlay-color":"","overlay-opacity":"","overlay-gradient":""}},"footnotes":""},"categories":[8],"tags":[27984,1037,12322,27985],"class_list":["post-80712","post","type-post","status-publish","format-standard","has-post-thumbnail","hentry","category-noticias","tag-cempasuchil-nativo","tag-inah","tag-ofrendas","tag-teotihuacan"],"_links":{"self":[{"href":"https:\/\/losperiodistas.com.mx\/portal\/wp-json\/wp\/v2\/posts\/80712","targetHints":{"allow":["GET"]}}],"collection":[{"href":"https:\/\/losperiodistas.com.mx\/portal\/wp-json\/wp\/v2\/posts"}],"about":[{"href":"https:\/\/losperiodistas.com.mx\/portal\/wp-json\/wp\/v2\/types\/post"}],"author":[{"embeddable":true,"href":"https:\/\/losperiodistas.com.mx\/portal\/wp-json\/wp\/v2\/users\/1"}],"replies":[{"embeddable":true,"href":"https:\/\/losperiodistas.com.mx\/portal\/wp-json\/wp\/v2\/comments?post=80712"}],"version-history":[{"count":1,"href":"https:\/\/losperiodistas.com.mx\/portal\/wp-json\/wp\/v2\/posts\/80712\/revisions"}],"predecessor-version":[{"id":80720,"href":"https:\/\/losperiodistas.com.mx\/portal\/wp-json\/wp\/v2\/posts\/80712\/revisions\/80720"}],"wp:featuredmedia":[{"embeddable":true,"href":"https:\/\/losperiodistas.com.mx\/portal\/wp-json\/wp\/v2\/media\/80713"}],"wp:attachment":[{"href":"https:\/\/losperiodistas.com.mx\/portal\/wp-json\/wp\/v2\/media?parent=80712"}],"wp:term":[{"taxonomy":"category","embeddable":true,"href":"https:\/\/losperiodistas.com.mx\/portal\/wp-json\/wp\/v2\/categories?post=80712"},{"taxonomy":"post_tag","embeddable":true,"href":"https:\/\/losperiodistas.com.mx\/portal\/wp-json\/wp\/v2\/tags?post=80712"}],"curies":[{"name":"wp","href":"https:\/\/api.w.org\/{rel}","templated":true}]}}