{"id":80704,"date":"2024-07-24T20:14:17","date_gmt":"2024-07-25T01:14:17","guid":{"rendered":"http:\/\/losperiodistas.com.mx\/portal\/?p=80704"},"modified":"2024-07-24T20:14:19","modified_gmt":"2024-07-25T01:14:19","slug":"protestan-contra-visita-de-netanyahu-a-estados-unidos","status":"publish","type":"post","link":"https:\/\/losperiodistas.com.mx\/portal\/protestan-contra-visita-de-netanyahu-a-estados-unidos\/","title":{"rendered":"Protestan contra visita de Netanyahu a Estados Unidos: \u2018Es una verg\u00fcenza, deber\u00edan arrestarlo\u2019 | EF"},"content":{"rendered":"\n<p>Los estadounidenses dejaron claro al Congreso que no todos est\u00e1n de acuerdo en que se contin\u00fae con el financiamiento de lo que llamaron un \u2018genocidio\u2019 de parte de Israel.<\/p>\n\n\n\n<figure class=\"wp-block-image size-large\"><img fetchpriority=\"high\" decoding=\"async\" width=\"1024\" height=\"651\" src=\"https:\/\/losperiodistas.com.mx\/portal\/wp-content\/uploads\/2024\/07\/Captura-de-pantalla-2024-07-24-183611-1024x651.png\" alt=\"visita de Netanyahu a EU\" class=\"wp-image-80705\" srcset=\"https:\/\/losperiodistas.com.mx\/portal\/wp-content\/uploads\/2024\/07\/Captura-de-pantalla-2024-07-24-183611-1024x651.png 1024w, https:\/\/losperiodistas.com.mx\/portal\/wp-content\/uploads\/2024\/07\/Captura-de-pantalla-2024-07-24-183611-300x191.png 300w, https:\/\/losperiodistas.com.mx\/portal\/wp-content\/uploads\/2024\/07\/Captura-de-pantalla-2024-07-24-183611-768x488.png 768w, https:\/\/losperiodistas.com.mx\/portal\/wp-content\/uploads\/2024\/07\/Captura-de-pantalla-2024-07-24-183611.png 1083w\" sizes=\"(max-width: 1024px) 100vw, 1024px\" \/><figcaption>Los estadounidenses le dejaron claro a los legisladores que no todos est\u00e1n de acuerdo con los apoyos a Israel. (EFE)<\/figcaption><\/figure>\n\n\n\n<p class=\"has-vivid-red-color has-text-color\">Redacci\u00f3n \/ El Financiero<\/p>\n\n\n\n<p>Verg\u00fcenza. Esta fue una de las palabras que m\u00e1s se escuch\u00f3 este mi\u00e9rcoles en los actos de protesta organizados contra la visita del primer ministro de Israel, Benjam\u00edn Netanyahu, a Washington, que incluy\u00f3 <strong>una recepci\u00f3n con honores en el Congreso de Estados Unidos<\/strong> antes de su discurso a los legisladores.<\/p>\n\n\n\n<p>\u201cSon una verg\u00fcenza\u201d y Joe Biden, el presidente estadounidense,<strong> es \u201cuna verg\u00fcenza\u201d por \u201cdarle un visado en lugar de arrestvarlo\u201d<\/strong>, gritaron miles de manifestantes en uno de los actos m\u00e1s multitudinarios que se celebr\u00f3 a unos metros del Congreso, mientras el primer ministro israel\u00ed era aplaudido por la mayor\u00eda de los congresistas y \u00e9l les daba las gracias \u201cpor el apoyo y la solidaridad\u201d.<\/p>\n\n\n\n<p>El centro de la capital estadounidense se blind\u00f3 este mi\u00e9rcoles para proteger a Netanyahu y alrededor del Congreso se <strong>instalaron vallas, con centenares de polic\u00edas vigilando <\/strong>que ning\u00fan manifestante entrara en el per\u00edmetro.<\/p>\n\n\n\n<p>A\u00fan as\u00ed, miles de personas se reunieron en los alrededores del edificio en <strong>una marcha legal y autorizada para mandar un mensaje claro<\/strong>: no todo Estados Unidos est\u00e1 a favor de enviar ayuda a Israel.<\/p>\n\n\n\n<p>\u201cEse dinero que env\u00edan para matar gente es nuestro dinero, son nuestros impuestos, y deber\u00edamos tenerlo para los pobres en Estados Unidos, <strong>para el seguro m\u00e9dico y la educaci\u00f3n, no para financiar genocidios<\/strong>\u201d, apuntaba a <em>EFE<\/em> Saeed Moustafa, uno de los asistentes a la marcha, m\u00e9dico de 55 a\u00f1os originario de Egipto, quien lleva m\u00e1s de veinte a\u00f1os en Estados Unidos.<\/p>\n\n\n\n<p>A su lado, varias personas portaban carteles con fotograf\u00edas y nombres de ni\u00f1os: Aya Dahrouj, Arbel Siman, Batoul Mohammed Al Hassan&#8230; \u201cLo hacemos para dejarlos hablar un poco porque<strong> ni siquiera se han encontrado los cuerpos de muchos de estos ni\u00f1os<\/strong>, est\u00e1n en peligro de ser olvidados y tienen mucho que contar\u201d, relataba a <em>EFE<\/em> Alan Chorun, miembro de Jewish Voice for Peace North Jersey.<\/p>\n\n\n\n<p>Chorun siempre ha trabajado en cooperaci\u00f3n y fund\u00f3 una escuela en Sierra Leona, donde <strong>pudo ver las consecuencias a largo plazo<\/strong> de una guerra: \u201cse traspasan hasta a tres generaciones, lo he visto con mis propios ojos\u201d, afirmaba.<\/p>\n\n\n\n<p>Por el escenario instalado, coronado con una pancarta de \u201cPalestina Libre\u201d, desfilaron<strong> varios ponentes de las organizaciones<\/strong> que han organizado la marcha, entre ellas Palestinian Youth Movement o el Palestinian American Community Center (PACC) .<\/p>\n\n\n\n<p>Netanyahu, se escuchaba por megafon\u00eda, \u201ces un peligro para la regi\u00f3n,<strong> incluso para el propio pueblo israel\u00ed<\/strong> y es un peligro para los intereses nacionales estadounidenses y para la seguridad mundial\u201d.<\/p>\n\n\n\n<p>Otro ponente afirmaba que los manifestantes estaban \u201cpara arrestar (metaf\u00f3ricamente) <strong>a un criminal de guerra <\/strong>que lleva casi un a\u00f1o completo de genocidio activo\u201d.<\/p>\n\n\n\n<p>Netanyahu no fue el \u00fanico objetivo de las cr\u00edticas, pues muchos de los mensajes fueron contra el presidente estadounidense, Joe Biden, por su empe\u00f1o en que Estados Unidos, el pa\u00eds que m\u00e1s fondos env\u00eda a Israel, <strong>siga ayudando a la naci\u00f3n<\/strong>.<\/p>\n\n\n\n<p>\u201cRechazamos al genocida Joe y el apoyo del Gobierno estadounidense a esta monstruosidad\u201d, apuntaban desde el escenario. Si Trump gana en noviembre, a\u00f1ad\u00edan, <strong>el riesgo ser\u00e1 que el conflicto escale<\/strong> ya que \u201cpuede darle permiso para atacar a Ir\u00e1n\u201d.<\/p>\n\n\n\n<p>Tambi\u00e9n participaron en la protesta algunas figuras conocidas como la actriz Susan Sarandon o la candidata a la Presidencia por el minoritario Partido Verde, Jill Stein: \u201cEstoy para <strong>apoyar a la gente que entiende que este es el tema moral<\/strong> m\u00e1s importante de nuestra era y tenemos que acabar con el genocidio\u201d, afirmaba a <em>EFE<\/em>.<\/p>\n\n\n\n<p>La candidata aseguraba que es \u201cmuy f\u00e1cil\u201d acabar con el genocidio: \u201cEl presidente mismo, \u00e9l solo, puede hacerlo con una llamada, como lo hizo Ronald Reagan o Dwight Eisenhower\u201d. Como muchos de los manifestantes, Stein apunt\u00f3 como responsables de la uni\u00f3n Israel-Estados Unidos <strong>al poder que tiene el American Israel Public Affairs Committee <\/strong>(AIPAC).<\/p>\n\n\n\n<p>Este es un grupo de presi\u00f3n estadounidense que trabaja (y da donaciones) en el Congreso de los Estados Unidos y<strong> en la Casa Blanca en favor de mantener una estrecha relaci\u00f3n<\/strong> entre Israel y Estados Unidos.<\/p>\n\n\n\n<p>Netanyahu est\u00e1 en Washington invitado por los l\u00edderes del Congreso, el senador dem\u00f3crata Chuck Schumer y el republicano Mike Johnson, l\u00edder de la C\u00e1mara de Representantes. <strong>Ma\u00f1ana ser\u00e1 recibido en la Casa Blanca por Biden<\/strong> y por la vicepresidenta y posible candidata dem\u00f3crata, Kamala Harris.<\/p>\n","protected":false},"excerpt":{"rendered":"<p>Los estadounidenses dejaron claro al Congreso que no todos est\u00e1n de acuerdo en que se contin\u00fae con el financiamiento de lo que llamaron un \u2018genocidio\u2019 de parte de Israel.<\/p>\n","protected":false},"author":1,"featured_media":80705,"comment_status":"open","ping_status":"open","sticky":false,"template":"","format":"standard","meta":{"site-sidebar-layout":"default","site-content-layout":"","ast-site-content-layout":"default","site-content-style":"default","site-sidebar-style":"default","ast-global-header-display":"","ast-banner-title-visibility":"","ast-main-header-display":"","ast-hfb-above-header-display":"","ast-hfb-below-header-display":"","ast-hfb-mobile-header-display":"","site-post-title":"","ast-breadcrumbs-content":"","ast-featured-img":"","footer-sml-layout":"","theme-transparent-header-meta":"","adv-header-id-meta":"","stick-header-meta":"","header-above-stick-meta":"","header-main-stick-meta":"","header-below-stick-meta":"","astra-migrate-meta-layouts":"default","ast-page-background-enabled":"default","ast-page-background-meta":{"desktop":{"background-color":"var(--ast-global-color-4)","background-image":"","background-repeat":"repeat","background-position":"center center","background-size":"auto","background-attachment":"scroll","background-type":"","background-media":"","overlay-type":"","overlay-color":"","overlay-opacity":"","overlay-gradient":""},"tablet":{"background-color":"","background-image":"","background-repeat":"repeat","background-position":"center center","background-size":"auto","background-attachment":"scroll","background-type":"","background-media":"","overlay-type":"","overlay-color":"","overlay-opacity":"","overlay-gradient":""},"mobile":{"background-color":"","background-image":"","background-repeat":"repeat","background-position":"center center","background-size":"auto","background-attachment":"scroll","background-type":"","background-media":"","overlay-type":"","overlay-color":"","overlay-opacity":"","overlay-gradient":""}},"ast-content-background-meta":{"desktop":{"background-color":"var(--ast-global-color-5)","background-image":"","background-repeat":"repeat","background-position":"center center","background-size":"auto","background-attachment":"scroll","background-type":"","background-media":"","overlay-type":"","overlay-color":"","overlay-opacity":"","overlay-gradient":""},"tablet":{"background-color":"var(--ast-global-color-5)","background-image":"","background-repeat":"repeat","background-position":"center center","background-size":"auto","background-attachment":"scroll","background-type":"","background-media":"","overlay-type":"","overlay-color":"","overlay-opacity":"","overlay-gradient":""},"mobile":{"background-color":"var(--ast-global-color-5)","background-image":"","background-repeat":"repeat","background-position":"center center","background-size":"auto","background-attachment":"scroll","background-type":"","background-media":"","overlay-type":"","overlay-color":"","overlay-opacity":"","overlay-gradient":""}},"footnotes":""},"categories":[8],"tags":[2701,5742,1115,19659,25730],"class_list":["post-80704","post","type-post","status-publish","format-standard","has-post-thumbnail","hentry","category-noticias","tag-biden","tag-casa-blanca","tag-kamala-harris","tag-netanyahu","tag-washington"],"_links":{"self":[{"href":"https:\/\/losperiodistas.com.mx\/portal\/wp-json\/wp\/v2\/posts\/80704","targetHints":{"allow":["GET"]}}],"collection":[{"href":"https:\/\/losperiodistas.com.mx\/portal\/wp-json\/wp\/v2\/posts"}],"about":[{"href":"https:\/\/losperiodistas.com.mx\/portal\/wp-json\/wp\/v2\/types\/post"}],"author":[{"embeddable":true,"href":"https:\/\/losperiodistas.com.mx\/portal\/wp-json\/wp\/v2\/users\/1"}],"replies":[{"embeddable":true,"href":"https:\/\/losperiodistas.com.mx\/portal\/wp-json\/wp\/v2\/comments?post=80704"}],"version-history":[{"count":1,"href":"https:\/\/losperiodistas.com.mx\/portal\/wp-json\/wp\/v2\/posts\/80704\/revisions"}],"predecessor-version":[{"id":80706,"href":"https:\/\/losperiodistas.com.mx\/portal\/wp-json\/wp\/v2\/posts\/80704\/revisions\/80706"}],"wp:featuredmedia":[{"embeddable":true,"href":"https:\/\/losperiodistas.com.mx\/portal\/wp-json\/wp\/v2\/media\/80705"}],"wp:attachment":[{"href":"https:\/\/losperiodistas.com.mx\/portal\/wp-json\/wp\/v2\/media?parent=80704"}],"wp:term":[{"taxonomy":"category","embeddable":true,"href":"https:\/\/losperiodistas.com.mx\/portal\/wp-json\/wp\/v2\/categories?post=80704"},{"taxonomy":"post_tag","embeddable":true,"href":"https:\/\/losperiodistas.com.mx\/portal\/wp-json\/wp\/v2\/tags?post=80704"}],"curies":[{"name":"wp","href":"https:\/\/api.w.org\/{rel}","templated":true}]}}