{"id":80701,"date":"2024-07-24T19:32:54","date_gmt":"2024-07-25T00:32:54","guid":{"rendered":"http:\/\/losperiodistas.com.mx\/portal\/?p=80701"},"modified":"2024-07-24T19:32:57","modified_gmt":"2024-07-25T00:32:57","slug":"carteles-son-quienes-administran-mexico-trump","status":"publish","type":"post","link":"https:\/\/losperiodistas.com.mx\/portal\/carteles-son-quienes-administran-mexico-trump\/","title":{"rendered":"\u201cLos c\u00e1rteles son quienes administran M\u00e9xico, pueden quitar al presidente en dos minutos\u201d: Trump | El Pa\u00eds"},"content":{"rendered":"\n<p>El candidato republicano carga contra el pa\u00eds vecino en una entrevista con \u2018Fox News\u2019. La presidenta electa de M\u00e9xico, Claudia Sheinbaum, ha rechazado los se\u00f1alamientos de Trump<\/p>\n\n\n\n<figure class=\"wp-block-image size-large\"><img fetchpriority=\"high\" decoding=\"async\" width=\"1024\" height=\"636\" src=\"https:\/\/losperiodistas.com.mx\/portal\/wp-content\/uploads\/2024\/07\/Captura-de-pantalla-2024-07-24-182713-1024x636.png\" alt=\"Donald Trump en Waco\" class=\"wp-image-80702\" srcset=\"https:\/\/losperiodistas.com.mx\/portal\/wp-content\/uploads\/2024\/07\/Captura-de-pantalla-2024-07-24-182713-1024x636.png 1024w, https:\/\/losperiodistas.com.mx\/portal\/wp-content\/uploads\/2024\/07\/Captura-de-pantalla-2024-07-24-182713-300x186.png 300w, https:\/\/losperiodistas.com.mx\/portal\/wp-content\/uploads\/2024\/07\/Captura-de-pantalla-2024-07-24-182713-768x477.png 768w, https:\/\/losperiodistas.com.mx\/portal\/wp-content\/uploads\/2024\/07\/Captura-de-pantalla-2024-07-24-182713.png 1153w\" sizes=\"(max-width: 1024px) 100vw, 1024px\" \/><figcaption>Donald Trump durante un mitin en Waco, Texas.Brandon Bell (Getty Images)<\/figcaption><\/figure>\n\n\n\n<p class=\"has-vivid-red-color has-text-color\">Luis Pablo Beauregard \/ Georgina Zerega \/ El Pa\u00eds<\/p>\n\n\n\n<p>Donald Trump vuelve a cargar contra M\u00e9xico. \u201cEl problema es que est\u00e1 petrificado con los carteles, podr\u00edan quitar al presidente en dos minutos. Los c\u00e1rteles son los que administran M\u00e9xico\u201d, asegur\u00f3 el martes el aspirante a la presidencia en una entrevista con <em>Fox News<\/em>.<\/p>\n\n\n\n<p>El expresidente convers\u00f3 con la cadena conservadora acompa\u00f1ado por su candidato a la vicepresidencia, el senador por Ohio J.D. Vance. La dupla republicana ha lanzado el ataque mientras detallaban sus planes para hacer la mayor operaci\u00f3n de deportaciones de la historia de Estados Unidos.<\/p>\n\n\n\n<p><em>\u201dTenemos que sacar a gente muy mala de este pa\u00eds (&#8230;) Ser\u00e1 m\u00e1s dif\u00edcil que cuando lo hizo el presidente Dwight Eisenhower, entonces nadie se quej\u00f3 porque el pa\u00eds era muy diferente, pero no tenemos otra opci\u00f3n. Son asesinos, traficantes de drogas y de personas\u201d<\/em>, asegur\u00f3 Trump al periodista Jesse Watters, uno de los rostros m\u00e1s conocidos de la cadena ultraconservadora. \u201cHay que comenzar con los peores, antes de empezar a preguntarnos qu\u00e9 podemos o no hacer\u201d, complement\u00f3 Vance.<\/p>\n\n\n\n<p>Los comentarios del expresidente refuerzan una de sus promesas centrales de campa\u00f1a. Durante la convenci\u00f3n nacional republicana celebrada en Milwaukee, Wisconsin, los simpatizantes mostraban a las c\u00e1maras de televisi\u00f3n pancartas con la leyenda \u201cdeportaci\u00f3n masiva\u201d.<\/p>\n\n\n\n<p>El jueves, en el cuarto y \u00faltimo d\u00eda de la convenci\u00f3n, Trump subi\u00f3 al escenario a aceptar la nominaci\u00f3n y a confirmar que llevar\u00eda a cabo la mayor redada organizada por el Poder Ejecutivo estadounidense, adem\u00e1s de amenazar con cerrar la frontera con M\u00e9xico si vuelve a la Casa Blanca.<\/p>\n\n\n\n<p>Sus dichos no se limitaron a las deportaciones. Tambi\u00e9n critic\u00f3 la p\u00e9rdida de influencia del sector automotriz al permitir la instalaci\u00f3n de f\u00e1bricas de empresas chinas en M\u00e9xico. Esto a pesar de que no se han anunciado planes para que comiencen a operar nuevas plantas asi\u00e1ticas en el pa\u00eds vecino y principal socio comercial de Estados Unidos. Actualmente, solo una empresa, llamada JAC, opera en territorio mexicano. Los analistas aseguran que esta ha sido una \u201cclara exageraci\u00f3n\u201d del expresidente.<\/p>\n\n\n\n<p>Las palabras han sido suficientes para aumentar las fricciones con el Gobierno de Andr\u00e9s Manuel L\u00f3pez Obrador. El presidente mexicano ha desvelado este mi\u00e9rcoles la carta que mand\u00f3 a Trump, \u201csu querido amigo\u201d, despu\u00e9s de sus dichos en la convenci\u00f3n nacional republicana. \u201cEntiendo que usted est\u00e1 en campa\u00f1a y que no es, como algunos piensan, un obcecado.<\/p>\n\n\n\n<p>Considero importante se\u00f1alarle que es tan intensa y extendida nuestra actividad econ\u00f3mica entre nuestras naciones que cerrar la frontera ser\u00eda equivalente a convocar a una rebeli\u00f3n a ambos lados de la frontera, por los da\u00f1os que causar\u00eda a los pueblos, a la industria y al comercio\u201d, escribi\u00f3 L\u00f3pez Obrador. Al final de la misiva puso una post data que ley\u00f3 entre risas este mi\u00e9rcoles: \u201cOiga, todav\u00eda soy presidente de M\u00e9xico, porque dijo que ya no estaba yo\u201d, ley\u00f3. \u201cPor favor, amigo, no me mande a la chingada antes de tiempo\u201d.<\/p>\n\n\n\n<p>\u201cEn las campa\u00f1as hay mucha pasi\u00f3n, mucha ret\u00f3rica. Se habla en demas\u00eda\u201d, ha asegurado el presidente mexicano en su habitual conferencia de prensa diaria. L\u00f3pez Obrador se refer\u00eda al reciente anuncio del magnate Elon Musk, quien ha frenado los planes de instalar una planta de Tesla en el estado de Nuevo Le\u00f3n. De acuerdo al empresario, uno de los simpatizantes y donador de mayor perfil a la campa\u00f1a de Donald Trump, el futuro de la f\u00e1brica de veh\u00edculos el\u00e9ctricos se despejar\u00e1 una vez que pasen las elecciones presidenciales.<\/p>\n\n\n\n<p>\u201cEs una decisi\u00f3n que tom\u00f3 la empresa (&#8230;) sostienen que como el presidente Trump habl\u00f3 que no se iban a vender los coches que se producen en M\u00e9xico en EE UU quieren esperar a ver si esto no les afecta pasando la elecci\u00f3n\u201d, a\u00f1adi\u00f3 L\u00f3pez Obrador. El mandatario, sin embargo, calific\u00f3 de \u201cno serias\u201d las afirmaciones de Musk. \u201cLos costos de producci\u00f3n son muy altos, entonces les afectar\u00eda a sus consumidores si los coches los hicieran all\u00ed en Estados Unidos\u201d, ha asegurado.<\/p>\n\n\n\n<p>La presidenta electa de M\u00e9xico, Claudia Sheinbaum, mantuvo un tono m\u00e1s serio hacia las palabras de Trump. En una rueda de prensa, ha dicho no estar de acuerdo con la idea de que el pa\u00eds est\u00e1 petrificado por los c\u00e1rteles. \u201cM\u00e9xico ha avanzado en disminuci\u00f3n de la inseguridad y vamos a avanzar todav\u00eda m\u00e1s\u201d, ha asegurado.<\/p>\n\n\n\n<p>La futura mandataria ha reconocido que el expresidente marc\u00f3 su agenda este mi\u00e9rcoles, en que decidi\u00f3, a partir de los dichos del estadounidense, abrir su conferencia con gr\u00e1ficos sobre la percepci\u00f3n de la inseguridad. Consultada por la prensa, se ha comprometido a trabajar a la par de Estados Unidos para atajar el problema, pero \u201csiempre defendiendo la soberan\u00eda\u201d.<\/p>\n\n\n\n<p>Sheinbaum vendi\u00f3 durante toda la campa\u00f1a unas cifras supuestamente exitosas que obtuvo en contenci\u00f3n de la violencia durante su gesti\u00f3n en Ciudad de M\u00e9xico, entre 2018 y 2023. Pero uno de los brazos ejecutores de esa estrategia, el polic\u00eda Milton Morales, fue asesinado el pasado domingo por la espalda en el Estado de M\u00e9xico. Las autoridades investigan actualmente si detr\u00e1s del homicidio est\u00e1n alguno de los c\u00e1rteles de la droga.<\/p>\n\n\n\n<p>Fuente: <a href=\"https:\/\/elpais.com\/mexico\/2024-07-24\/donald-trump-los-carteles-son-quienes-administran-mexico-pueden-quitar-al-presidente-en-dos-minutos.html?event_log=go\" target=\"_blank\" rel=\"noreferrer noopener\">El Pa\u00eds<\/a><\/p>\n","protected":false},"excerpt":{"rendered":"<p>El candidato republicano carga contra el pa\u00eds vecino en una entrevista con \u2018Fox News\u2019. La presidenta electa de M\u00e9xico, Claudia Sheinbaum, ha rechazado los se\u00f1alamientos de Trump<\/p>\n","protected":false},"author":1,"featured_media":80702,"comment_status":"open","ping_status":"open","sticky":false,"template":"","format":"standard","meta":{"site-sidebar-layout":"default","site-content-layout":"","ast-site-content-layout":"default","site-content-style":"default","site-sidebar-style":"default","ast-global-header-display":"","ast-banner-title-visibility":"","ast-main-header-display":"","ast-hfb-above-header-display":"","ast-hfb-below-header-display":"","ast-hfb-mobile-header-display":"","site-post-title":"","ast-breadcrumbs-content":"","ast-featured-img":"","footer-sml-layout":"","theme-transparent-header-meta":"","adv-header-id-meta":"","stick-header-meta":"","header-above-stick-meta":"","header-main-stick-meta":"","header-below-stick-meta":"","astra-migrate-meta-layouts":"default","ast-page-background-enabled":"default","ast-page-background-meta":{"desktop":{"background-color":"var(--ast-global-color-4)","background-image":"","background-repeat":"repeat","background-position":"center center","background-size":"auto","background-attachment":"scroll","background-type":"","background-media":"","overlay-type":"","overlay-color":"","overlay-opacity":"","overlay-gradient":""},"tablet":{"background-color":"","background-image":"","background-repeat":"repeat","background-position":"center center","background-size":"auto","background-attachment":"scroll","background-type":"","background-media":"","overlay-type":"","overlay-color":"","overlay-opacity":"","overlay-gradient":""},"mobile":{"background-color":"","background-image":"","background-repeat":"repeat","background-position":"center center","background-size":"auto","background-attachment":"scroll","background-type":"","background-media":"","overlay-type":"","overlay-color":"","overlay-opacity":"","overlay-gradient":""}},"ast-content-background-meta":{"desktop":{"background-color":"var(--ast-global-color-5)","background-image":"","background-repeat":"repeat","background-position":"center center","background-size":"auto","background-attachment":"scroll","background-type":"","background-media":"","overlay-type":"","overlay-color":"","overlay-opacity":"","overlay-gradient":""},"tablet":{"background-color":"var(--ast-global-color-5)","background-image":"","background-repeat":"repeat","background-position":"center center","background-size":"auto","background-attachment":"scroll","background-type":"","background-media":"","overlay-type":"","overlay-color":"","overlay-opacity":"","overlay-gradient":""},"mobile":{"background-color":"var(--ast-global-color-5)","background-image":"","background-repeat":"repeat","background-position":"center center","background-size":"auto","background-attachment":"scroll","background-type":"","background-media":"","overlay-type":"","overlay-color":"","overlay-opacity":"","overlay-gradient":""}},"footnotes":""},"categories":[8],"tags":[16482,5742,27983,5257,27559],"class_list":["post-80701","post","type-post","status-publish","format-standard","has-post-thumbnail","hentry","category-noticias","tag-carteles-de-la-droga","tag-casa-blanca","tag-cierre-de-frontera","tag-donald-trump","tag-vance"],"_links":{"self":[{"href":"https:\/\/losperiodistas.com.mx\/portal\/wp-json\/wp\/v2\/posts\/80701","targetHints":{"allow":["GET"]}}],"collection":[{"href":"https:\/\/losperiodistas.com.mx\/portal\/wp-json\/wp\/v2\/posts"}],"about":[{"href":"https:\/\/losperiodistas.com.mx\/portal\/wp-json\/wp\/v2\/types\/post"}],"author":[{"embeddable":true,"href":"https:\/\/losperiodistas.com.mx\/portal\/wp-json\/wp\/v2\/users\/1"}],"replies":[{"embeddable":true,"href":"https:\/\/losperiodistas.com.mx\/portal\/wp-json\/wp\/v2\/comments?post=80701"}],"version-history":[{"count":1,"href":"https:\/\/losperiodistas.com.mx\/portal\/wp-json\/wp\/v2\/posts\/80701\/revisions"}],"predecessor-version":[{"id":80703,"href":"https:\/\/losperiodistas.com.mx\/portal\/wp-json\/wp\/v2\/posts\/80701\/revisions\/80703"}],"wp:featuredmedia":[{"embeddable":true,"href":"https:\/\/losperiodistas.com.mx\/portal\/wp-json\/wp\/v2\/media\/80702"}],"wp:attachment":[{"href":"https:\/\/losperiodistas.com.mx\/portal\/wp-json\/wp\/v2\/media?parent=80701"}],"wp:term":[{"taxonomy":"category","embeddable":true,"href":"https:\/\/losperiodistas.com.mx\/portal\/wp-json\/wp\/v2\/categories?post=80701"},{"taxonomy":"post_tag","embeddable":true,"href":"https:\/\/losperiodistas.com.mx\/portal\/wp-json\/wp\/v2\/tags?post=80701"}],"curies":[{"name":"wp","href":"https:\/\/api.w.org\/{rel}","templated":true}]}}