{"id":806,"date":"2020-11-03T06:11:28","date_gmt":"2020-11-03T12:11:28","guid":{"rendered":"http:\/\/losperiodistas.com.mx\/portal\/?p=806"},"modified":"2020-11-03T06:11:28","modified_gmt":"2020-11-03T12:11:28","slug":"estados-unidos-somete-a-plebiscito-la-ola-populista-mundial","status":"publish","type":"post","link":"https:\/\/losperiodistas.com.mx\/portal\/estados-unidos-somete-a-plebiscito-la-ola-populista-mundial\/","title":{"rendered":"Estados Unidos somete a plebiscito la ola populista mundial"},"content":{"rendered":"\n<p style=\"font-size:18px\"><em>Los votantes eligen entre el sello nacionalista de Donald Trump y la moderaci\u00f3n de Joe Biden<\/em><\/p>\n\n\n\n<p class=\"has-vivid-cyan-blue-color has-text-color has-medium-font-size\">AMANDA MARS\/ Washington\/ EL PA\u00cdS<\/p>\n\n\n\n<p>Con las elecciones presidenciales de este martes, Estados Unidos somete a plebiscito&nbsp;<a href=\"https:\/\/elpais.com\/internacional\/2019\/06\/07\/actualidad\/1559909244_063349.html\" target=\"_blank\" rel=\"noreferrer noopener\">la ola de populismo<\/a>&nbsp;que ha sacudido la pol\u00edtica a uno y otro lado del Atl\u00e1ntico en los \u00faltimos a\u00f1os. Una derrota contundente de Donald Trump supondr\u00eda un repudio al giro nacionalista y divisivo que ha experimentado el pa\u00eds, del mismo modo que su reelecci\u00f3n causar\u00eda conmoci\u00f3n en medio mundo. Su rival dem\u00f3crata y favorito en las encuestas, Joe Biden, encarna a un pol\u00edtico tradicional y moderado, un veterano ejemplar de ese&nbsp;<em>establishment<\/em>&nbsp;de Washington al que, con sus glorias y miserias, muchos a\u00f1oran.<\/p>\n\n\n\n<p>Los estadounidenses eligen algo m\u00e1s que a su l\u00edder de los pr\u00f3ximos cuatro a\u00f1os, escogen a la persona con la que salir de\u00a0<a rel=\"noreferrer noopener\" href=\"https:\/\/elpais.com\/internacional\/2020-06-20\/estados-unidos-tres-crisis-capitales-para-un-pais-en-llamas.html\" target=\"_blank\">la crisis econ\u00f3mica m\u00e1s grave desde la Gran Depresi\u00f3n de 1929<\/a>; la peor pandemia en un siglo y, tambi\u00e9n, deben superar una ola de tensiones raciales que no viv\u00edan desde la muerte de Martin Luther King. Para cuando abran las sedes electorales este martes, casi 100 millones de ellos habr\u00e1n votado ya de forma anticipada, un r\u00e9cord que apunta a una gran participaci\u00f3n y da muestra de ese convencimiento general de que, en efecto, este pa\u00eds de 330 millones de habitantes, del tama\u00f1o de un continente y la econom\u00eda de un gigante, se juega el futuro de varias generaciones.<\/p>\n\n\n\n<ul class=\"wp-block-list\"><li><a href=\"https:\/\/elpais.com\/elpais\/2020\/11\/01\/album\/1604246089_256167.html?rel=listapoyo\">Fotogaler\u00eda: Tan iguales y tan diferentes, as\u00ed son los seguidores de Biden y Trump<\/a><\/li><li><a href=\"https:\/\/elpais.com\/elpais\/2020\/10\/30\/album\/1604089420_714612.html?rel=listapoyo\">Fotogaler\u00eda: Biden y Trump, las mejores im\u00e1genes de la campa\u00f1a electoral<\/a><\/li><li><a href=\"https:\/\/elpais.com\/internacional\/elecciones-usa\/2020-11-02\/por-que-puede-que-no-sepamos-los-resultados-la-noche-electoral.html?rel=listapoyo\">\u00bfPor qu\u00e9 puede que no sepamos los resultados la noche electoral?<\/a><\/li><\/ul>\n\n\n\n<p>Varones, blancos y mayores. Trump, de 74 a\u00f1os, y Biden, de 77; resultan antag\u00f3nicos en todo lo dem\u00e1s. El actual presidente percibi\u00f3 el hartazgo de la clase trabajadora blanca, empobrecida y temerosa de la inmigraci\u00f3n, y gan\u00f3 las elecciones con la promesa de un renacer industrial, bajo la premisa de que un hombre de negocios sabr\u00eda dirigir el pa\u00eds mejor que la clase pol\u00edtica. El ascenso del populismo no comenz\u00f3 aquel 8 de noviembre de 2016. Para entonces, Francia ya hab\u00eda contemplado el auge de&nbsp;<a href=\"https:\/\/elpais.com\/noticias\/marine-le-pen\/\" target=\"_blank\" rel=\"noreferrer noopener\">un nuevo lepenismo&nbsp;<\/a>y el Reino Unido hab\u00eda votado a favor del Brexit. La victoria de Trump, sin embargo, ejerci\u00f3 de amplificador, alumbr\u00f3 una recua de imitadores y convirti\u00f3 a&nbsp;<a href=\"https:\/\/elpais.com\/internacional\/2019\/03\/24\/actualidad\/1553454729_290547.html\" target=\"_blank\" rel=\"noreferrer noopener\">personajes perif\u00e9ricos como Steve Bannon<\/a>&nbsp;en estrellas ultraconservadoras en Europa. Ahora, el populismo ha sufrido retrocesos en pa\u00edses como el Reino Unido, donde mengua el apoyo al Brexit; o en Alemania, con&nbsp;<a href=\"https:\/\/elpais.com\/internacional\/2020-08-30\/indignacion-en-alemania-por-el-intento-de-manifestantes-de-extrema-derecha-de-entrar-en-el-parlamento.html\" target=\"_blank\" rel=\"noreferrer noopener\">un frenazo de la extrema derecha<\/a>. Estados Unidos ofrece una nueva gran prueba de resistencia a los movimientos populistas. Si estos crecen ante el desgaste del poder, \u00bfc\u00f3mo navegan su propia erosi\u00f3n cuando se convierten en aparato de Gobierno?<\/p>\n\n\n\n<p>El propio Trump ha planteado la elecci\u00f3n como un plebiscito sobre su persona y su liderazgo. El Partido Republicano ni siquiera se ha molestado en aprobar una nueva plataforma, una suerte de principios y promesas que equivale a los programas electorales europeos que los partidos deliberan en su convenci\u00f3n del verano, cuando votan a sus candidatos presidenciales. Por primera vez, el Grand Old Party de Abraham Lincoln anunci\u00f3 que se limitaba a \u201crespaldar de forma entusiasta\u201d la agenda del presidente.<\/p>\n\n\n\n<figure class=\"wp-block-image\"><a href=\"https:\/\/elpais.com\/elpais\/2020\/11\/01\/album\/1604246089_256167.html\"><img decoding=\"async\" src=\"https:\/\/imagenes.elpais.com\/resizer\/pShrKO5Dv3-_m8FYRxrt05pSryY=\/1500x0\/cloudfront-eu-central-1.images.arcpublishing.com\/prisa\/5PJJEID2AAE5ZWBCCYSNVLZWWE.jpg\" alt=\"Dos mujeres sosteniendo carteles en apoyo a Joe Biden y Kamala Harris mientras se hacen una foto durante un mitin de los candidatos dem\u00f3cratas en Duluth (Georgia), el 24 de octubre.\"\/><\/a><figcaption>Dos mujeres sosteniendo carteles en apoyo a Joe Biden y Kamala Harris mientras se hacen una foto durante un mitin de los candidatos dem\u00f3cratas en Duluth (Georgia), el 24 de octubre.<\/figcaption><\/figure>\n\n\n\n<p>La pandemia ha arrebatado al magnate una de sus grandes bazas electorales, una econom\u00eda que iba viento en popa, con el nivel de desempleo m\u00e1s bajo en medio siglo y el ciclo expansivo m\u00e1s prolongado de la historia. La crisis sanitaria ha mostrado, adem\u00e1s, la versi\u00f3n m\u00e1s err\u00e1tica de Trump, decidido a&nbsp;<a href=\"https:\/\/elpais.com\/internacional\/elecciones-usa\/2020-10-06\/trump-se-encomienda-al-escepticismo-sobre-la-covid-en-la-recta-final-de-la-campana.html\" target=\"_blank\" rel=\"noreferrer noopener\">jugar el papel de antisistema desde el coraz\u00f3n del sistema<\/a>, declarando la guerra a las directrices de prevenci\u00f3n de su propio Gobierno. La media de sondeos nacionales le sit\u00faa a seis puntos y medio de distancia de Biden, seg\u00fan el sitio web de encuestas Real Clear Politics, una brecha amplia, pero que se ha estrechado en los \u00faltimos d\u00edas.<\/p>\n\n\n\n<h2 class=\"wp-block-heading\">Temor a disturbios<\/h2>\n\n\n\n<p>El presidente sigue abonado al mensaje&nbsp;<em>antiestablishment<\/em>&nbsp;\u2014\u00bbDerrocaremos a la clase pol\u00edtica fracasada y salvaremos el sue\u00f1o americano\u00bb, tuiteaba el lunes\u2014 y agita miedos ancestrales para tratar de movilizar a sus bases. Promete ley y orden ante las protestas contra el racismo y un escudo ante el comunismo. Alerta de que, con Biden, la econom\u00eda tardar\u00e1 m\u00e1s en abrir y caer\u00e1 en manos del socialismo autoritario.<\/p>\n\n\n\n<p>No est\u00e1 claro el efecto que pueda lograr esta advertencia m\u00e1s all\u00e1 de sus seguidores m\u00e1s fieles. La trayectoria moderada del vicepresidente de la era Obama,&nbsp;<a href=\"https:\/\/elpais.com\/ideas\/2020-10-30\/joe-biden-el-bombero-de-america.html\" target=\"_blank\" rel=\"noreferrer noopener\">elegido senador por primera vez en 1972<\/a>, es de sobra conocida y, aunque con el tiempo ha virado a la izquierda, como lo ha hecho el conjunto del Partido Dem\u00f3crata, forma parte de la corriente centrista. El sector m\u00e1s progresista asumi\u00f3 que el veterano pol\u00edtico concentraba el mayor n\u00famero de apoyo y decidi\u00f3 cerrar filas. Biden avisa de una subida de impuestos \u201ca los m\u00e1s ricos\u201d, al mismo tiempo que lanza gui\u00f1os a los propios votantes republicanos.<\/p>\n\n\n\n<figure class=\"wp-block-image\"><img decoding=\"async\" src=\"https:\/\/imagenes.elpais.com\/resizer\/b9oP2NwyrDLArf6IU55B2_QjDWM=\/1500x0\/cloudfront-eu-central-1.images.arcpublishing.com\/prisa\/RKTA6TQL65CERCUK34PJLN2RBY.jpg\" alt=\"\"\/><\/figure>\n\n\n\n<p><a href=\"javascript:void(0)\"><\/a>Joe Biden durante una campa\u00f1a en Pensilvania, en octubre de 2020. En v\u00eddeo, el perfil del candidato a la presidencia de los Estados Unidos.THE WASHINGTON POST | GETTY&nbsp;(V\u00cdDEO: V. FIGUEROA)<\/p>\n\n\n\n<p>Los dem\u00f3cratas buscan superar el trauma de 2016, cuando una candidata de manual como Hillary Clinton cay\u00f3 derrotada, en contra de los pron\u00f3sticos, ante un millonario sin ninguna experiencia pol\u00edtica, famoso por su papel de presentador ogro en un programa de telerrealidad,&nbsp;<em>El Aprendiz<\/em>.<\/p>\n\n\n\n<p>Como hizo en 2016, Trump vuelve a sembrar las dudas sobre el rigor del proceso, a alentar, sin base, las sospechas de fraude. La polarizaci\u00f3n pol\u00edtica se ha agravado y el pa\u00eds que siempre se ha enorgullecido de sus transiciones pac\u00edficas de poder, amaneci\u00f3 ayer tapiado y repleto de guardias de seguridad adicionales ante el temor a disturbios. El hombre que gane las elecciones asume las riendas de un pa\u00eds roto.<\/p>\n\n\n\n<p>Fuente: https:\/\/elpais.com\/internacional\/elecciones-usa\/2020-11-02\/estados-unidos-somete-a-plebiscito-la-ola-populista-mundial.html<\/p>\n","protected":false},"excerpt":{"rendered":"<p>Los votantes eligen entre el sello nacionalista de Donald Trump y la moderaci\u00f3n de Joe Biden AMANDA MARS\/ Washington\/ EL [&hellip;]<\/p>\n","protected":false},"author":1,"featured_media":807,"comment_status":"open","ping_status":"open","sticky":false,"template":"","format":"standard","meta":{"site-sidebar-layout":"default","site-content-layout":"","ast-site-content-layout":"default","site-content-style":"default","site-sidebar-style":"default","ast-global-header-display":"","ast-banner-title-visibility":"","ast-main-header-display":"","ast-hfb-above-header-display":"","ast-hfb-below-header-display":"","ast-hfb-mobile-header-display":"","site-post-title":"","ast-breadcrumbs-content":"","ast-featured-img":"","footer-sml-layout":"","theme-transparent-header-meta":"","adv-header-id-meta":"","stick-header-meta":"","header-above-stick-meta":"","header-main-stick-meta":"","header-below-stick-meta":"","astra-migrate-meta-layouts":"default","ast-page-background-enabled":"default","ast-page-background-meta":{"desktop":{"background-color":"var(--ast-global-color-4)","background-image":"","background-repeat":"repeat","background-position":"center center","background-size":"auto","background-attachment":"scroll","background-type":"","background-media":"","overlay-type":"","overlay-color":"","overlay-opacity":"","overlay-gradient":""},"tablet":{"background-color":"","background-image":"","background-repeat":"repeat","background-position":"center center","background-size":"auto","background-attachment":"scroll","background-type":"","background-media":"","overlay-type":"","overlay-color":"","overlay-opacity":"","overlay-gradient":""},"mobile":{"background-color":"","background-image":"","background-repeat":"repeat","background-position":"center center","background-size":"auto","background-attachment":"scroll","background-type":"","background-media":"","overlay-type":"","overlay-color":"","overlay-opacity":"","overlay-gradient":""}},"ast-content-background-meta":{"desktop":{"background-color":"var(--ast-global-color-5)","background-image":"","background-repeat":"repeat","background-position":"center center","background-size":"auto","background-attachment":"scroll","background-type":"","background-media":"","overlay-type":"","overlay-color":"","overlay-opacity":"","overlay-gradient":""},"tablet":{"background-color":"var(--ast-global-color-5)","background-image":"","background-repeat":"repeat","background-position":"center center","background-size":"auto","background-attachment":"scroll","background-type":"","background-media":"","overlay-type":"","overlay-color":"","overlay-opacity":"","overlay-gradient":""},"mobile":{"background-color":"var(--ast-global-color-5)","background-image":"","background-repeat":"repeat","background-position":"center center","background-size":"auto","background-attachment":"scroll","background-type":"","background-media":"","overlay-type":"","overlay-color":"","overlay-opacity":"","overlay-gradient":""}},"footnotes":""},"categories":[8],"tags":[],"class_list":["post-806","post","type-post","status-publish","format-standard","has-post-thumbnail","hentry","category-noticias"],"_links":{"self":[{"href":"https:\/\/losperiodistas.com.mx\/portal\/wp-json\/wp\/v2\/posts\/806","targetHints":{"allow":["GET"]}}],"collection":[{"href":"https:\/\/losperiodistas.com.mx\/portal\/wp-json\/wp\/v2\/posts"}],"about":[{"href":"https:\/\/losperiodistas.com.mx\/portal\/wp-json\/wp\/v2\/types\/post"}],"author":[{"embeddable":true,"href":"https:\/\/losperiodistas.com.mx\/portal\/wp-json\/wp\/v2\/users\/1"}],"replies":[{"embeddable":true,"href":"https:\/\/losperiodistas.com.mx\/portal\/wp-json\/wp\/v2\/comments?post=806"}],"version-history":[{"count":1,"href":"https:\/\/losperiodistas.com.mx\/portal\/wp-json\/wp\/v2\/posts\/806\/revisions"}],"predecessor-version":[{"id":808,"href":"https:\/\/losperiodistas.com.mx\/portal\/wp-json\/wp\/v2\/posts\/806\/revisions\/808"}],"wp:featuredmedia":[{"embeddable":true,"href":"https:\/\/losperiodistas.com.mx\/portal\/wp-json\/wp\/v2\/media\/807"}],"wp:attachment":[{"href":"https:\/\/losperiodistas.com.mx\/portal\/wp-json\/wp\/v2\/media?parent=806"}],"wp:term":[{"taxonomy":"category","embeddable":true,"href":"https:\/\/losperiodistas.com.mx\/portal\/wp-json\/wp\/v2\/categories?post=806"},{"taxonomy":"post_tag","embeddable":true,"href":"https:\/\/losperiodistas.com.mx\/portal\/wp-json\/wp\/v2\/tags?post=806"}],"curies":[{"name":"wp","href":"https:\/\/api.w.org\/{rel}","templated":true}]}}